{"id":468902,"date":"2025-10-17T02:28:22","date_gmt":"2025-10-17T02:28:22","guid":{"rendered":"https:\/\/www.europesays.com\/fr\/468902\/"},"modified":"2025-10-17T02:28:22","modified_gmt":"2025-10-17T02:28:22","slug":"brigitte-bardot-hospitalisee-depuis-trois-semaines-a-toulon-dans-le-cadre-dune-maladie-grave-2","status":"publish","type":"post","link":"https:\/\/www.europesays.com\/fr\/468902\/","title":{"rendered":"Brigitte Bardot hospitalis\u00e9e depuis trois semaines \u00e0 Toulon \u00ab\u00a0dans le cadre d&rsquo;une maladie grave\u00a0\u00bb"},"content":{"rendered":"<p>Brigitte Bardot a b\u00e2ti sa l\u00e9gende \u00e0 coups de films cultes, de glamour et d\u2019images grav\u00e9es dans la m\u00e9moire collective. Mais <a href=\"https:\/\/www.voici.fr\/celebrites\/une-existence-de-detresse-absolue-brigitte-bardot-revient-avec-douleur-sur-ses-tentatives-de-suicide-a-24-ans-812579\" rel=\"nofollow noopener\" target=\"_blank\">derri\u00e8re la star, se cachait une femme en grande souffrance.<\/a> <strong>Dans son nouvel ouvrage <\/strong><strong>Mon BBc\u00e9daire<\/strong><strong>, paru le 1er octobre 2025, l\u2019ic\u00f4ne de 91 ans est revenue sur l\u2019une des p\u00e9riodes les plus sombres de sa vie<\/strong>, celle o\u00f9 elle a tent\u00e9 de se suicider \u00e0 plusieurs reprises.<\/p>\n<p>\u00c0 la fin des ann\u00e9es 1950, sa carri\u00e8re explose avec des r\u00f4les marquants dans Et Dieu\u2026 cr\u00e9a la femme, H\u00e9l\u00e8ne de Troie ou encore En effeuillant la marguerite. L\u2019actrice fait alors r\u00eaver la plan\u00e8te enti\u00e8re. Pourtant, cette ascension fulgurante s\u2019accompagne d\u2019un profond mal-\u00eatre. \u00ab\u00a0Quand je faisais du cin\u00e9ma, ma vie ne correspondait pas \u00e0 l&rsquo;absolu que je recherchais. <strong>J&rsquo;ai m\u00eame fait, \u00e0 l&rsquo;\u00e9poque, plusieurs tentatives de suicide. Heureusement, j&rsquo;ai surv\u00e9cu\u00a0\u00bb<\/strong>, a-t-elle confi\u00e9 dans cet ouvrage intime.<\/p>\n<p>Comment Brigitte Bardot a trouv\u00e9 un sens \u00e0 sa vie apr\u00e8s des tentatives de suicide ?<\/p>\n<p><a href=\"https:\/\/www.voici.fr\/celebrites\/cest-affreux-brigitte-bardot-endeuillee-lactrice-pleure-la-mort-de-son-grand-frere-et-confident-dans-un-message-dechirant-810657\" rel=\"nofollow noopener\" target=\"_blank\">Ces \u00e9preuves ont marqu\u00e9 un tournant pour elle<\/a>. C&rsquo;est loin des plateaux de tournage et des flashs que Brigitte Bardot s&rsquo;est interrog\u00e9e sur le sens de sa vie. De cette r\u00e9flexion est n\u00e9 un engagement visc\u00e9ral : la d\u00e9fense animale. En 1986, elle fonde la Fondation Brigitte Bardot, un combat auquel elle consacre depuis toute son \u00e9nergie. <\/p>\n<p>\u00ab\u00a0En donnant ma vie aux animaux, ce sont eux qui m&rsquo;ont sauv\u00e9e.<a href=\"https:\/\/www.voici.fr\/news-people\/brigitte-bardot-en-guerre-a-90-ans-elle-se-livre-sur-le-dernier-combat-de-sa-vie-804264\" rel=\"nofollow noopener\" target=\"_blank\"> Ils ont donn\u00e9 un sens \u00e0 mon existence, <\/a>un sens tellement important qu&rsquo;il n&rsquo;a plus jamais \u00e9t\u00e9 question par la suite de mettre fin \u00e0 mes jours\u00a0\u00bb, a-t-elle expliqu\u00e9. Et d&rsquo;ajouter : <strong>\u00ab\u00a0Ils m\u2019ont apport\u00e9 la v\u00e9rit\u00e9, l&rsquo;amour vrai. Dans n&rsquo;importe quelle situation, ils sont pr\u00e9sents\u00a0\u00bb<\/strong><strong>.<\/strong><\/p>\n<p>Brigitte Bardot hospitalis\u00e9e \u00e0 Toulon pour une maladie grave ?<\/p>\n<p>Brigitte Bardot traverse actuellement une p\u00e9riode d\u00e9licate sur le plan de la sant\u00e9. L\u2019ic\u00f4ne du cin\u00e9ma fran\u00e7ais a \u00e9t\u00e9 contrainte de quitter sa demeure trop\u00e9zienne pour recevoir des soins m\u00e9dicaux. Une nouvelle qui inqui\u00e8te profond\u00e9ment ses admirateurs et les d\u00e9fenseurs de la cause animale\u2026 Selon les r\u00e9v\u00e9lations du quotidien <a href=\"https:\/\/www.nicematin.com\/culture\/brigitte-bardot-hospitalisee-a-toulon-10652805\" rel=\"nofollow noopener\" target=\"_blank\">Var Matin<\/a>, l<strong>a com\u00e9dienne de 91 ans est hospitalis\u00e9e depuis trois semaines \u00e0 l\u2019h\u00f4pital priv\u00e9 Saint-Jean, \u00e0 Toulon<\/strong>.<\/p>\n<p>L\u2019actrice, qui vit habituellement entour\u00e9e de ses animaux dans sa c\u00e9l\u00e8bre propri\u00e9t\u00e9 de La Madrague, a d\u00fb subir <strong>\u00ab\u00a0une intervention chirurgicale dans le cadre d\u2019une maladie grave\u00a0\u00bb<\/strong><strong>, <\/strong>rapporte le journal local. La situation est prise tr\u00e8s au s\u00e9rieux par l\u2019\u00e9quipe m\u00e9dicale, m\u00eame si <a href=\"https:\/\/www.voici.fr\/tele\/ca-va-tres-bien-amaigrie-brigitte-bardot-sort-du-silence-et-donne-des-nouvelles-rassurantes-sur-son-etat-de-sante-zaptv-804248\" rel=\"nofollow noopener\" target=\"_blank\">l\u2019\u00e9tat de sant\u00e9 de Brigitte Bardot<\/a> semble s\u2019\u00eatre stabilis\u00e9 ces derniers jours. Elle devrait d&rsquo;ailleurs pouvoir quitter l\u2019\u00e9tablissement dans le courant de la semaine, mais sa convalescence s\u2019annonce prudente et \u00e9troitement suivie.<\/p>\n","protected":false},"excerpt":{"rendered":"Brigitte Bardot a b\u00e2ti sa l\u00e9gende \u00e0 coups de films cultes, de glamour et d\u2019images grav\u00e9es dans la&hellip;\n","protected":false},"author":2,"featured_media":468903,"comment_status":"","ping_status":"","sticky":false,"template":"","format":"standard","meta":{"footnotes":""},"categories":[9619],"tags":[1111,11,20224,1777,674,1011,27,16448,59277,2003,226,12,882,25,8755,2310,59276],"class_list":{"0":"post-468902","1":"post","2":"type-post","3":"status-publish","4":"format-standard","5":"has-post-thumbnail","7":"category-toulon","8":"tag-actu","9":"tag-actualites","10":"tag-brigitte-bardot","11":"tag-eu","12":"tag-europe","13":"tag-fr","14":"tag-france","15":"tag-hospitalisation","16":"tag-hospitalisu00e9","17":"tag-livre","18":"tag-maladie","19":"tag-news","20":"tag-provence-alpes-cote-dazur","21":"tag-republique-francaise","22":"tag-santu00e9","23":"tag-toulon","24":"tag-u00e9tat-de-santu00e9"},"share_on_mastodon":{"url":"https:\/\/pubeurope.com\/@fr\/115387151719749460","error":""},"_links":{"self":[{"href":"https:\/\/www.europesays.com\/fr\/wp-json\/wp\/v2\/posts\/468902","targetHints":{"allow":["GET"]}}],"collection":[{"href":"https:\/\/www.europesays.com\/fr\/wp-json\/wp\/v2\/posts"}],"about":[{"href":"https:\/\/www.europesays.com\/fr\/wp-json\/wp\/v2\/types\/post"}],"author":[{"embeddable":true,"href":"https:\/\/www.europesays.com\/fr\/wp-json\/wp\/v2\/users\/2"}],"replies":[{"embeddable":true,"href":"https:\/\/www.europesays.com\/fr\/wp-json\/wp\/v2\/comments?post=468902"}],"version-history":[{"count":0,"href":"https:\/\/www.europesays.com\/fr\/wp-json\/wp\/v2\/posts\/468902\/revisions"}],"wp:featuredmedia":[{"embeddable":true,"href":"https:\/\/www.europesays.com\/fr\/wp-json\/wp\/v2\/media\/468903"}],"wp:attachment":[{"href":"https:\/\/www.europesays.com\/fr\/wp-json\/wp\/v2\/media?parent=468902"}],"wp:term":[{"taxonomy":"category","embeddable":true,"href":"https:\/\/www.europesays.com\/fr\/wp-json\/wp\/v2\/categories?post=468902"},{"taxonomy":"post_tag","embeddable":true,"href":"https:\/\/www.europesays.com\/fr\/wp-json\/wp\/v2\/tags?post=468902"}],"curies":[{"name":"wp","href":"https:\/\/api.w.org\/{rel}","templated":true}]}}