{"id":468904,"date":"2025-10-17T02:29:15","date_gmt":"2025-10-17T02:29:15","guid":{"rendered":"https:\/\/www.europesays.com\/fr\/468904\/"},"modified":"2025-10-17T02:29:15","modified_gmt":"2025-10-17T02:29:15","slug":"montpellier-reduit-la-place-de-la-publicite-en-ville","status":"publish","type":"post","link":"https:\/\/www.europesays.com\/fr\/468904\/","title":{"rendered":"Montpellier r\u00e9duit la place de la publicit\u00e9 en ville"},"content":{"rendered":"<p>            Par<br \/>\n        <strong><br \/>\n            <a href=\"https:\/\/actu.fr\/auteur\/c-nithard\" title=\"Consulter tous les articles de C\u00e9dric Nithard\" rel=\"nofollow noopener\" target=\"_blank\">C\u00e9dric Nithard<\/a><br \/>\n        <\/strong><\/p>\n<p>        Publi\u00e9 le<\/p>\n<p>            16 oct. 2025 \u00e0 13h34        <\/p>\n<p><strong>La Ville de Montpellier<\/strong> a adopt\u00e9 un nouveau contrat r\u00e9glementant la publicit\u00e9 dans l\u2019espace public. \u00ab\u00a0Moins 33% du nombre de panneaux, moins 50% de leur taille et moins 100% de panneaux num\u00e9riques. Nous avons r\u00e9duit fortement la publicit\u00e9\u00a0\u00bb r\u00e9sume l\u2019\u00e9lu en charge du dossier <strong>Bruno Paternot<\/strong>.<\/p>\n<p>Un nouveau cahier des charges<\/p>\n<p class=\" wall-content\">La Ville de Montpellier a proc\u00e9d\u00e9 en d\u00e9but d\u2019ann\u00e9e \u00e0 la n\u00e9gociation des contrats de publicit\u00e9 dans l\u2019espace public. Avec une premi\u00e8re modification. Quand auparavant il y avait trois types de contrat, d\u00e9sormais il n\u2019y en a plus qu\u2019un seul. \u00ab\u00a0Cette simplification nous a permis de revoir le cahier des charges\u00a0\u00bb explique Bruno Paternot en charge \u00e0 la M\u00e9tropole du R\u00e8glement Local de Publicit\u00e9 Intercommunal et \u00e0 la Ville de l\u2019Esth\u00e9tique lumineuse et ambiance sonore.<\/p>\n<p class=\" wall-content\">Ainsi, la publicit\u00e9 est d\u00e9sormais \u00e9loign\u00e9e \u00e0 150m des \u00e9coles, contre 50m avant, pour prot\u00e9ger les enfants. Le nombre de panneaux est r\u00e9duit d\u2019un tiers, leur taille diminue de 50% et leurs emplacements seront questionn\u00e9s pour v\u00e9rifier qu\u2019ils ne g\u00eanent pas le passage des poussettes et des fauteuils roulants. Les publicit\u00e9s sexistes ou faisant la promotion de la malbouffe et des alcools forts seront bannies. De plus, sur 100% des panneaux, il faudra que la face \u00ab accessoire \u00bb serve \u00e0 la publicit\u00e9 et que la face principale serve \u00e0 la collectivit\u00e9 pour informer et non vendre.<\/p>\n<p>Arr\u00eat des panneaux num\u00e9riques<\/p>\n<p class=\" wall-content\">Dans ce nouveau cahier des charges, le plus notable est certainement l\u2019arr\u00eat total des panneaux num\u00e9riques. \u00ab\u00a0Un panneau num\u00e9rique de deux m\u00e8tres carr\u00e9s consomme 7 000 kilowattheures (kWh) par an, ce qui est du m\u00eame ordre que la consommation annuelle d\u2019un foyer de trois personnes. C\u2019\u00e9tait le publicitaire qui payait et pas la collectivit\u00e9 mais cette d\u00e9pense c\u2019est la plan\u00e8te qui la prenait en charge. Maintenant nous l\u2019\u00e9vitons\u00a0\u00bb souligne Bruno Paternot. Un plan de d\u00e9montage est par ailleurs pr\u00e9vu d\u00e8s l\u2019application du contrat.<\/p>\n<p>Vid\u00e9os : en ce moment sur Actu<\/p>\n<p class=\" wall-content\">Un nouveau contrat prenant effet le 27 novembre 2025 pour une dur\u00e9e de 17 ans, soit jusqu\u2019au 26 novembre 2042, attribu\u00e9 \u00e0 la soci\u00e9t\u00e9 JC Decaux, d\u00e9j\u00e0 en charge du march\u00e9 et seul \u00e0 avoir r\u00e9pondu \u00e0 l\u2019appel d\u2019offres. Au total, le service porte sur l\u2019exploitation de 382 mobiliers urbains dont 288 mobiliers de 2m2, 66 mobiliers de 8m2, 18 colonnes porte-affiches et 10 mobiliers destine\u0301s aux ope\u0301rations e\u0301ve\u0301nementielles. Les grands panneaux 4\u00d73 disparaissent au passage du paysage.<\/p>\n<p class=\" wall-content\">Si Bruno Paternot s\u2019est f\u00e9licit\u00e9 d&rsquo;\u00a0\u00bbun contrat sans pr\u00e9judice financier pour la Mairie tout en augmentant la qualit\u00e9 de l\u2019environnement visuel ce qui r\u00e9duit la consommation et va vers un monde o\u00f9 on remplace la pub par des arbres\u00a0\u00bb, les \u00e9lues d\u2019opposition Coralie Mantion (Les \u00c9cologistes \/ Le Printemps Montpelli\u00e9rain) et Alenka Doulain (Groupe MUPES \/ Cause Commune) ont regrett\u00e9 que le choix n\u2019ait pas \u00e9t\u00e9 celui d\u2019une suppression totale de la publicit\u00e9 ou, pour cette derni\u00e8re, de la mise en place d\u2019une r\u00e9gie publique publicitaire \u00e0 Montpellier.<\/p>\n<p class=\" wall-content\">Personnalisez votre actualit\u00e9 en ajoutant vos villes et m\u00e9dias en favori avec <a href=\"https:\/\/moncompte.actu.fr\" title=\"D\u00e9couvez Mon Actu\" rel=\"nofollow noopener\" data-trk=\"{&quot;cta&quot;:{&quot;action&quot;:&quot;https:\\\/\\\/moncompte.actu.fr&quot;,&quot;category&quot;:&quot;mon compte&quot;,&quot;from&quot;:&quot;article footer&quot;,&quot;name&quot;:&quot;Mon actu&quot;,&quot;type&quot;:&quot;cta&quot;}}\" target=\"_blank\">Mon Actu<\/a>.<\/p>\n","protected":false},"excerpt":{"rendered":"Par C\u00e9dric Nithard Publi\u00e9 le 16 oct. 2025 \u00e0 13h34 La Ville de Montpellier a adopt\u00e9 un nouveau&hellip;\n","protected":false},"author":2,"featured_media":468905,"comment_status":"","ping_status":"","sticky":false,"template":"","format":"standard","meta":{"footnotes":""},"categories":[9599],"tags":[1111,11,436,1777,674,1011,27,2208,12,2680,25,104],"class_list":{"0":"post-468904","1":"post","2":"type-post","3":"status-publish","4":"format-standard","5":"has-post-thumbnail","7":"category-montpellier","8":"tag-actu","9":"tag-actualites","10":"tag-environnement","11":"tag-eu","12":"tag-europe","13":"tag-fr","14":"tag-france","15":"tag-montpellier","16":"tag-news","17":"tag-occitanie","18":"tag-republique-francaise","19":"tag-societe"},"share_on_mastodon":{"url":"https:\/\/pubeurope.com\/@fr\/115387155602374404","error":""},"_links":{"self":[{"href":"https:\/\/www.europesays.com\/fr\/wp-json\/wp\/v2\/posts\/468904","targetHints":{"allow":["GET"]}}],"collection":[{"href":"https:\/\/www.europesays.com\/fr\/wp-json\/wp\/v2\/posts"}],"about":[{"href":"https:\/\/www.europesays.com\/fr\/wp-json\/wp\/v2\/types\/post"}],"author":[{"embeddable":true,"href":"https:\/\/www.europesays.com\/fr\/wp-json\/wp\/v2\/users\/2"}],"replies":[{"embeddable":true,"href":"https:\/\/www.europesays.com\/fr\/wp-json\/wp\/v2\/comments?post=468904"}],"version-history":[{"count":0,"href":"https:\/\/www.europesays.com\/fr\/wp-json\/wp\/v2\/posts\/468904\/revisions"}],"wp:featuredmedia":[{"embeddable":true,"href":"https:\/\/www.europesays.com\/fr\/wp-json\/wp\/v2\/media\/468905"}],"wp:attachment":[{"href":"https:\/\/www.europesays.com\/fr\/wp-json\/wp\/v2\/media?parent=468904"}],"wp:term":[{"taxonomy":"category","embeddable":true,"href":"https:\/\/www.europesays.com\/fr\/wp-json\/wp\/v2\/categories?post=468904"},{"taxonomy":"post_tag","embeddable":true,"href":"https:\/\/www.europesays.com\/fr\/wp-json\/wp\/v2\/tags?post=468904"}],"curies":[{"name":"wp","href":"https:\/\/api.w.org\/{rel}","templated":true}]}}