{"id":468906,"date":"2025-10-17T02:30:13","date_gmt":"2025-10-17T02:30:13","guid":{"rendered":"https:\/\/www.europesays.com\/fr\/468906\/"},"modified":"2025-10-17T02:30:13","modified_gmt":"2025-10-17T02:30:13","slug":"previsions-du-vendredi-17-octobre-2025-14","status":"publish","type":"post","link":"https:\/\/www.europesays.com\/fr\/468906\/","title":{"rendered":"pr\u00e9visions du vendredi 17 octobre 2025"},"content":{"rendered":"<p class=\"mb-4 text-lg md:leading-8 break-words\"><strong>M\u00e9t\u00e9o &#8211; Le soleil sera dominant, la garantie d&rsquo;une belle journ\u00e9e ! Les temp\u00e9ratures seront de 16\u00b0C la matin\u00e9e et de 19\u00b0C l&rsquo;apr\u00e8s-midi&#8230;<\/strong><\/p>\n<p class=\"mb-4 text-lg md:leading-8 break-words\">Aujourd&rsquo;hui, les Montpelli\u00e9rains vont pouvoir b\u00e9n\u00e9ficier d&rsquo;un soleil magnifique. Le mercure affichera 16\u00b0C en moyenne. Un vent de nord-est soufflera l\u00e9g\u00e8rement dans la matin\u00e9e. Les temp\u00e9ratures seront de 17\u00b0C au minimum et de 20\u00b0C au maximum l&rsquo;apr\u00e8s-midi. La m\u00e9t\u00e9o devrait s&rsquo;am\u00e9liorer durant la soir\u00e9e. Les temp\u00e9ratures seront de 16\u00b0C. On pr\u00e9voit une nuit claire entre vendredi et samedi.<\/p>\n<p class=\"mb-4 text-lg md:leading-8 break-words\">Demain, un grand soleil rayonnera sur Montpellier. Les valeurs seront comprises entre 12 et 20\u00b0C. Le matin, une l\u00e9g\u00e8re brise de nord-est sera ressentie par les habitants. Les temp\u00e9ratures afficheront entre 16 et 20\u00b0C pendant l&rsquo;apr\u00e8s-midi. La ville profitera de quelques \u00e9claircies demain soir. Un vent de sud rafra\u00eechira un peu l&rsquo;atmosph\u00e8re.<\/p>\n<p class=\"mb-4 text-lg md:leading-8 break-words\">La m\u00e9t\u00e9o va se d\u00e9grader dans les journ\u00e9es qui suivent. Pr\u00e9voyez 18\u00b0C en moyenne qui accompagneront des journ\u00e9es pluvieuses.<\/p>\n<p class=\"mb-4 text-lg md:leading-8 break-words\"><a href=\"https:\/\/www.20minutes.fr\/planete\/previsions-meteo\/4179876-20251017-meteo-montpellier-previsions-vendredi-17-octobre-2025?at_medium=RSS%20feed&amp;at_campaign=ynews&amp;utm_source=yahoo&amp;utm_medium=rss&amp;utm_campaign=news_feed&amp;utm_content=read_more_link&quot;\" rel=\"nofollow noopener\" target=\"_blank\" data-ylk=\"slk:Lire la suite sur 20minutes;elm:context_link;itc:0;sec:content-canvas\" class=\"link \">Lire la suite sur 20minutes<\/a><\/p>\n","protected":false},"excerpt":{"rendered":"M\u00e9t\u00e9o &#8211; Le soleil sera dominant, la garantie d&rsquo;une belle journ\u00e9e ! Les temp\u00e9ratures seront de 16\u00b0C la&hellip;\n","protected":false},"author":2,"featured_media":468907,"comment_status":"","ping_status":"","sticky":false,"template":"","format":"standard","meta":{"footnotes":""},"categories":[9599],"tags":[1111,11,28358,1777,674,1011,27,51394,56028,44166,2487,2208,12,2680,25],"class_list":{"0":"post-468906","1":"post","2":"type-post","3":"status-publish","4":"format-standard","5":"has-post-thumbnail","7":"category-montpellier","8":"tag-actu","9":"tag-actualites","10":"tag-belle-journee","11":"tag-eu","12":"tag-europe","13":"tag-fr","14":"tag-france","15":"tag-la-matinee","16":"tag-la-meteo","17":"tag-le-matin","18":"tag-meteo","19":"tag-montpellier","20":"tag-news","21":"tag-occitanie","22":"tag-republique-francaise"},"share_on_mastodon":{"url":"https:\/\/pubeurope.com\/@fr\/115387159558581907","error":""},"_links":{"self":[{"href":"https:\/\/www.europesays.com\/fr\/wp-json\/wp\/v2\/posts\/468906","targetHints":{"allow":["GET"]}}],"collection":[{"href":"https:\/\/www.europesays.com\/fr\/wp-json\/wp\/v2\/posts"}],"about":[{"href":"https:\/\/www.europesays.com\/fr\/wp-json\/wp\/v2\/types\/post"}],"author":[{"embeddable":true,"href":"https:\/\/www.europesays.com\/fr\/wp-json\/wp\/v2\/users\/2"}],"replies":[{"embeddable":true,"href":"https:\/\/www.europesays.com\/fr\/wp-json\/wp\/v2\/comments?post=468906"}],"version-history":[{"count":0,"href":"https:\/\/www.europesays.com\/fr\/wp-json\/wp\/v2\/posts\/468906\/revisions"}],"wp:featuredmedia":[{"embeddable":true,"href":"https:\/\/www.europesays.com\/fr\/wp-json\/wp\/v2\/media\/468907"}],"wp:attachment":[{"href":"https:\/\/www.europesays.com\/fr\/wp-json\/wp\/v2\/media?parent=468906"}],"wp:term":[{"taxonomy":"category","embeddable":true,"href":"https:\/\/www.europesays.com\/fr\/wp-json\/wp\/v2\/categories?post=468906"},{"taxonomy":"post_tag","embeddable":true,"href":"https:\/\/www.europesays.com\/fr\/wp-json\/wp\/v2\/tags?post=468906"}],"curies":[{"name":"wp","href":"https:\/\/api.w.org\/{rel}","templated":true}]}}