{"id":46891,"date":"2025-04-23T15:29:08","date_gmt":"2025-04-23T15:29:08","guid":{"rendered":"https:\/\/www.europesays.com\/fr\/46891\/"},"modified":"2025-04-23T15:29:08","modified_gmt":"2025-04-23T15:29:08","slug":"le-ministre-de-linterieur-bruno-retailleau-attendu-a-marseille-voici-pourquoi","status":"publish","type":"post","link":"https:\/\/www.europesays.com\/fr\/46891\/","title":{"rendered":"Le ministre de l&rsquo;Int\u00e9rieur Bruno Retailleau attendu \u00e0 Marseille : voici pourquoi"},"content":{"rendered":"<p>            Par<br \/>\n        <strong><br \/>\n            <a href=\"https:\/\/actu.fr\/auteur\/fabien-binacchi\" title=\"Consulter tous les articles de Fabien Binacchi\" rel=\"nofollow noopener\" target=\"_blank\">Fabien Binacchi<\/a><br \/>\n        <\/strong><\/p>\n<p>        Publi\u00e9 le<\/p>\n<p>            23 avr. 2025 \u00e0 17h17        <\/p>\n<p>Il est attendu <strong>d\u00e8s 8h.<\/strong> Bruno Retailleau est en visite \u00e0 <a href=\"https:\/\/actu.fr\/marseille\/\" rel=\"nofollow noopener\" target=\"_blank\">Marseille<\/a> ce jeudi 24\u00a0avril 2025, toute la matin\u00e9e, selon une note transmise par son minist\u00e8re de l\u2019Int\u00e9rieur.<\/p>\n<p class=\" wall-content\">Voici <strong>son programme<\/strong> dans la cit\u00e9 phoc\u00e9enne.<\/p>\n<p>\u00ab\u2009S\u00e9quence terrain\u2009\u00bb<\/p>\n<p class=\" wall-content\">Le ministre de l\u2019Int\u00e9rieur Bruno Retailleau sera dans la cit\u00e9 phoc\u00e9enne ce jeudi 24\u00a0avril, en commen\u00e7ant par une visite et une conf\u00e9rence de presse <strong>tr\u00e8s ax\u00e9es sur la s\u00e9curit\u00e9.<\/strong><\/p>\n<p class=\" wall-content\">Apr\u00e8s une \u00ab\u2009s\u00e9quence terrain\u2009\u00bb sur un <strong>\u00ab\u2009dispositif de s\u00e9curisation renforc\u00e9e\u2009\u00bb<\/strong>, selon son minist\u00e8re, il fera le bilan, au c\u00f4t\u00e9 du pr\u00e9fet de police et des Bouches-du-Rh\u00f4ne, de l\u2019op\u00e9ration XXL men\u00e9e ce mercredi 23\u00a0avril avec de nombreuses forces de l\u2019ordre.<\/p>\n<p>\u00ab\u2009Restauration de la s\u00e9curit\u00e9\u2009\u00bb<\/p>\n<p class=\" wall-content\">Comme le relatait actu Marseille dans la matin\u00e9e, une \u00ab\u2009op\u00e9ration massive de restauration de la s\u00e9curit\u00e9 du quotidien\u2009\u00bb, nomm\u00e9e <strong>\u00ab\u2009Jumbo\u2009\u00bb<\/strong> et men\u00e9e sur instruction du ministre avec <strong>le renfort de sept compagnies de CRS<\/strong>, a mobilis\u00e9 des moyens importants.<\/p>\n<p>Vid\u00e9os : en ce moment sur Actu<\/p>\n<p class=\" wall-content\">Elle a \u00e9t\u00e9 tr\u00e8s largement relay\u00e9e sur les r\u00e9seaux sociaux par les autorit\u00e9s.<\/p>\n<p class=\" wall-content\">\n<p class=\" wall-content\">\u00ab\u2009De grands contr\u00f4les sont men\u00e9s simultan\u00e9ment dans les rues, les commerces, les transports, les grands axes routiers\u2009\u00bb \u00e0 Marseille et dans tout le d\u00e9partement avec <strong>\u00ab\u2009pr\u00e8s de 1\u2009000 policiers, gendarmes, CRS, douaniers, agents des services de l\u2019\u00c9tat\u2009\u00bb, <\/strong>indiquait la pr\u00e9fecture de police, dans un post, sur X.<\/p>\n<p>Comm\u00e9moration du g\u00e9nocide Arm\u00e9nien<\/p>\n<p class=\" wall-content\">Dans l\u2019apr\u00e8s-midi, changement de d\u00e9cor. Bruno Retailleau est attendu dans l\u2019est de la cit\u00e9 phoc\u00e9enne, et plus pr\u00e9cis\u00e9ment dans le <strong>12e arrondissement<\/strong> de la ville.<\/p>\n<p class=\" wall-content\">Il participera aux c\u00f4t\u00e9s des \u00e9lus de Marseille \u00e0 la C\u00e9r\u00e9monie de comm\u00e9moration du g\u00e9nocide Arm\u00e9nien pendant laquelle il donnera une allocution.<\/p>\n<p class=\" wall-content\">Suivez toute l\u2019actualit\u00e9 de vos villes et m\u00e9dias favoris en vous inscrivant \u00e0 <a href=\"https:\/\/moncompte.actu.fr\" title=\"D\u00e9couvez Mon Actu\" rel=\"nofollow noopener\" data-trk=\"{&quot;cta&quot;:{&quot;action&quot;:&quot;https:\\\/\\\/moncompte.actu.fr&quot;,&quot;category&quot;:&quot;mon compte&quot;,&quot;from&quot;:&quot;article footer&quot;,&quot;name&quot;:&quot;Mon actu&quot;,&quot;type&quot;:&quot;cta&quot;}}\" target=\"_blank\">Mon Actu<\/a>.<\/p>\n","protected":false},"excerpt":{"rendered":"Par Fabien Binacchi Publi\u00e9 le 23 avr. 2025 \u00e0 17h17 Il est attendu d\u00e8s 8h. Bruno Retailleau est&hellip;\n","protected":false},"author":2,"featured_media":46892,"comment_status":"","ping_status":"","sticky":false,"template":"","format":"standard","meta":{"footnotes":""},"categories":[2814],"tags":[1111,11,1777,674,1011,27,3381,884,12,1072,882,25,104],"class_list":{"0":"post-46891","1":"post","2":"type-post","3":"status-publish","4":"format-standard","5":"has-post-thumbnail","7":"category-marseille","8":"tag-actu","9":"tag-actualites","10":"tag-eu","11":"tag-europe","12":"tag-fr","13":"tag-france","14":"tag-gendarmerie","15":"tag-marseille","16":"tag-news","17":"tag-police","18":"tag-provence-alpes-cote-dazur","19":"tag-republique-francaise","20":"tag-societe"},"share_on_mastodon":{"url":"https:\/\/pubeurope.com\/@fr\/114387993522388473","error":""},"_links":{"self":[{"href":"https:\/\/www.europesays.com\/fr\/wp-json\/wp\/v2\/posts\/46891","targetHints":{"allow":["GET"]}}],"collection":[{"href":"https:\/\/www.europesays.com\/fr\/wp-json\/wp\/v2\/posts"}],"about":[{"href":"https:\/\/www.europesays.com\/fr\/wp-json\/wp\/v2\/types\/post"}],"author":[{"embeddable":true,"href":"https:\/\/www.europesays.com\/fr\/wp-json\/wp\/v2\/users\/2"}],"replies":[{"embeddable":true,"href":"https:\/\/www.europesays.com\/fr\/wp-json\/wp\/v2\/comments?post=46891"}],"version-history":[{"count":0,"href":"https:\/\/www.europesays.com\/fr\/wp-json\/wp\/v2\/posts\/46891\/revisions"}],"wp:featuredmedia":[{"embeddable":true,"href":"https:\/\/www.europesays.com\/fr\/wp-json\/wp\/v2\/media\/46892"}],"wp:attachment":[{"href":"https:\/\/www.europesays.com\/fr\/wp-json\/wp\/v2\/media?parent=46891"}],"wp:term":[{"taxonomy":"category","embeddable":true,"href":"https:\/\/www.europesays.com\/fr\/wp-json\/wp\/v2\/categories?post=46891"},{"taxonomy":"post_tag","embeddable":true,"href":"https:\/\/www.europesays.com\/fr\/wp-json\/wp\/v2\/tags?post=46891"}],"curies":[{"name":"wp","href":"https:\/\/api.w.org\/{rel}","templated":true}]}}