{"id":468912,"date":"2025-10-17T02:33:42","date_gmt":"2025-10-17T02:33:42","guid":{"rendered":"https:\/\/www.europesays.com\/fr\/468912\/"},"modified":"2025-10-17T02:33:42","modified_gmt":"2025-10-17T02:33:42","slug":"une-operation-de-police-massive-les-deloge","status":"publish","type":"post","link":"https:\/\/www.europesays.com\/fr\/468912\/","title":{"rendered":"une op\u00e9ration de police massive les d\u00e9loge"},"content":{"rendered":"<p>            Par<br \/>\n        <strong><br \/>\n            <a href=\"https:\/\/actu.fr\/auteur\/redaction-grenoble\" title=\"Consulter tous les articles de R\u00e9daction Grenoble\" target=\"_blank\" rel=\"noopener\">R\u00e9daction Grenoble<\/a><br \/>\n        <\/strong><\/p>\n<p>        Publi\u00e9 le<\/p>\n<p>            15 oct. 2025 \u00e0 16h26        <\/p>\n<p>L\u2019op\u00e9ration d\u2019ampleur a d\u00e9marr\u00e9 au petit matin, mercredi 15 octobre \u00e0 <a href=\"https:\/\/actu.fr\/auvergne-rhone-alpes\/grenoble_38185\" target=\"_blank\" rel=\"noopener\">Grenoble<\/a>, dans le quartier Mistral. Environ <strong>400 policiers ont \u00e9t\u00e9 mobilis\u00e9s<\/strong> pour une <a href=\"https:\/\/actu.fr\/auvergne-rhone-alpes\/grenoble_38185\/grenoble-la-police-boucle-entierement-ce-quartier-ce-qu-il-se-passe_63300972.html\" target=\"_blank\" rel=\"noopener\">intervention contre les trafiquants de drogue<\/a> install\u00e9s dans le quartier<\/p>\n<p class=\" wall-content\">Des enqu\u00eateurs, des agents de voie publique, des douanes et de la police aux fronti\u00e8res, ainsi que des CRS, ont particip\u00e9 \u00e0 cette <strong>op\u00e9ration \u00ab\u00a0atypique\u00a0\u00bb<\/strong> visant une tour d\u2019habitation tomb\u00e9e sous la coupe des dealers, d\u00e9taille la pr\u00e9f\u00e8te de l\u2019Is\u00e8re, Catherine Seguin.<\/p>\n<p>\u00ab\u00a0Nous avons repris possession de cet immeuble\u00a0\u00bb<\/p>\n<p class=\" wall-content\">Bilan de l\u2019op\u00e9ration : <strong>quatre interpellations<\/strong> et 11 kilos de stup\u00e9fiants retrouv\u00e9s saisis, ainsi que 10 000 \u20ac, une arme et des munitions, pr\u00e9cise le procureur de la R\u00e9publique de Grenoble, <a href=\"https:\/\/actu.fr\/auvergne-rhone-alpes\/grenoble_38185\/grenoble-qui-est-le-nouveau-procureur-de-la-republique-de-grenoble-tout-juste-nomme_62495537.html\" target=\"_blank\" rel=\"noopener\">\u00c9tienne Manteaux<\/a>.<\/p>\n<p class=\" wall-content\">\u00ab\u00a0Nous avons repris possession de cet immeuble avec des constats (\u2026) qui laissent pantois sur la capacit\u00e9 des narcotrafiquants, si on ne les stoppe pas, \u00e0 \u00eatre dans une toute-puissance\u00a0\u00bb, continue le magistrat.<\/p>\n<p class=\" wall-content\">Sur les 64 appartements de l\u2019immeuble, 24 \u00e9taient vacants et \u00ab\u00a0avaient \u00e9t\u00e9 <strong>litt\u00e9ralement soud\u00e9s<\/strong> par les trafiquants\u00a0\u00bb, explique la pr\u00e9f\u00e8te. \u00ab\u00a0Il a fallu intervenir \u00e0 la disqueuse pour pouvoir r\u00e9tablir l\u2019acc\u00e8s et restituer ces appartements aux bailleurs.\u00a0\u00bb<\/p>\n<p>Adresser \u00ab\u00a0un message aux trafiquants\u00a0\u00bb<\/p>\n<p class=\" wall-content\">Cette op\u00e9ration de police \u00e9tait d\u2019autant plus n\u00e9cessaire qu\u2019au cours des derniers mois, des <strong>locataires ont \u00e9t\u00e9 \u00ab\u00a0contraints de quitter leur logement<\/strong> pour \u00e9chapper aux menaces, aux intimidations et \u00e0 cette occupation n\u00e9gative de l\u2019espace des communs et cages d\u2019escaliers\u00a0\u00bb par les trafiquants, poursuit Catherine Seguin.<\/p>\n<p class=\" wall-content\">Les policiers vont <strong>rester pr\u00e9sents les prochains jours<\/strong> sur le quartier Mistral pour adresser un \u00ab\u00a0signal aux habitants\u00a0\u00bb et \u00ab\u00a0un message aux trafiquants : l\u2019espace public ne leur appartient pas\u00a0\u00bb.<\/p>\n<p>Votre r\u00e9gion, votre actu !<\/p>\n<p>Recevez chaque jour les infos qui comptent pour vous.<\/p>\n<p>\t<a href=\"https:\/\/actu.fr\/newsletter\" class=\"ac-btn ac-btn--corner ac-btn--medium ac-btn--blue800\" target=\"_blank\" rel=\"noopener\">S&rsquo;incrire<\/a><\/p>\n<p class=\" wall-content\">Grenoble et sa banlieue sont particuli\u00e8rement affect\u00e9es par le trafic de drogue, qui occasionne fr\u00e9quemment des <a href=\"https:\/\/actu.fr\/auvergne-rhone-alpes\/grenoble_38185\/grenoble-en-pleine-guerre-des-gangs-des-tirs-quasi-quotidiens-la-peur-des-habitants_61888839.html\" target=\"_blank\" rel=\"noopener\">violences par armes \u00e0 feu<\/a>. La ville voisine d\u2019\u00c9chirolles a ainsi d\u00fb fermer en septembre 2024 <a href=\"https:\/\/actu.fr\/auvergne-rhone-alpes\/echirolles_38151\/echirolles-les-habitants-de-cet-immeuble-gangrene-par-le-trafic-de-drogue-evacues-d-urgence_61642790.html\" target=\"_blank\" rel=\"noopener\">l\u2019immeuble du Carrare<\/a>, qui abritait un point de deal tr\u00e8s lucratif, et \u00e9vacuer tous ses habitants.<\/p>\n<p class=\" wall-content\"><strong>Avec AFP<\/strong><\/p>\n<p class=\" wall-content\">Personnalisez votre actualit\u00e9 en ajoutant vos villes et m\u00e9dias en favori avec <a href=\"https:\/\/moncompte.actu.fr\" title=\"D\u00e9couvez Mon Actu\" rel=\"nofollow noopener\" data-trk=\"{&quot;cta&quot;:{&quot;action&quot;:&quot;https:\\\/\\\/moncompte.actu.fr&quot;,&quot;category&quot;:&quot;mon compte&quot;,&quot;from&quot;:&quot;article footer&quot;,&quot;name&quot;:&quot;Mon actu&quot;,&quot;type&quot;:&quot;cta&quot;}}\" target=\"_blank\">Mon Actu<\/a>.<\/p>\n","protected":false},"excerpt":{"rendered":"Par R\u00e9daction Grenoble Publi\u00e9 le 15 oct. 2025 \u00e0 16h26 L\u2019op\u00e9ration d\u2019ampleur a d\u00e9marr\u00e9 au petit matin, mercredi&hellip;\n","protected":false},"author":2,"featured_media":468913,"comment_status":"","ping_status":"","sticky":false,"template":"","format":"standard","meta":{"footnotes":""},"categories":[9566],"tags":[1111,11,2430,1777,674,118,1011,27,2731,303,813,12,1072,25],"class_list":{"0":"post-468912","1":"post","2":"type-post","3":"status-publish","4":"format-standard","5":"has-post-thumbnail","7":"category-grenoble","8":"tag-actu","9":"tag-actualites","10":"tag-auvergne-rhone-alpes","11":"tag-eu","12":"tag-europe","13":"tag-faits-divers","14":"tag-fr","15":"tag-france","16":"tag-grenoble","17":"tag-justice","18":"tag-narcotrafiquants","19":"tag-news","20":"tag-police","21":"tag-republique-francaise"},"share_on_mastodon":{"url":"https:\/\/pubeurope.com\/@fr\/115387172819965667","error":""},"_links":{"self":[{"href":"https:\/\/www.europesays.com\/fr\/wp-json\/wp\/v2\/posts\/468912","targetHints":{"allow":["GET"]}}],"collection":[{"href":"https:\/\/www.europesays.com\/fr\/wp-json\/wp\/v2\/posts"}],"about":[{"href":"https:\/\/www.europesays.com\/fr\/wp-json\/wp\/v2\/types\/post"}],"author":[{"embeddable":true,"href":"https:\/\/www.europesays.com\/fr\/wp-json\/wp\/v2\/users\/2"}],"replies":[{"embeddable":true,"href":"https:\/\/www.europesays.com\/fr\/wp-json\/wp\/v2\/comments?post=468912"}],"version-history":[{"count":0,"href":"https:\/\/www.europesays.com\/fr\/wp-json\/wp\/v2\/posts\/468912\/revisions"}],"wp:featuredmedia":[{"embeddable":true,"href":"https:\/\/www.europesays.com\/fr\/wp-json\/wp\/v2\/media\/468913"}],"wp:attachment":[{"href":"https:\/\/www.europesays.com\/fr\/wp-json\/wp\/v2\/media?parent=468912"}],"wp:term":[{"taxonomy":"category","embeddable":true,"href":"https:\/\/www.europesays.com\/fr\/wp-json\/wp\/v2\/categories?post=468912"},{"taxonomy":"post_tag","embeddable":true,"href":"https:\/\/www.europesays.com\/fr\/wp-json\/wp\/v2\/tags?post=468912"}],"curies":[{"name":"wp","href":"https:\/\/api.w.org\/{rel}","templated":true}]}}