{"id":468914,"date":"2025-10-17T02:34:13","date_gmt":"2025-10-17T02:34:13","guid":{"rendered":"https:\/\/www.europesays.com\/fr\/468914\/"},"modified":"2025-10-17T02:34:13","modified_gmt":"2025-10-17T02:34:13","slug":"isere-une-operation-anti-stup-denvergure-menee-a-grenoble","status":"publish","type":"post","link":"https:\/\/www.europesays.com\/fr\/468914\/","title":{"rendered":"Is\u00e8re : une op\u00e9ration anti-stup d&rsquo;envergure men\u00e9e \u00e0 Grenoble"},"content":{"rendered":"<p class=\"content\" style=\"font-size:1.2em;font-weight:700\">Un important dispositif anti-stup a \u00e9t\u00e9 men\u00e9 ce mercredi 15 octobre \u00e0 Grenoble. 400 policiers ont investi le quartier du Mistral, trois personnes ont \u00e9t\u00e9 interpell\u00e9es.<\/p>\n<p>24 perquisitions, 10\u00a0kilos de r\u00e9sine de cannabis et 10 000 euros saisis. Il s&rsquo;agit du bilan d&rsquo;une op\u00e9ration anti-stup\u00e9fiants men\u00e9e ce mercredi 15 octobre dans le quartier du Mistral \u00e0 Grenoble. Ce dispositif a n\u00e9cessit\u00e9 une importante organisation. L&rsquo;avenue Rhin et Danube a \u00e9t\u00e9 compl\u00e8tement ferm\u00e9e pour permettre aux v\u00e9hicules de police de se stationner. <\/p>\n<p>En termes d&rsquo;effectifs, environ 400 policiers ont \u00e9t\u00e9 mobilis\u00e9s, le quartier du Mistral abritant l&rsquo;un des points de deals les plus importants de l&rsquo;agglom\u00e9ration grenobloise. J\u00e9r\u00f4me Chappa,\u00a0directeur interd\u00e9partemental de la police nationale de l&rsquo;Is\u00e8re, a tenu \u00e0 r\u00e9affirmer son engagement dans la lutte contre le trafic de stup\u00e9fiants : \u00ab\u00a0La police va partout\u00a0\u00bb, \u00ab\u00a0il n&rsquo;y a pas de zone de non droit\u00a0\u00bb, a-t-il rappel\u00e9 selon nos confr\u00e8res du <a href=\"https:\/\/www.ledauphine.com\/faits-divers-justice\/2025\/10\/15\/operation-anti-stup-d-envergure-dans-un-quartier-de-grenoble-400-policiers-mobilises-une-conference-de-presse-attendue\" target=\"_blank\" rel=\"noreferrer noopener nofollow\">Dauphin\u00e9-Lib\u00e9r\u00e9. <\/a><\/p>\n<p>\u00c0 lire aussi : <a href=\"https:\/\/www.lyoncapitale.fr\/actualite\/narcotrafic-a-lyon-quatre-etablissements-fermes-le-3e-arrondissement-sous-surveillance\" target=\"_blank\" rel=\"noopener\">Narcotrafic \u00e0 Lyon : quatre \u00e9tablissements ferm\u00e9s, le 3e arrondissement sous surveillance<\/a><\/p>\n<p>Une action coup de poing d\u00e9marr\u00e9e vers 6 heures<\/p>\n<p>Cette op\u00e9ration, qualifi\u00e9e \u00ab\u00a0d&rsquo;in\u00e9dite\u00a0\u00bb et \u00ab\u00a0d&rsquo;innovante\u00a0\u00bb par une source polici\u00e8re a d\u00e9marr\u00e9 d\u00e8s 6 heures, ce mercredi 15 octobre. Situ\u00e9es au 74 et 76 de l&rsquo;avenue Rhin-et-Danube, ces deux tours du quartier constituent la cible principale de ce dispositif. De nombreux appartements ont \u00e9t\u00e9 fouill\u00e9s.<\/p>\n<p>Des pochons de coca\u00efne, de la r\u00e9sine de cannabis, et de la MDMA ont \u00e9t\u00e9 trouv\u00e9es dans les caves ou les abords des b\u00e2timents. De plus, trois personnes ont \u00e9t\u00e9 interpell\u00e9es pendant l&rsquo;intervention. Selon J\u00e9r\u00f4me Chappa, \u00ab\u00a0d&rsquo;autres op\u00e9rations de ce type seront men\u00e9es dans d&rsquo;autres quartiers de l&rsquo;agglom\u00e9ration\u00a0\u00bb, d\u00e9montrant l&rsquo;engagement de la police dans la lutte contre le narcotrafic.<\/p>\n<p>\u00c0 lire aussi : <a href=\"https:\/\/www.lyoncapitale.fr\/actualite\/le-tonkin-les-deux-derniers-points-de-deals-eradiques\" target=\"_blank\" rel=\"noopener\">Le Tonkin : \u00ab\u00a0Les deux derniers points de deals \u00e9radiqu\u00e9s\u00a0\u00bb\u00a0<\/a><\/p>\n","protected":false},"excerpt":{"rendered":"Un important dispositif anti-stup a \u00e9t\u00e9 men\u00e9 ce mercredi 15 octobre \u00e0 Grenoble. 400 policiers ont investi le&hellip;\n","protected":false},"author":2,"featured_media":115822,"comment_status":"","ping_status":"","sticky":false,"template":"","format":"standard","meta":{"footnotes":""},"categories":[9566],"tags":[1111,11,2430,1777,674,1011,27,2731,108,8721,12,25],"class_list":{"0":"post-468914","1":"post","2":"type-post","3":"status-publish","4":"format-standard","5":"has-post-thumbnail","7":"category-grenoble","8":"tag-actu","9":"tag-actualites","10":"tag-auvergne-rhone-alpes","11":"tag-eu","12":"tag-europe","13":"tag-fr","14":"tag-france","15":"tag-grenoble","16":"tag-isere","17":"tag-narcotrafic","18":"tag-news","19":"tag-republique-francaise"},"share_on_mastodon":{"url":"https:\/\/pubeurope.com\/@fr\/115387174945117491","error":""},"_links":{"self":[{"href":"https:\/\/www.europesays.com\/fr\/wp-json\/wp\/v2\/posts\/468914","targetHints":{"allow":["GET"]}}],"collection":[{"href":"https:\/\/www.europesays.com\/fr\/wp-json\/wp\/v2\/posts"}],"about":[{"href":"https:\/\/www.europesays.com\/fr\/wp-json\/wp\/v2\/types\/post"}],"author":[{"embeddable":true,"href":"https:\/\/www.europesays.com\/fr\/wp-json\/wp\/v2\/users\/2"}],"replies":[{"embeddable":true,"href":"https:\/\/www.europesays.com\/fr\/wp-json\/wp\/v2\/comments?post=468914"}],"version-history":[{"count":0,"href":"https:\/\/www.europesays.com\/fr\/wp-json\/wp\/v2\/posts\/468914\/revisions"}],"wp:featuredmedia":[{"embeddable":true,"href":"https:\/\/www.europesays.com\/fr\/wp-json\/wp\/v2\/media\/115822"}],"wp:attachment":[{"href":"https:\/\/www.europesays.com\/fr\/wp-json\/wp\/v2\/media?parent=468914"}],"wp:term":[{"taxonomy":"category","embeddable":true,"href":"https:\/\/www.europesays.com\/fr\/wp-json\/wp\/v2\/categories?post=468914"},{"taxonomy":"post_tag","embeddable":true,"href":"https:\/\/www.europesays.com\/fr\/wp-json\/wp\/v2\/tags?post=468914"}],"curies":[{"name":"wp","href":"https:\/\/api.w.org\/{rel}","templated":true}]}}