{"id":468915,"date":"2025-10-17T02:35:20","date_gmt":"2025-10-17T02:35:20","guid":{"rendered":"https:\/\/www.europesays.com\/fr\/468915\/"},"modified":"2025-10-17T02:35:20","modified_gmt":"2025-10-17T02:35:20","slug":"en-ille-et-vilaine-une-notification-stridente-et-inhabituelle-va-retentir-sur-votre-portable-ce-samedi","status":"publish","type":"post","link":"https:\/\/www.europesays.com\/fr\/468915\/","title":{"rendered":"En Ille-et-Vilaine, une notification stridente et inhabituelle va retentir sur votre portable ce samedi"},"content":{"rendered":"<p>            Par<br \/>\n        <strong><br \/>\n            <a href=\"https:\/\/actu.fr\/auteur\/laurene-fertin\" title=\"Consulter tous les articles de Laur\u00e8ne Fertin\" target=\"_blank\" rel=\"noopener\">Laur\u00e8ne Fertin<\/a><br \/>\n        <\/strong><\/p>\n<p>        Publi\u00e9 le<\/p>\n<p>            16 oct. 2025 \u00e0 16h03        <\/p>\n<p>Une <strong>notification stridente et inhabituelle<\/strong> va se d\u00e9clencher sur votre smartphone, d\u00e8s <strong>samedi 18 octobre<\/strong> 2025, <a href=\"https:\/\/x.com\/PoliceNat35\">vers 11h<\/a>, dans le d\u00e9partement d\u2019Ille-et-Vilaine.\u00a0<\/p>\n<p class=\" wall-content\">En effet, vous allez recevoir <strong>un message d\u2019alerte : pas de panique toutefois<\/strong>, il s\u2019agit d\u2019un test li\u00e9 au <a href=\"https:\/\/actu.fr\/societe\/dispositif-fr-alert-c-est-quoi-cette-notification-stridente-sur-nos-smartphones_57730988.html\" target=\"_blank\" rel=\"noopener\">dispositif FR-Alert<\/a>.<\/p>\n<p>\u00ab\u00a0Informer des comportements \u00e0 adopter\u00a0\u00bb<\/p>\n<p class=\" wall-content\">\u00ab\u00a0FR-Alert permet de <strong>pr\u00e9venir en temps r\u00e9el<\/strong> toute personne d\u00e9tentrice d\u2019un t\u00e9l\u00e9phone portable de sa pr\u00e9sence dans <strong>une zone de danger<\/strong> afin de <strong>l\u2019informer<\/strong> des comportements \u00e0 adopter pour se prot\u00e9ger\u00a0\u00bb, indique la pr\u00e9fecture sur <a href=\"https:\/\/www.ille-et-vilaine.gouv.fr\/Actions-de-l-Etat\/Risques-naturels-et-technologiques\/Risques-tous-resilients\/La-culture-du-risque\/Le-dispositif-FR-Alert\/Resilience-Le-dispositif-FR-Alert\" target=\"_blank\" rel=\"noopener\">son site internet<\/a>.<\/p>\n<p class=\" wall-content\"><strong>Tout type de danger<\/strong> peut justifier d\u2019alerter la population : \u00e9v\u00e9nements naturels, biologiques et chimiques, sanitaires, technologiques et industriels, \u00e9v\u00e9nement grave de s\u00e9curit\u00e9 publique\u2026<\/p>\n<p class=\" wall-content\">Comme il s\u2019agira d\u2019un exercice, <strong>aucune action<\/strong> n\u2019est attendue de la part des personnes alert\u00e9es. V\u00e9rifiez cependant que votre smartphone autorise les \u00ab\u00a0alertes d\u2019exercice\u00a0\u00bb et \u00ab\u00a0avertissement (Niveau 4)\u00a0\u00bb.<\/p>\n<p class=\" wall-content\">Personnalisez votre actualit\u00e9 en ajoutant vos villes et m\u00e9dias en favori avec <a href=\"https:\/\/moncompte.actu.fr\" title=\"D\u00e9couvez Mon Actu\" rel=\"nofollow noopener\" data-trk=\"{&quot;cta&quot;:{&quot;action&quot;:&quot;https:\\\/\\\/moncompte.actu.fr&quot;,&quot;category&quot;:&quot;mon compte&quot;,&quot;from&quot;:&quot;article footer&quot;,&quot;name&quot;:&quot;Mon actu&quot;,&quot;type&quot;:&quot;cta&quot;}}\" target=\"_blank\">Mon Actu<\/a>.<\/p>\n","protected":false},"excerpt":{"rendered":"Par Laur\u00e8ne Fertin Publi\u00e9 le 16 oct. 2025 \u00e0 16h03 Une notification stridente et inhabituelle va se d\u00e9clencher&hellip;\n","protected":false},"author":2,"featured_media":468916,"comment_status":"","ping_status":"","sticky":false,"template":"","format":"standard","meta":{"footnotes":""},"categories":[2821],"tags":[1111,11,898,829,1777,674,1011,27,12,584,25,104],"class_list":{"0":"post-468915","1":"post","2":"type-post","3":"status-publish","4":"format-standard","5":"has-post-thumbnail","7":"category-rennes","8":"tag-actu","9":"tag-actualites","10":"tag-alerte","11":"tag-bretagne","12":"tag-eu","13":"tag-europe","14":"tag-fr","15":"tag-france","16":"tag-news","17":"tag-rennes","18":"tag-republique-francaise","19":"tag-societe"},"share_on_mastodon":{"url":"","error":""},"_links":{"self":[{"href":"https:\/\/www.europesays.com\/fr\/wp-json\/wp\/v2\/posts\/468915","targetHints":{"allow":["GET"]}}],"collection":[{"href":"https:\/\/www.europesays.com\/fr\/wp-json\/wp\/v2\/posts"}],"about":[{"href":"https:\/\/www.europesays.com\/fr\/wp-json\/wp\/v2\/types\/post"}],"author":[{"embeddable":true,"href":"https:\/\/www.europesays.com\/fr\/wp-json\/wp\/v2\/users\/2"}],"replies":[{"embeddable":true,"href":"https:\/\/www.europesays.com\/fr\/wp-json\/wp\/v2\/comments?post=468915"}],"version-history":[{"count":0,"href":"https:\/\/www.europesays.com\/fr\/wp-json\/wp\/v2\/posts\/468915\/revisions"}],"wp:featuredmedia":[{"embeddable":true,"href":"https:\/\/www.europesays.com\/fr\/wp-json\/wp\/v2\/media\/468916"}],"wp:attachment":[{"href":"https:\/\/www.europesays.com\/fr\/wp-json\/wp\/v2\/media?parent=468915"}],"wp:term":[{"taxonomy":"category","embeddable":true,"href":"https:\/\/www.europesays.com\/fr\/wp-json\/wp\/v2\/categories?post=468915"},{"taxonomy":"post_tag","embeddable":true,"href":"https:\/\/www.europesays.com\/fr\/wp-json\/wp\/v2\/tags?post=468915"}],"curies":[{"name":"wp","href":"https:\/\/api.w.org\/{rel}","templated":true}]}}