{"id":468919,"date":"2025-10-17T02:38:10","date_gmt":"2025-10-17T02:38:10","guid":{"rendered":"https:\/\/www.europesays.com\/fr\/468919\/"},"modified":"2025-10-17T02:38:10","modified_gmt":"2025-10-17T02:38:10","slug":"un-bout-de-plafond-seffondre-dans-une-salle-dattente-pas-de-blesse","status":"publish","type":"post","link":"https:\/\/www.europesays.com\/fr\/468919\/","title":{"rendered":"un bout de plafond s&rsquo;effondre dans une salle d&rsquo;attente, pas de bless\u00e9"},"content":{"rendered":"<p>            Par<br \/>\n        <strong><br \/>\n            <a href=\"https:\/\/actu.fr\/auteur\/ivan-capecchi\" title=\"Consulter tous les articles de Ivan CAPECCHI\" rel=\"nofollow noopener\" target=\"_blank\">Ivan CAPECCHI<\/a><br \/>\n        <\/strong><\/p>\n<p>        Publi\u00e9 le<\/p>\n<p>            16 oct. 2025 \u00e0 19h15        <\/p>\n<p>Ce jeudi 16\u00a0octobre, <strong>un bout de plafond s\u2019est effondr\u00e9<\/strong> dans le secteur de la <strong>p\u00e9diatrie<\/strong> \u00e0 l\u2019<a href=\"https:\/\/actu.fr\/tag\/hopital-de-hautepierre\" rel=\"nofollow noopener\" target=\"_blank\">h\u00f4pital de Hautepierre<\/a>, <strong>sans faire de bless\u00e9<\/strong>.<\/p>\n<p>Un b\u00e2timent v\u00e9tuste, selon FO<\/p>\n<p class=\" wall-content\">\u00ab\u2009Dans le cadre d\u2019un <strong>chantier<\/strong>, <strong>deux parpaings se sont d\u00e9tach\u00e9s<\/strong> d\u2019une gaine et ont <strong>travers\u00e9 le faux plafond<\/strong> de l\u2019une des salles d\u2019attente des urgences p\u00e9diatriques\u2009\u00bb, indiquent les H\u00f4pitaux universitaires de Strasbourg. \u00ab\u2009La continuit\u00e9 de l\u2019accueil du public et des soins est <strong>assur\u00e9e<\/strong>, l\u2019activit\u00e9 est maintenue. Des <a href=\"https:\/\/actu.fr\/tag\/travaux\" rel=\"nofollow noopener\" target=\"_blank\">travaux<\/a> ont d\u2019ores et d\u00e9j\u00e0 \u00e9t\u00e9 programm\u00e9s dans ce secteur\u2009\u00bb, ajoutent-ils.<\/p>\n<p class=\" wall-content\">\u00ab\u2009Malheureusement,<strong> ce b\u00e2timent a presque 40\u00a0ans. On r\u00e9clame depuis longtemps que quelque chose soit fait<\/strong> pour ce b\u00e2timent qui n\u2019est plus vraiment fonctionnel\u2009\u00bb, r\u00e9agit Christian Prud\u2019homme, secr\u00e9taire g\u00e9n\u00e9ral FO du CHU de Strasbourg.<\/p>\n<p>Un vaste plan de r\u00e9novation pr\u00e9vu sur le site de Hautepierre<\/p>\n<p class=\" wall-content\">Plus t\u00f4t cette ann\u00e9e, les HUS annon\u00e7aient le lancement d\u2019un<strong> vaste plan de r\u00e9novation du site de Hautepierre \u00e0 hauteur de 850\u00a0millions d\u2019euros sur 15\u00a0ans<\/strong>. \u00ab\u2009Depuis, il a \u00e9t\u00e9 d\u00e9cid\u00e9 de <strong>phaser le projet en trois tranches<\/strong>. La premi\u00e8re comprendrait la r\u00e9novation du site m\u00e8re\/enfant\u2009\u00bb, indique M. Prud\u2019homme. Ce dernier pr\u00e9cise que le projet doit \u00eatre valid\u00e9 aupr\u00e8s de l\u2019<strong>Agence r\u00e9gionale de sant\u00e9 (ARS) du Bas-Rhin<\/strong>, avant d\u2019\u00eatre pr\u00e9sent\u00e9 au <strong>minist\u00e8re de la Sant\u00e9<\/strong>.<\/p>\n<p class=\" wall-content\">\u00ab\u2009Les HUS ont toujours \u00e9t\u00e9 <strong>engag\u00e9s pour un accueil de qualit\u00e9 et s\u00e9curis\u00e9 des jeunes patients<\/strong> sur le territoire. Les HUS restent \u00e9galement attach\u00e9s \u00e0 la <strong>qualit\u00e9 et l\u2019exigence de la prise en charge<\/strong>, tout en accordant une importance particuli\u00e8re aux <strong>conditions de travail des professionnels<\/strong>\u2009\u00bb, d\u00e9clare de son c\u00f4t\u00e9 la direction.<\/p>\n<p class=\" wall-content\">Personnalisez votre actualit\u00e9 en ajoutant vos villes et m\u00e9dias en favori avec <a href=\"https:\/\/moncompte.actu.fr\" title=\"D\u00e9couvez Mon Actu\" rel=\"nofollow noopener\" data-trk=\"{&quot;cta&quot;:{&quot;action&quot;:&quot;https:\\\/\\\/moncompte.actu.fr&quot;,&quot;category&quot;:&quot;mon compte&quot;,&quot;from&quot;:&quot;article footer&quot;,&quot;name&quot;:&quot;Mon actu&quot;,&quot;type&quot;:&quot;cta&quot;}}\" target=\"_blank\">Mon Actu<\/a>.<\/p>\n","protected":false},"excerpt":{"rendered":"Par Ivan CAPECCHI Publi\u00e9 le 16 oct. 2025 \u00e0 19h15 Ce jeudi 16\u00a0octobre, un bout de plafond s\u2019est&hellip;\n","protected":false},"author":2,"featured_media":468920,"comment_status":"","ping_status":"","sticky":false,"template":"","format":"standard","meta":{"footnotes":""},"categories":[2820],"tags":[1111,11,1777,674,1011,27,775,6272,12,25,104,640],"class_list":{"0":"post-468919","1":"post","2":"type-post","3":"status-publish","4":"format-standard","5":"has-post-thumbnail","7":"category-strasbourg","8":"tag-actu","9":"tag-actualites","10":"tag-eu","11":"tag-europe","12":"tag-fr","13":"tag-france","14":"tag-grand-est","15":"tag-hopital-de-hautepierre","16":"tag-news","17":"tag-republique-francaise","18":"tag-societe","19":"tag-strasbourg"},"share_on_mastodon":{"url":"https:\/\/pubeurope.com\/@fr\/115387190712811980","error":""},"_links":{"self":[{"href":"https:\/\/www.europesays.com\/fr\/wp-json\/wp\/v2\/posts\/468919","targetHints":{"allow":["GET"]}}],"collection":[{"href":"https:\/\/www.europesays.com\/fr\/wp-json\/wp\/v2\/posts"}],"about":[{"href":"https:\/\/www.europesays.com\/fr\/wp-json\/wp\/v2\/types\/post"}],"author":[{"embeddable":true,"href":"https:\/\/www.europesays.com\/fr\/wp-json\/wp\/v2\/users\/2"}],"replies":[{"embeddable":true,"href":"https:\/\/www.europesays.com\/fr\/wp-json\/wp\/v2\/comments?post=468919"}],"version-history":[{"count":0,"href":"https:\/\/www.europesays.com\/fr\/wp-json\/wp\/v2\/posts\/468919\/revisions"}],"wp:featuredmedia":[{"embeddable":true,"href":"https:\/\/www.europesays.com\/fr\/wp-json\/wp\/v2\/media\/468920"}],"wp:attachment":[{"href":"https:\/\/www.europesays.com\/fr\/wp-json\/wp\/v2\/media?parent=468919"}],"wp:term":[{"taxonomy":"category","embeddable":true,"href":"https:\/\/www.europesays.com\/fr\/wp-json\/wp\/v2\/categories?post=468919"},{"taxonomy":"post_tag","embeddable":true,"href":"https:\/\/www.europesays.com\/fr\/wp-json\/wp\/v2\/tags?post=468919"}],"curies":[{"name":"wp","href":"https:\/\/api.w.org\/{rel}","templated":true}]}}