{"id":468925,"date":"2025-10-17T02:41:18","date_gmt":"2025-10-17T02:41:18","guid":{"rendered":"https:\/\/www.europesays.com\/fr\/468925\/"},"modified":"2025-10-17T02:41:18","modified_gmt":"2025-10-17T02:41:18","slug":"bombito-et-moffi-blesses-plusieurs-semaines","status":"publish","type":"post","link":"https:\/\/www.europesays.com\/fr\/468925\/","title":{"rendered":"Bombito et Moffi bless\u00e9s plusieurs semaines"},"content":{"rendered":"<p class=\"mb-4 text-lg md:leading-8 break-words\">Le Canadien Mo\u00efse Bombito, op\u00e9r\u00e9 d&rsquo;une fracture du tibia gauche, ne sera \u00ab\u00a0pas disponible pendant quatre \u00e0 cinq mois\u00a0\u00bb, selon l&rsquo;entra\u00eeneur de Nice,<a href=\"https:\/\/fr.news.yahoo.com\/sport\/h%C3%BCtter-haise-beye-entra%C3%AEneurs-ligue-082804341.html\" data-ylk=\"slk:Franck Haise;elm:context_link;itc:0;sec:content-canvas;outcm:mb_qualified_link;_E:mb_qualified_link;ct:story;\" class=\"link  yahoo-link\" rel=\"nofollow noopener\" target=\"_blank\"> Franck Haise<\/a>, qui a annonc\u00e9 aussi jeudi l&rsquo;indisponibilit\u00e9 du Nig\u00e9rian <a href=\"https:\/\/fr.news.yahoo.com\/sport\/retard-passe-mal-clauss-moffi-084552495.html\" data-ylk=\"slk:Terem Moffi;elm:context_link;itc:0;sec:content-canvas;outcm:mb_qualified_link;_E:mb_qualified_link;ct:story;\" class=\"link  yahoo-link\" rel=\"nofollow noopener\" target=\"_blank\">Terem Moffi<\/a>, bless\u00e9 \u00e0 un mollet, pour plusieurs semaines.<\/p>\n<p>Une d\u00e9fense \u00e0 3 orpheline de son central&#8230; Dante de retour ce samedi?<\/p>\n<p class=\"mb-4 text-lg md:leading-8 break-words\">Victime d&rsquo;une fracture du tibia gauche \u00e0 Monaco (2-2) le 5 octobre, Bombito a \u00e9t\u00e9 op\u00e9r\u00e9 avec succ\u00e8s \u00e0 Nice durant la tr\u00eave. \u00ab\u00a0L&rsquo;op\u00e9ration s&rsquo;est bien pass\u00e9e mais on sait qu&rsquo;il ne va pas \u00eatre disponible pendant quatre \u00e0 cinq mois \u00e0 peu pr\u00e8s\u00a0\u00bb, a indiqu\u00e9 Haise jeudi en conf\u00e9rence de presse.<\/p>\n<p class=\"mb-4 text-lg md:leading-8 break-words\">Le retour du d\u00e9fenseur international de 25 ans, titulaire en \u00e9quipe du Canada et qui verra la prochaine Coupe du monde se d\u00e9rouler dans son pays, ainsi qu&rsquo;aux \u00c9tats-Unis et au Mexique, n&rsquo;est donc pas pr\u00e9vu avant le d\u00e9but du printemps.<\/p>\n<p class=\"mb-4 text-lg md:leading-8 break-words\">Il est le troisi\u00e8me d\u00e9fenseur essentiel de la d\u00e9fense ni\u00e7oise, avec Youssouf Ndayishimye et Mohamed Abdelmomen, tout deux victimes d&rsquo;une rupture des ligaments crois\u00e9s d&rsquo;un genou en mai dernier, et appel\u00e9s \u00e0 \u00eatre absents cette saison pour une longue dur\u00e9e. Le quatri\u00e8me, Dante, capitaine qui aura 42 ans le 18 octobre, a repris avec le groupe sur une s\u00e9ance compl\u00e8te. \u00ab\u00a0Il sera a minima (contre Lyon dimanche en L1, ndlr) dans le groupe mais on verra demain son ressenti, le mien et celui du secteur m\u00e9dical, pour voir s&rsquo;il peut faire plus\u00a0\u00bb, a pr\u00e9cis\u00e9 Haise.<\/p>\n<p class=\"mb-4 text-lg md:leading-8 break-words\">Enfin, de retour de s\u00e9lection, l&rsquo;attaquant international nig\u00e9rian Terem Moffi, 26 ans, s&rsquo;est bless\u00e9 \u00e0 un mollet jeudi matin \u00ab\u00a0pour son premier entra\u00eenement\u00a0\u00bb, a dit Haise, qui a expliqu\u00e9: \u00ab\u00a0On \u00e9tait \u00e0 J-2. C&rsquo;\u00e9tait vraiment sur un entra\u00eenement l\u00e9ger. Il a ressenti une douleur sur un appui.\u00a0\u00bb Si des examens complets devaient encore \u00eatre effectu\u00e9s jeudi dans la journ\u00e9e, l&rsquo;entra\u00eeneur ni\u00e7ois a d&rsquo;ores et d\u00e9j\u00e0 chiffr\u00e9 l&rsquo;absence de son attaquant \u00ab\u00a0en semaines\u00a0\u00bb.<\/p>\n<p class=\"mb-4 text-lg md:leading-8 break-words\">Les Ni\u00e7ois d\u00e9fieront les Lyonnais ce samedi 18 octobre \u00e0 17\u00a0h pour le compte de la 8e journ\u00e9e de Ligue 1.<\/p>\n<p class=\"mb-4 text-lg md:leading-8 break-words\"><a href=\"https:\/\/rmcsport.bfmtv.com\/football\/clubs\/ogc-nice\/les-galeres-s-accumulent-pour-nice-bombito-et-moffi-blesses-plusieurs-semaines_AD-202510160766.html#xtor=AL-68\" rel=\"nofollow noopener\" target=\"_blank\" data-ylk=\"slk:Article original publi\u00e9 sur RMC Sport;elm:context_link;itc:0;sec:content-canvas\" class=\"link \">Article original publi\u00e9 sur RMC Sport<\/a><\/p>\n","protected":false},"excerpt":{"rendered":"Le Canadien Mo\u00efse Bombito, op\u00e9r\u00e9 d&rsquo;une fracture du tibia gauche, ne sera \u00ab\u00a0pas disponible pendant quatre \u00e0 cinq&hellip;\n","protected":false},"author":2,"featured_media":425100,"comment_status":"","ping_status":"","sticky":false,"template":"","format":"standard","meta":{"footnotes":""},"categories":[2819],"tags":[1111,11,59280,1153,13723,59278,1777,674,1011,27,3308,2428,3127,12,2401,882,25,45779,59279],"class_list":{"0":"post-468925","1":"post","2":"type-post","3":"status-publish","4":"format-standard","5":"has-post-thumbnail","7":"category-nice","8":"tag-actu","9":"tag-actualites","10":"tag-bombito","11":"tag-conference-de-presse","12":"tag-dante","13":"tag-debut-du-printemps","14":"tag-eu","15":"tag-europe","16":"tag-fr","17":"tag-france","18":"tag-franck-haise","19":"tag-lyon","20":"tag-monaco","21":"tag-news","22":"tag-nice","23":"tag-provence-alpes-cote-dazur","24":"tag-republique-francaise","25":"tag-terem-moffi","26":"tag-youssouf-ndayishimye"},"share_on_mastodon":{"url":"https:\/\/pubeurope.com\/@fr\/115387202523883899","error":""},"_links":{"self":[{"href":"https:\/\/www.europesays.com\/fr\/wp-json\/wp\/v2\/posts\/468925","targetHints":{"allow":["GET"]}}],"collection":[{"href":"https:\/\/www.europesays.com\/fr\/wp-json\/wp\/v2\/posts"}],"about":[{"href":"https:\/\/www.europesays.com\/fr\/wp-json\/wp\/v2\/types\/post"}],"author":[{"embeddable":true,"href":"https:\/\/www.europesays.com\/fr\/wp-json\/wp\/v2\/users\/2"}],"replies":[{"embeddable":true,"href":"https:\/\/www.europesays.com\/fr\/wp-json\/wp\/v2\/comments?post=468925"}],"version-history":[{"count":0,"href":"https:\/\/www.europesays.com\/fr\/wp-json\/wp\/v2\/posts\/468925\/revisions"}],"wp:featuredmedia":[{"embeddable":true,"href":"https:\/\/www.europesays.com\/fr\/wp-json\/wp\/v2\/media\/425100"}],"wp:attachment":[{"href":"https:\/\/www.europesays.com\/fr\/wp-json\/wp\/v2\/media?parent=468925"}],"wp:term":[{"taxonomy":"category","embeddable":true,"href":"https:\/\/www.europesays.com\/fr\/wp-json\/wp\/v2\/categories?post=468925"},{"taxonomy":"post_tag","embeddable":true,"href":"https:\/\/www.europesays.com\/fr\/wp-json\/wp\/v2\/tags?post=468925"}],"curies":[{"name":"wp","href":"https:\/\/api.w.org\/{rel}","templated":true}]}}