{"id":468926,"date":"2025-10-17T02:42:26","date_gmt":"2025-10-17T02:42:26","guid":{"rendered":"https:\/\/www.europesays.com\/fr\/468926\/"},"modified":"2025-10-17T02:42:26","modified_gmt":"2025-10-17T02:42:26","slug":"nouveau-chapitre-pour-cette-paroisse-de-loire-atlantique-avec-larrivee-des-peres-rialland-et","status":"publish","type":"post","link":"https:\/\/www.europesays.com\/fr\/468926\/","title":{"rendered":"Nouveau chapitre pour cette paroisse de Loire-Atlantique avec l\u2019arriv\u00e9e des p\u00e8res Rialland et"},"content":{"rendered":"<p>Le p\u00e8re J\u00e9r\u00f4me Rialland et le p\u00e8re Andr\u00e9 Zerbo viennent de rejoindre la paroisse de Nozay en tant que pr\u00eatre r\u00e9f\u00e9rent et pr\u00eatre auxiliaire respectivement.<\/p>\n<p>Un parcours riche pour le p\u00e8re J\u00e9r\u00f4me Rialland<\/p>\n<p>Natif de La Chapelle-sur-Erdre, le p\u00e8re J\u00e9r\u00f4me Rialland a \u00e9t\u00e9 ordonn\u00e9 pr\u00eatre en 2001 par Mgr Georges Soubrier. \u00c0 21 ans, il entre au s\u00e9minaire de Nantes. Sa mission commence \u00e0 Ancenis en 2009, puis se poursuit \u00e0 Aigrefeuille en 2013 jusqu\u2019en 2017 o\u00f9 il rejoint la paroisse Saint-Martin-du-Sillon \u00e0 Savenay pour une p\u00e9riode de huit ans. En ao\u00fbt 2025, il arrive en pays de Nozay et de Derval.<\/p>\n<p>?? LIRE AUSSI : <a href=\"https:\/\/saint-nazaire.maville.com\/actu\/actudet_-savenay.-deux-nouveaux-pretres-dans-la-paroisse-_8-7022446_actu.Htm\" target=\"_blank\" rel=\"noopener\">Savenay. Deux nouveaux pr\u00eatres dans la paroisse<\/a> <\/p>\n<p>L\u2019arriv\u00e9e du p\u00e8re Andr\u00e9 Zerbo<\/p>\n<p>Originaire de la r\u00e9gion burkinab\u00e9 de Tougan, le p\u00e8re Andr\u00e9 Zerbo, d\u2019une \u00abg\u00e9n\u00e9alogie chr\u00e9tienne\u00bb, a \u00e9t\u00e9 cur\u00e9 de paroisse apr\u00e8s avoir enseign\u00e9 au Petit S\u00e9minaire. Dipl\u00f4m\u00e9 d\u2019un doctorat en Droit canonique d\u2019Abidjan et de Rome, il a occup\u00e9 le poste de Vicaire g\u00e9n\u00e9ral du Dioc\u00e8se de D\u00e9dougou et a particip\u00e9 \u00e0 la Conf\u00e9rence \u00e9piscopale de Ouagadougou.<\/p>\n<p>?? LIRE AUSSI : <a href=\"https:\/\/nantes.maville.com\/actu\/actudet_-la-grigonnais.-pretres-deux-departs-et-une-arrivee-_8-6986561_actu.Htm\" target=\"_blank\" rel=\"noopener\">La Grigonnais. Pr\u00eatres : deux d\u00e9parts et une arriv\u00e9e<\/a> <\/p>\n<p>\u00c0 l\u2019appel du Dioc\u00e8se de Nantes, il a rejoint le secteur le 10 septembre.<\/p>\n<p>??? Une \u00abJourn\u00e9e de rentr\u00e9e paroissiale\u00bb est pr\u00e9vue le dimanche 5 octobre \u00e0 Derval, marqu\u00e9e par un p\u00e8lerinage de 3 \u00e0 4 km sur 8 parcours d\u00e8s 9 h 15.<\/p>\n<p>\u00a0<\/p>\n","protected":false},"excerpt":{"rendered":"Le p\u00e8re J\u00e9r\u00f4me Rialland et le p\u00e8re Andr\u00e9 Zerbo viennent de rejoindre la paroisse de Nozay en tant&hellip;\n","protected":false},"author":2,"featured_media":468927,"comment_status":"","ping_status":"","sticky":false,"template":"","format":"standard","meta":{"footnotes":""},"categories":[2818],"tags":[1111,11,9237,58549,1777,674,1011,27,3047,766,12,4565,59281,2636,40577,25,59282,59283],"class_list":{"0":"post-468926","1":"post","2":"type-post","3":"status-publish","4":"format-standard","5":"has-post-thumbnail","7":"category-nantes","8":"tag-actu","9":"tag-actualites","10":"tag-arrivee","11":"tag-chapitre","12":"tag-eu","13":"tag-europe","14":"tag-fr","15":"tag-france","16":"tag-loire-atlantique","17":"tag-nantes","18":"tag-news","19":"tag-nouveau","20":"tag-paroisse","21":"tag-pays-de-la-loire","22":"tag-peres","23":"tag-republique-francaise","24":"tag-rialland","25":"tag-zerbo"},"share_on_mastodon":{"url":"https:\/\/pubeurope.com\/@fr\/115387206529168808","error":""},"_links":{"self":[{"href":"https:\/\/www.europesays.com\/fr\/wp-json\/wp\/v2\/posts\/468926","targetHints":{"allow":["GET"]}}],"collection":[{"href":"https:\/\/www.europesays.com\/fr\/wp-json\/wp\/v2\/posts"}],"about":[{"href":"https:\/\/www.europesays.com\/fr\/wp-json\/wp\/v2\/types\/post"}],"author":[{"embeddable":true,"href":"https:\/\/www.europesays.com\/fr\/wp-json\/wp\/v2\/users\/2"}],"replies":[{"embeddable":true,"href":"https:\/\/www.europesays.com\/fr\/wp-json\/wp\/v2\/comments?post=468926"}],"version-history":[{"count":0,"href":"https:\/\/www.europesays.com\/fr\/wp-json\/wp\/v2\/posts\/468926\/revisions"}],"wp:featuredmedia":[{"embeddable":true,"href":"https:\/\/www.europesays.com\/fr\/wp-json\/wp\/v2\/media\/468927"}],"wp:attachment":[{"href":"https:\/\/www.europesays.com\/fr\/wp-json\/wp\/v2\/media?parent=468926"}],"wp:term":[{"taxonomy":"category","embeddable":true,"href":"https:\/\/www.europesays.com\/fr\/wp-json\/wp\/v2\/categories?post=468926"},{"taxonomy":"post_tag","embeddable":true,"href":"https:\/\/www.europesays.com\/fr\/wp-json\/wp\/v2\/tags?post=468926"}],"curies":[{"name":"wp","href":"https:\/\/api.w.org\/{rel}","templated":true}]}}