{"id":468928,"date":"2025-10-17T02:43:13","date_gmt":"2025-10-17T02:43:13","guid":{"rendered":"https:\/\/www.europesays.com\/fr\/468928\/"},"modified":"2025-10-17T02:43:13","modified_gmt":"2025-10-17T02:43:13","slug":"accident-sur-le-peripherique-de-nantes-circulation-tres-compliquee-ce-jeudi-soir","status":"publish","type":"post","link":"https:\/\/www.europesays.com\/fr\/468928\/","title":{"rendered":"Accident sur le p\u00e9riph\u00e9rique de Nantes\u00a0: circulation tr\u00e8s compliqu\u00e9e ce jeudi soir"},"content":{"rendered":"<p>Vers 17\u00a0h\u00a051, Bison fut\u00e9 a lanc\u00e9 une alerte. Un accident s\u2019est produit ce jeudi 16\u00a0octobre entre un fourgon et un poids lourd, de la porte d\u2019Anjou vers la porte d\u2019Orvault (sens ext\u00e9rieur).<\/p>\n<p><a href=\"https:\/\/nantes.maville.com\/actu\/actudet_-collegien-mort-pendant-un-stage-sur-un-chantier-pres-de-nantes-le-gerant-et-sa-societe-condamnes-_8-7023528_actu.Htm\" target=\"_blank\" rel=\"noopener\"> <strong>LIRE AUSSI<\/strong>.\u00a0Coll\u00e9gien mort pendant un stage sur un chantier pr\u00e8s de Nantes\u00a0: le g\u00e9rant et sa soci\u00e9t\u00e9 condamn\u00e9s<\/a><\/p>\n<p>Voie neutralis\u00e9e<\/p>\n<p>Cons\u00e9quence\u00a0: la voie de droite est neutralis\u00e9e. La circulation, toujours dense en fin de journ\u00e9e sur le p\u00e9riph\u00e9rique, est donc fortement perturb\u00e9e. Les routes secondaires sont aussi embouteill\u00e9es.<\/p>\n<p><a href=\"https:\/\/nantes.maville.com\/actu\/actudet_-deux-ponts-de-loire-atlantique-fermes-pour-travaux-de-gros-changements-de-circulation-a-prevoir-_8-7011379_actu.Htm\" target=\"_blank\" rel=\"noopener\"> <strong>LIRE AUSSI. <\/strong>Deux ponts de Loire-Atlantique ferm\u00e9s pour travaux\u00a0: de gros changements de circulation \u00e0 pr\u00e9voir<\/a><\/p>\n<p>Carte en direct<\/p>\n<p>Voici l\u2019\u00e9tat de la circulation en direct\u00a0:<\/p>\n<\/p>\n<p>Des ralentissements aussi sur l\u2019A11<\/p>\n<p>Des ralentissements sont aussi constat\u00e9s par Bison Fut\u00e9 sur l\u2019A11, de Paris vers Nantes (sens est-ouest) sur 1,1\u00a0km.<\/p>\n<p>\u00a0<\/p>\n","protected":false},"excerpt":{"rendered":"Vers 17\u00a0h\u00a051, Bison fut\u00e9 a lanc\u00e9 une alerte. Un accident s\u2019est produit ce jeudi 16\u00a0octobre entre un fourgon&hellip;\n","protected":false},"author":2,"featured_media":468929,"comment_status":"","ping_status":"","sticky":false,"template":"","format":"standard","meta":{"footnotes":""},"categories":[2818],"tags":[119,1111,11,3542,27203,1777,674,1011,27,9272,766,12,2636,4013,25,3467,933],"class_list":{"0":"post-468928","1":"post","2":"type-post","3":"status-publish","4":"format-standard","5":"has-post-thumbnail","7":"category-nantes","8":"tag-accident","9":"tag-actu","10":"tag-actualites","11":"tag-circulation","12":"tag-compliquee","13":"tag-eu","14":"tag-europe","15":"tag-fr","16":"tag-france","17":"tag-jeudi","18":"tag-nantes","19":"tag-news","20":"tag-pays-de-la-loire","21":"tag-peripherique","22":"tag-republique-francaise","23":"tag-soir","24":"tag-tres"},"share_on_mastodon":{"url":"https:\/\/pubeurope.com\/@fr\/115387210409961070","error":""},"_links":{"self":[{"href":"https:\/\/www.europesays.com\/fr\/wp-json\/wp\/v2\/posts\/468928","targetHints":{"allow":["GET"]}}],"collection":[{"href":"https:\/\/www.europesays.com\/fr\/wp-json\/wp\/v2\/posts"}],"about":[{"href":"https:\/\/www.europesays.com\/fr\/wp-json\/wp\/v2\/types\/post"}],"author":[{"embeddable":true,"href":"https:\/\/www.europesays.com\/fr\/wp-json\/wp\/v2\/users\/2"}],"replies":[{"embeddable":true,"href":"https:\/\/www.europesays.com\/fr\/wp-json\/wp\/v2\/comments?post=468928"}],"version-history":[{"count":0,"href":"https:\/\/www.europesays.com\/fr\/wp-json\/wp\/v2\/posts\/468928\/revisions"}],"wp:featuredmedia":[{"embeddable":true,"href":"https:\/\/www.europesays.com\/fr\/wp-json\/wp\/v2\/media\/468929"}],"wp:attachment":[{"href":"https:\/\/www.europesays.com\/fr\/wp-json\/wp\/v2\/media?parent=468928"}],"wp:term":[{"taxonomy":"category","embeddable":true,"href":"https:\/\/www.europesays.com\/fr\/wp-json\/wp\/v2\/categories?post=468928"},{"taxonomy":"post_tag","embeddable":true,"href":"https:\/\/www.europesays.com\/fr\/wp-json\/wp\/v2\/tags?post=468928"}],"curies":[{"name":"wp","href":"https:\/\/api.w.org\/{rel}","templated":true}]}}