{"id":468938,"date":"2025-10-17T02:48:18","date_gmt":"2025-10-17T02:48:18","guid":{"rendered":"https:\/\/www.europesays.com\/fr\/468938\/"},"modified":"2025-10-17T02:48:18","modified_gmt":"2025-10-17T02:48:18","slug":"lambulancier-qui-avait-tue-un-pieton-sur-lautoroute-condamne-a-trois-ans-de-prison-ferme","status":"publish","type":"post","link":"https:\/\/www.europesays.com\/fr\/468938\/","title":{"rendered":"L\u2019ambulancier qui avait tu\u00e9 un pi\u00e9ton sur l\u2019autoroute condamn\u00e9 \u00e0 trois ans de prison ferme"},"content":{"rendered":"<p>Un homme de 38\u00a0ans qui avait <a href=\"https:\/\/lille.maville.com\/actu\/actudet_-une-ambulance-fauche-un-pieton-le-tue-et-prend-la-fuite-a-lille-un-appel-a-temoins-lance-_12679-6529277_actu.Htm\" target=\"_blank\" rel=\"noopener\">renvers\u00e9 et tu\u00e9 un pi\u00e9ton sur l\u2019autoroute A25\u00a0pr\u00e8s de Lille<\/a> (Nord) il y a un an a \u00e9t\u00e9 condamn\u00e9 mercredi 15\u00a0octobre 2025 pour homicide involontaire par le tribunal judiciaire de Lille, rapporte\u00a0<a href=\"https:\/\/france3-regions.franceinfo.fr\/hauts-de-france\/nord-0\/lille\/un-ambulancier-reconnu-coupable-d-homicide-involontaire-pour-avoir-fauche-un-pieton-sur-l-a25-3234035.html\" target=\"_blank\" rel=\"noopener\"> France 3\u00a0Hauts-de-France <\/a>.<\/p>\n<p>Le 27\u00a0octobre 2024, l\u2019ambulancier \u00e9tait en repos mais a utilis\u00e9 son v\u00e9hicule professionnel. Son employeur l\u2019a appel\u00e9 afin qu\u2019il ram\u00e8ne l\u2019ambulance au plus vite. Avec son fils de 8\u00a0ans dans l\u2019habitacle, l\u2019homme a fonc\u00e9 sur l\u2019autoroute, gyrophares allum\u00e9s,\u00a0et a mortellement percut\u00e9 un pi\u00e9ton de 39\u00a0ans avant de prendre la fuite.<\/p>\n<p>Il finit par reconna\u00eetre sa culpabilit\u00e9<\/p>\n<p>Un autre ambulancier a d\u2019abord \u00e9t\u00e9 soup\u00e7onn\u00e9 avant d\u2019\u00eatre innocent\u00e9. L\u2019enqu\u00eate a finalement permis d\u2019identifier le bon suspect, qui roulait de surcro\u00eet sans permis valable depuis 2022 et avec une fausse autorisation pr\u00e9fectorale d\u2019aptitude \u00e0 la conduite d\u2019ambulance.<\/p>\n<p>Le suspect\u00a0a d\u2019abord assur\u00e9 qu\u2019il ne s\u2019\u00e9tait pas rendu compte de la collision avec le pi\u00e9ton. L\u2019ambulance ab\u00eem\u00e9e par le choc avait pourtant \u00e9t\u00e9 r\u00e9par\u00e9e entre-temps, laissant soup\u00e7onner une tentative de dissimulation.\u00a0Le 1er\u00a0octobre dernier, le trentenaire a <a href=\"https:\/\/lille.maville.com\/actu\/actudet_-avec-son-fils-de-8-ans-a-bord-un-ambulancier-tue-un-pieton-sur-l-a25-et-prend-la-fuite-_12679-7003783_actu.Htm\" target=\"_blank\" rel=\"noopener\">finalement reconnu sa culpabilit\u00e9 devant le tribunal<\/a>.<\/p>\n<p>Le parquet avait requis cinq ans de prison ferme. Le juge a finalement condamn\u00e9 l\u2019homme \u00e0 trois ans de prison ferme avec mandat de d\u00e9p\u00f4t, sans possibilit\u00e9 d\u2019am\u00e9nagement. Son permis de conduire est annul\u00e9 avec interdiction de le repasser pendant 2\u00a0ans, et il ne pourra plus jamais exercer comme ambulancier.<\/p>\n<p>\u00a0<\/p>\n","protected":false},"excerpt":{"rendered":"Un homme de 38\u00a0ans qui avait renvers\u00e9 et tu\u00e9 un pi\u00e9ton sur l\u2019autoroute A25\u00a0pr\u00e8s de Lille (Nord) il&hellip;\n","protected":false},"author":2,"featured_media":468939,"comment_status":"","ping_status":"","sticky":false,"template":"","format":"standard","meta":{"footnotes":""},"categories":[2815],"tags":[1111,11,59284,1764,6955,8652,1777,674,9095,1011,27,811,1307,12,29988,806,25,5911],"class_list":{"0":"post-468938","1":"post","2":"type-post","3":"status-publish","4":"format-standard","5":"has-post-thumbnail","7":"category-lille","8":"tag-actu","9":"tag-actualites","10":"tag-ambulancier","11":"tag-ans","12":"tag-autoroute","13":"tag-condamne","14":"tag-eu","15":"tag-europe","16":"tag-ferme","17":"tag-fr","18":"tag-france","19":"tag-hauts-de-france","20":"tag-lille","21":"tag-news","22":"tag-pieton","23":"tag-prison","24":"tag-republique-francaise","25":"tag-tue"},"share_on_mastodon":{"url":"https:\/\/pubeurope.com\/@fr\/115387230153373097","error":""},"_links":{"self":[{"href":"https:\/\/www.europesays.com\/fr\/wp-json\/wp\/v2\/posts\/468938","targetHints":{"allow":["GET"]}}],"collection":[{"href":"https:\/\/www.europesays.com\/fr\/wp-json\/wp\/v2\/posts"}],"about":[{"href":"https:\/\/www.europesays.com\/fr\/wp-json\/wp\/v2\/types\/post"}],"author":[{"embeddable":true,"href":"https:\/\/www.europesays.com\/fr\/wp-json\/wp\/v2\/users\/2"}],"replies":[{"embeddable":true,"href":"https:\/\/www.europesays.com\/fr\/wp-json\/wp\/v2\/comments?post=468938"}],"version-history":[{"count":0,"href":"https:\/\/www.europesays.com\/fr\/wp-json\/wp\/v2\/posts\/468938\/revisions"}],"wp:featuredmedia":[{"embeddable":true,"href":"https:\/\/www.europesays.com\/fr\/wp-json\/wp\/v2\/media\/468939"}],"wp:attachment":[{"href":"https:\/\/www.europesays.com\/fr\/wp-json\/wp\/v2\/media?parent=468938"}],"wp:term":[{"taxonomy":"category","embeddable":true,"href":"https:\/\/www.europesays.com\/fr\/wp-json\/wp\/v2\/categories?post=468938"},{"taxonomy":"post_tag","embeddable":true,"href":"https:\/\/www.europesays.com\/fr\/wp-json\/wp\/v2\/tags?post=468938"}],"curies":[{"name":"wp","href":"https:\/\/api.w.org\/{rel}","templated":true}]}}