{"id":468940,"date":"2025-10-17T02:49:12","date_gmt":"2025-10-17T02:49:12","guid":{"rendered":"https:\/\/www.europesays.com\/fr\/468940\/"},"modified":"2025-10-17T02:49:12","modified_gmt":"2025-10-17T02:49:12","slug":"previsions-du-vendredi-17-octobre-2025-15","status":"publish","type":"post","link":"https:\/\/www.europesays.com\/fr\/468940\/","title":{"rendered":"pr\u00e9visions du vendredi 17 octobre 2025"},"content":{"rendered":"<p class=\"mb-4 text-lg md:leading-8 break-words\"><strong>M\u00e9t\u00e9o &#8211; On notera la pr\u00e9sence persistante de nuages aujourd&rsquo;hui. Des pluies \u00e9parses tomberont. Les temp\u00e9ratures seront de 13\u00b0C le matin et de 15\u00b0C l&rsquo;apr\u00e8s-midi&#8230;<\/strong><\/p>\n<p class=\"mb-4 text-lg md:leading-8 break-words\">Le soleil se fera attendre aujourd&rsquo;hui sur Lille, o\u00f9 des nuages sont bien install\u00e9s. Les maximales iront jusqu&rsquo;\u00e0 15\u00b0C alors que les minimales seront de 10\u00b0C. Une brise de nord-est soufflera l\u00e9g\u00e8rement. Le matin, toujours de l\u00e9gers nuages dans le ciel qui emp\u00eachent le soleil de faire son apparition. Il va faire 13\u00b0C en moyenne. L&rsquo;apr\u00e8s-midi, le soleil sera cach\u00e9 derri\u00e8re des nuages. Des pluies \u00e9parses vont tomber. Les temp\u00e9ratures seront de 13\u00b0C au plus bas et de 15\u00b0C au plus haut. Le ciel sera assez lumineux, avec quelques \u00e9claircies le soir. Les valeurs s&rsquo;\u00e9chelonneront de 10 \u00e0 11\u00b0C. Une nuit claire vous attendra entre vendredi et samedi.<\/p>\n<p class=\"mb-4 text-lg md:leading-8 break-words\">Demain, une diminution des temp\u00e9ratures est \u00e0 craindre \u00e0 Lille. On pr\u00e9voit des temp\u00e9ratures avoisinant 12\u00b0C. Un vent d&rsquo;est rafra\u00eechira un peu l&rsquo;atmosph\u00e8re. Le ciel va s&rsquo;\u00e9claircir dans la matin\u00e9e. Les temp\u00e9ratures seront de 10\u00b0C. Demain apr\u00e8s-midi, on sera sous un ciel bien gris, couvert de nuages. D&rsquo;un autre c\u00f4t\u00e9, c&rsquo;est une hausse de plusieurs degr\u00e9s que vont enregistrer les temp\u00e9ratures. Les valeurs seront comprises entre 13 et 16\u00b0C. Les nuages \u00e0 pr\u00e9voir demain soir, et un ciel encore maussade. Les temp\u00e9ratures seront de 12\u00b0C.<\/p>\n<p class=\"mb-4 text-lg md:leading-8 break-words\">Les conditions m\u00e9t\u00e9orologiques des jours suivants vont changer progressivement. M\u00eame si le beau temps perdurera quelque peu dimanche, il faut pr\u00e9voir une d\u00e9gradation ensuite.<\/p>\n<p class=\"mb-4 text-lg md:leading-8 break-words\"><a href=\"https:\/\/www.20minutes.fr\/planete\/previsions-meteo\/4179878-20251017-meteo-lille-previsions-vendredi-17-octobre-2025?at_medium=RSS%20feed&amp;at_campaign=ynews&amp;utm_source=yahoo&amp;utm_medium=rss&amp;utm_campaign=news_feed&amp;utm_content=read_more_link&quot;\" rel=\"nofollow noopener\" target=\"_blank\" data-ylk=\"slk:Lire la suite sur 20minutes;elm:context_link;itc:0;sec:content-canvas\" class=\"link \">Lire la suite sur 20minutes<\/a><\/p>\n","protected":false},"excerpt":{"rendered":"M\u00e9t\u00e9o &#8211; On notera la pr\u00e9sence persistante de nuages aujourd&rsquo;hui. Des pluies \u00e9parses tomberont. Les temp\u00e9ratures seront de&hellip;\n","protected":false},"author":2,"featured_media":468941,"comment_status":"","ping_status":"","sticky":false,"template":"","format":"standard","meta":{"footnotes":""},"categories":[2815],"tags":[1111,11,1777,674,1011,27,811,29508,44166,6172,1307,2487,12,25],"class_list":{"0":"post-468940","1":"post","2":"type-post","3":"status-publish","4":"format-standard","5":"has-post-thumbnail","7":"category-lille","8":"tag-actu","9":"tag-actualites","10":"tag-eu","11":"tag-europe","12":"tag-fr","13":"tag-france","14":"tag-hauts-de-france","15":"tag-le-ciel","16":"tag-le-matin","17":"tag-le-soleil","18":"tag-lille","19":"tag-meteo","20":"tag-news","21":"tag-republique-francaise"},"share_on_mastodon":{"url":"https:\/\/pubeurope.com\/@fr\/115387234127884640","error":""},"_links":{"self":[{"href":"https:\/\/www.europesays.com\/fr\/wp-json\/wp\/v2\/posts\/468940","targetHints":{"allow":["GET"]}}],"collection":[{"href":"https:\/\/www.europesays.com\/fr\/wp-json\/wp\/v2\/posts"}],"about":[{"href":"https:\/\/www.europesays.com\/fr\/wp-json\/wp\/v2\/types\/post"}],"author":[{"embeddable":true,"href":"https:\/\/www.europesays.com\/fr\/wp-json\/wp\/v2\/users\/2"}],"replies":[{"embeddable":true,"href":"https:\/\/www.europesays.com\/fr\/wp-json\/wp\/v2\/comments?post=468940"}],"version-history":[{"count":0,"href":"https:\/\/www.europesays.com\/fr\/wp-json\/wp\/v2\/posts\/468940\/revisions"}],"wp:featuredmedia":[{"embeddable":true,"href":"https:\/\/www.europesays.com\/fr\/wp-json\/wp\/v2\/media\/468941"}],"wp:attachment":[{"href":"https:\/\/www.europesays.com\/fr\/wp-json\/wp\/v2\/media?parent=468940"}],"wp:term":[{"taxonomy":"category","embeddable":true,"href":"https:\/\/www.europesays.com\/fr\/wp-json\/wp\/v2\/categories?post=468940"},{"taxonomy":"post_tag","embeddable":true,"href":"https:\/\/www.europesays.com\/fr\/wp-json\/wp\/v2\/tags?post=468940"}],"curies":[{"name":"wp","href":"https:\/\/api.w.org\/{rel}","templated":true}]}}