{"id":468944,"date":"2025-10-17T02:51:20","date_gmt":"2025-10-17T02:51:20","guid":{"rendered":"https:\/\/www.europesays.com\/fr\/468944\/"},"modified":"2025-10-17T02:51:20","modified_gmt":"2025-10-17T02:51:20","slug":"previsions-du-vendredi-17-octobre-2025-16","status":"publish","type":"post","link":"https:\/\/www.europesays.com\/fr\/468944\/","title":{"rendered":"pr\u00e9visions du vendredi 17 octobre 2025"},"content":{"rendered":"<p class=\"mb-4 text-lg md:leading-8 break-words\"><strong>M\u00e9t\u00e9o &#8211; Cette journ\u00e9e sera synonyme de beau soleil. Les temp\u00e9ratures seront de 18\u00b0C le matin et de 19\u00b0C l&rsquo;apr\u00e8s-midi&#8230;<\/strong><\/p>\n<p class=\"mb-4 text-lg md:leading-8 break-words\">Le soleil sera au rendez-vous \u00e0 Marseille : une magnifique journ\u00e9e se profile ! Il va faire environ 18\u00b0C. Un vent de sud-ouest rafra\u00eechira sensiblement l&rsquo;atmosph\u00e8re. Dans la matin\u00e9e, les temp\u00e9ratures avoisineront les 18\u00b0C. Les valeurs afficheront entre 18 et 20\u00b0C pendant l&rsquo;apr\u00e8s-midi. Des \u00e9claircies sont pr\u00e9vues : on passera une soir\u00e9e agr\u00e9able. Durant la nuit de vendredi \u00e0 samedi, le ciel sera clair.<\/p>\n<p class=\"mb-4 text-lg md:leading-8 break-words\">Un bel ensoleillement est attendu demain \u00e0 Marseille. Les temp\u00e9ratures s&rsquo;\u00e9chelonneront entre 16 et 20\u00b0C. Les valeurs tourneront autour des 18\u00b0C dans la matin\u00e9e. Une brise de nord-est soufflera l\u00e9g\u00e8rement. Les temp\u00e9ratures seront comprises entre 18\u00b0C et 20\u00b0C dans l&rsquo;apr\u00e8s-midi. Le ciel va quelque peu se d\u00e9gager dans la soir\u00e9e avec des \u00e9claircies. Il fera 18\u00b0C en moyenne. Un l\u00e9ger vent de sud-est soufflera.<\/p>\n<p class=\"mb-4 text-lg md:leading-8 break-words\">La m\u00e9t\u00e9o des jours suivants va \u00e9voluer progressivement. Le temps perdurera dimanche mais une d\u00e9gradation s&rsquo;ensuivra lundi.<\/p>\n<p class=\"mb-4 text-lg md:leading-8 break-words\"><a href=\"https:\/\/www.20minutes.fr\/planete\/previsions-meteo\/4179873-20251017-meteo-marseille-previsions-vendredi-17-octobre-2025?at_medium=RSS%20feed&amp;at_campaign=ynews&amp;utm_source=yahoo&amp;utm_medium=rss&amp;utm_campaign=news_feed&amp;utm_content=read_more_link&quot;\" rel=\"nofollow noopener\" target=\"_blank\" data-ylk=\"slk:Lire la suite sur 20minutes;elm:context_link;itc:0;sec:content-canvas\" class=\"link \">Lire la suite sur 20minutes<\/a><\/p>\n","protected":false},"excerpt":{"rendered":"M\u00e9t\u00e9o &#8211; Cette journ\u00e9e sera synonyme de beau soleil. Les temp\u00e9ratures seront de 18\u00b0C le matin et de&hellip;\n","protected":false},"author":2,"featured_media":468945,"comment_status":"","ping_status":"","sticky":false,"template":"","format":"standard","meta":{"footnotes":""},"categories":[2814],"tags":[1111,11,1777,674,1011,27,51394,29508,884,2487,12,882,25],"class_list":{"0":"post-468944","1":"post","2":"type-post","3":"status-publish","4":"format-standard","5":"has-post-thumbnail","7":"category-marseille","8":"tag-actu","9":"tag-actualites","10":"tag-eu","11":"tag-europe","12":"tag-fr","13":"tag-france","14":"tag-la-matinee","15":"tag-le-ciel","16":"tag-marseille","17":"tag-meteo","18":"tag-news","19":"tag-provence-alpes-cote-dazur","20":"tag-republique-francaise"},"share_on_mastodon":{"url":"https:\/\/pubeurope.com\/@fr\/115387241902930974","error":""},"_links":{"self":[{"href":"https:\/\/www.europesays.com\/fr\/wp-json\/wp\/v2\/posts\/468944","targetHints":{"allow":["GET"]}}],"collection":[{"href":"https:\/\/www.europesays.com\/fr\/wp-json\/wp\/v2\/posts"}],"about":[{"href":"https:\/\/www.europesays.com\/fr\/wp-json\/wp\/v2\/types\/post"}],"author":[{"embeddable":true,"href":"https:\/\/www.europesays.com\/fr\/wp-json\/wp\/v2\/users\/2"}],"replies":[{"embeddable":true,"href":"https:\/\/www.europesays.com\/fr\/wp-json\/wp\/v2\/comments?post=468944"}],"version-history":[{"count":0,"href":"https:\/\/www.europesays.com\/fr\/wp-json\/wp\/v2\/posts\/468944\/revisions"}],"wp:featuredmedia":[{"embeddable":true,"href":"https:\/\/www.europesays.com\/fr\/wp-json\/wp\/v2\/media\/468945"}],"wp:attachment":[{"href":"https:\/\/www.europesays.com\/fr\/wp-json\/wp\/v2\/media?parent=468944"}],"wp:term":[{"taxonomy":"category","embeddable":true,"href":"https:\/\/www.europesays.com\/fr\/wp-json\/wp\/v2\/categories?post=468944"},{"taxonomy":"post_tag","embeddable":true,"href":"https:\/\/www.europesays.com\/fr\/wp-json\/wp\/v2\/tags?post=468944"}],"curies":[{"name":"wp","href":"https:\/\/api.w.org\/{rel}","templated":true}]}}