{"id":468946,"date":"2025-10-17T02:52:23","date_gmt":"2025-10-17T02:52:23","guid":{"rendered":"https:\/\/www.europesays.com\/fr\/468946\/"},"modified":"2025-10-17T02:52:23","modified_gmt":"2025-10-17T02:52:23","slug":"mayane-va-retrouver-christophe-licata-danse-avec-les-stars-pour-un-defi-insolite-a-lyon","status":"publish","type":"post","link":"https:\/\/www.europesays.com\/fr\/468946\/","title":{"rendered":"Mayane va retrouver Christophe Licata (Danse avec les stars) pour un d\u00e9fi insolite \u00e0 Lyon"},"content":{"rendered":"<p itemprop=\"description\"><strong>Ils \u00e9taient l\u2019un des couples phares de la derni\u00e8re saison de l\u2019\u00e9mission Danse avec les stars sur TF1.<\/strong><\/p>\n<p>Danser pour la bonne cause. Tel sera le mot d\u2019ordre de la com\u00e9dienne villeurbannaise <strong>Mayane<\/strong> et du danseur <strong>Christophe Licata<\/strong> dans quelques semaines \u00e0 Lyon. Le duo a en effet annonc\u00e9 ce jeudi sur les r\u00e9seaux sociaux \u00eatre les ambassadeurs de l\u2019\u00e9v\u00e8nement Danse en c\u0153ur qui se d\u00e9roulera les 15 et 16 novembre du c\u00f4t\u00e9 de H7 dans le quartier de Confluence.<\/p>\n<p>Le principe ? Les \u00e9quipes mobilis\u00e9es \u00e0 cette occasion vont danser 24h sans s\u2019arr\u00eater dans le but de r\u00e9colter des dons revers\u00e9s \u00e0 l\u2019association Pr\u00eate moi tes ailes qui accompagne les familles touch\u00e9es par la trisomie 21. Mayane, qui sera prochainement \u00e0 l&rsquo;affiche <a href=\"https:\/\/www.lyonfemmes.com\/article\/251947\/un-nouveau-role-a-la-television-pour-mayane-un-p-tit-truc-en-plus\" target=\"_blank\" rel=\"noopener\">d&rsquo;un prochain \u00e9pisode<\/a> de la s\u00e9rie Jos\u00e9phine ange gardien, et Christophe Licata feront partie de la Team Diamant, surnom qu\u2019ils se donnaient lors de la derni\u00e8re saison de Danse avec les stars au cours de laquelle le couple avait \u00e9t\u00e9 \u00e9limin\u00e9 <a href=\"https:\/\/www.lyonfemmes.com\/article\/251658\/danse-avec-les-stars-fin-de-l-aventure-pour-la-villeurbannaise-mayane\" target=\"_blank\" rel=\"noopener\">aux portes de la finale<\/a>.\u00a0<\/p>\n<p>\u00ab\u00a0On vous aime et on vous dit \u00e0 tr\u00e8s tr\u00e8s bient\u00f4t\u00a0\u00bb, d\u00e9clare le duo dans une vid\u00e9o \u00e9voquant ce \u00ab\u00a0d\u00e9fi fou\u00a0\u00bb.<\/p>\n<blockquote class=\"instagram-media\" style=\"background: #FFF; border: 0; border-radius: 3px; box-shadow: 0 0 1px 0 rgba(0,0,0,0.5),0 1px 10px 0 rgba(0,0,0,0.15); margin: 1px; max-width: 540px; min-width: 326px; padding: 0; width: calc(100% - 2px);\" data-instgrm-captioned=\"\" data-instgrm-permalink=\"https:\/\/www.instagram.com\/reel\/DP38CUgDC2g\/?utm_source=ig_embed&amp;utm_campaign=loading\" data-instgrm-version=\"14\"><p>&#13;<br \/>\n&#13;\n<\/p><\/blockquote>\n<p>\t\t  <script async src=\"\/\/www.instagram.com\/embed.js\"><\/script><\/p>\n","protected":false},"excerpt":{"rendered":"Ils \u00e9taient l\u2019un des couples phares de la derni\u00e8re saison de l\u2019\u00e9mission Danse avec les stars sur TF1.&hellip;\n","protected":false},"author":2,"featured_media":468947,"comment_status":"","ping_status":"","sticky":false,"template":"","format":"standard","meta":{"footnotes":""},"categories":[1889],"tags":[1111,11,2813,2190,2430,1109,251,1112,2811,1777,674,118,1294,4651,1011,27,1922,1110,1114,2428,4903,4902,12,241,316,25,2812,517,800],"class_list":{"0":"post-468946","1":"post","2":"type-post","3":"status-publish","4":"format-standard","5":"has-post-thumbnail","7":"category-lyon","8":"tag-actu","9":"tag-actualites","10":"tag-article","11":"tag-asvel","12":"tag-auvergne-rhone-alpes","13":"tag-breves","14":"tag-culture","15":"tag-depeches","16":"tag-economique","17":"tag-eu","18":"tag-europe","19":"tag-faits-divers","20":"tag-femme","21":"tag-femmes","22":"tag-fr","23":"tag-france","24":"tag-info","25":"tag-informations","26":"tag-infos","27":"tag-lyon","28":"tag-lyonfemme","29":"tag-lyonfemmes","30":"tag-news","31":"tag-ol","32":"tag-politique","33":"tag-republique-francaise","34":"tag-sociale","35":"tag-sport","36":"tag-transports"},"share_on_mastodon":{"url":"https:\/\/pubeurope.com\/@fr\/115387245892001164","error":""},"_links":{"self":[{"href":"https:\/\/www.europesays.com\/fr\/wp-json\/wp\/v2\/posts\/468946","targetHints":{"allow":["GET"]}}],"collection":[{"href":"https:\/\/www.europesays.com\/fr\/wp-json\/wp\/v2\/posts"}],"about":[{"href":"https:\/\/www.europesays.com\/fr\/wp-json\/wp\/v2\/types\/post"}],"author":[{"embeddable":true,"href":"https:\/\/www.europesays.com\/fr\/wp-json\/wp\/v2\/users\/2"}],"replies":[{"embeddable":true,"href":"https:\/\/www.europesays.com\/fr\/wp-json\/wp\/v2\/comments?post=468946"}],"version-history":[{"count":0,"href":"https:\/\/www.europesays.com\/fr\/wp-json\/wp\/v2\/posts\/468946\/revisions"}],"wp:featuredmedia":[{"embeddable":true,"href":"https:\/\/www.europesays.com\/fr\/wp-json\/wp\/v2\/media\/468947"}],"wp:attachment":[{"href":"https:\/\/www.europesays.com\/fr\/wp-json\/wp\/v2\/media?parent=468946"}],"wp:term":[{"taxonomy":"category","embeddable":true,"href":"https:\/\/www.europesays.com\/fr\/wp-json\/wp\/v2\/categories?post=468946"},{"taxonomy":"post_tag","embeddable":true,"href":"https:\/\/www.europesays.com\/fr\/wp-json\/wp\/v2\/tags?post=468946"}],"curies":[{"name":"wp","href":"https:\/\/api.w.org\/{rel}","templated":true}]}}