{"id":468962,"date":"2025-10-17T03:01:21","date_gmt":"2025-10-17T03:01:21","guid":{"rendered":"https:\/\/www.europesays.com\/fr\/468962\/"},"modified":"2025-10-17T03:01:21","modified_gmt":"2025-10-17T03:01:21","slug":"pourquoi-le-cessez-le-feu-a-gaza-met-poutine-sous-pression","status":"publish","type":"post","link":"https:\/\/www.europesays.com\/fr\/468962\/","title":{"rendered":"pourquoi le cessez-le-feu \u00e0 Gaza met Poutine sous pression"},"content":{"rendered":"\n<p>Le 16\u00a0octobre, les m\u00e9dias officiels russes n\u2019avaient d\u2019yeux que pour la rencontre, la veille, entre Vladimir Poutine et le pr\u00e9sident syrien par int\u00e9rim, Ahmed El-Charaa. Pourtant, comme le souligne <a href=\"https:\/\/meduza.io\/news\/2025\/10\/15\/putin-prinyal-v-moskve-vremennogo-prezidenta-sirii-ahmeda-ash-sharaa-po-dannym-reuters-tot-hochet-potrebovat-vydachi-bashara-asada\" target=\"_blank\" rel=\"noopener\">le journal en exil <strong>Meduza<\/strong><\/a><strong>,<\/strong> presque rien n\u2019a filtr\u00e9 de cette rencontre cens\u00e9e ouvrir un nouveau chapitre dans les relations bilat\u00e9rales. Les questions les plus sensibles, l\u2019extradition <a href=\"https:\/\/www.courrierinternational.com\/article\/syrie-la-vie-luxueuse-de-bachar-el-assad-et-ses-proches-bien-equipes-pour-l-exil-en-russie_225841\" target=\"_blank\" rel=\"noopener\">de l\u2019ancien dictateur Bachar El-Assad<\/a> et l\u2019avenir des bases militaires russes, ont visiblement \u00e9t\u00e9 abord\u00e9es derri\u00e8re des portes closes, ench\u00e9rit <a href=\"https:\/\/www.bbc.com\/russian\/articles\/crre5w8qr2no\" target=\"_blank\" rel=\"noopener\">le service en langue russe de la <strong>BBC<\/strong><\/a><strong>.<\/strong><\/p>\n<p>Cette rencontre vient compenser un grand vide, poursuivent leurs coll\u00e8gues de<a href=\"https:\/\/www.svoboda.org\/a\/putin-i-lavrov-vne-igry-rossiyu-potesnili-na-blizhnem-vostoke\/33560517.html\" target=\"_blank\" rel=\"noopener\"> <strong>Radio Free Europe-Radio Liberty <\/strong>(RFE-RL)<\/a>\u00a0: l\u2019absence de la Russie <a href=\"https:\/\/www.courrierinternational.com\/article\/moyen-orient-gaza-l-egypte-annonce-un-sommet-de-la-paix-ce-lundi-a-charm-el-cheikh_236149\" target=\"_blank\" rel=\"noopener\">au sommet de Charm El-Cheikh<\/a> dans le cadre du \u201cplan Trump\u201d pour la paix au Proche-Orient.<\/p>\n<p>En d\u00e9but de semaine, alors que plusieurs dirigeants moyen-orientaux saluaient l\u2019intervention du pr\u00e9sident am\u00e9ricain en faveur d\u2019un cessez-le-feu \u00e0 Gaza, le Kremlin \u00e9tait pour sa part contraint d\u2019annuler un sommet avec plusieurs pays arabes pr\u00e9vu pour la fin de semaine \u00e0 Moscou. Faute de participants, tout simplement, <a class=\"ithalc\" data-ithal=\"lien_externe\" data-ithalc=\"[nav_article]\" target=\"_blank\" href=\"https:\/\/www.bloomberg.com\/news\/articles\/2025-10-10\/putin-scraps-summit-over-lack-of-attendance-from-arab-leaders\" rel=\"noopener\">selon <strong>Bloomberg<\/strong><\/a><strong>.<\/strong> Seuls deux dirigeants, ceux de la Syrie et de l\u2019Irak, auraient accept\u00e9 de se rendre \u00e0 Moscou, indique l\u2019agence.<\/p>\n<p>Cette d\u00e9convenue est \u201cun signe de plus de l\u2019affaibli<\/p>\n","protected":false},"excerpt":{"rendered":"Le 16\u00a0octobre, les m\u00e9dias officiels russes n\u2019avaient d\u2019yeux que pour la rencontre, la veille, entre Vladimir Poutine et&hellip;\n","protected":false},"author":2,"featured_media":468963,"comment_status":"","ping_status":"","sticky":false,"template":"","format":"standard","meta":{"footnotes":""},"categories":[1590],"tags":[11,1777,674,1892,4629,3519,12,132,220],"class_list":{"0":"post-468962","1":"post","2":"type-post","3":"status-publish","4":"format-standard","5":"has-post-thumbnail","7":"category-ukraine","8":"tag-actualites","9":"tag-eu","10":"tag-europe","11":"tag-gu00e9opolitique","12":"tag-guerre-israu00ebl-hamas","13":"tag-hamas","14":"tag-news","15":"tag-russie","16":"tag-ukraine"},"share_on_mastodon":{"url":"https:\/\/pubeurope.com\/@fr\/115387281168058474","error":""},"_links":{"self":[{"href":"https:\/\/www.europesays.com\/fr\/wp-json\/wp\/v2\/posts\/468962","targetHints":{"allow":["GET"]}}],"collection":[{"href":"https:\/\/www.europesays.com\/fr\/wp-json\/wp\/v2\/posts"}],"about":[{"href":"https:\/\/www.europesays.com\/fr\/wp-json\/wp\/v2\/types\/post"}],"author":[{"embeddable":true,"href":"https:\/\/www.europesays.com\/fr\/wp-json\/wp\/v2\/users\/2"}],"replies":[{"embeddable":true,"href":"https:\/\/www.europesays.com\/fr\/wp-json\/wp\/v2\/comments?post=468962"}],"version-history":[{"count":0,"href":"https:\/\/www.europesays.com\/fr\/wp-json\/wp\/v2\/posts\/468962\/revisions"}],"wp:featuredmedia":[{"embeddable":true,"href":"https:\/\/www.europesays.com\/fr\/wp-json\/wp\/v2\/media\/468963"}],"wp:attachment":[{"href":"https:\/\/www.europesays.com\/fr\/wp-json\/wp\/v2\/media?parent=468962"}],"wp:term":[{"taxonomy":"category","embeddable":true,"href":"https:\/\/www.europesays.com\/fr\/wp-json\/wp\/v2\/categories?post=468962"},{"taxonomy":"post_tag","embeddable":true,"href":"https:\/\/www.europesays.com\/fr\/wp-json\/wp\/v2\/tags?post=468962"}],"curies":[{"name":"wp","href":"https:\/\/api.w.org\/{rel}","templated":true}]}}