{"id":468966,"date":"2025-10-17T03:03:21","date_gmt":"2025-10-17T03:03:21","guid":{"rendered":"https:\/\/www.europesays.com\/fr\/468966\/"},"modified":"2025-10-17T03:03:21","modified_gmt":"2025-10-17T03:03:21","slug":"le-service-postal-condamne-a-une-amende-record-pour-ses-livraisons-en-retard-2","status":"publish","type":"post","link":"https:\/\/www.europesays.com\/fr\/468966\/","title":{"rendered":"le service postal condamn\u00e9 \u00e0 une amende record pour ses livraisons en retard"},"content":{"rendered":"<p class=\"mb-4 text-lg md:leading-8 break-words\">Royal Mail, le service postal historique du Royaume-Uni, a \u00e9t\u00e9 condamn\u00e9e ce mercredi 15 octobre \u00e0 une amende de 25 millions d\u2019euros pour retards r\u00e9p\u00e9t\u00e9s dans la livraison du courrier. C\u2019est l\u2019une des plus fortes sanctions jamais d\u00e9cid\u00e9es par l\u2019autorit\u00e9 des communications, Ofcom, selon la <a href=\"https:\/\/www.bbc.com\/news\/articles\/cd67qyw7z3vo\" rel=\"nofollow noopener\" target=\"_blank\" data-ylk=\"slk:BBC;elm:context_link;itc:0;sec:content-canvas\" class=\"link \">BBC<\/a>.<\/p>\n<p class=\"mb-4 text-lg md:leading-8 break-words\">Fond\u00e9e au XVIe si\u00e8cle, longtemps publique, Royal Mail n\u2019a livr\u00e9 que 77 % des lettres de premi\u00e8re classe (\u00e9quivalent du timbre rouge) dans les temps durant l\u2019exercice 2024-2025, loin de l\u2019objectif l\u00e9gal de 93 %. Pour le courrier de seconde classe (courrier standard), la proportion atteint 92,5 %, au lieu des 98,5 % fix\u00e9s.<\/p>\n<p class=\"mb-4 text-lg md:leading-8 break-words\">Le r\u00e9gulateur rappelle que ce n\u2019est pas une premi\u00e8re : deux amendes avaient d\u00e9j\u00e0 \u00e9t\u00e9 inflig\u00e9es, 6,5 millions d\u2019euros en 2023 et 12 millions en 2024. Ofcom pr\u00e9cise que le montant aurait pu grimper jusqu\u2019\u00e0 36 millions si l\u2019entreprise n\u2019avait pas reconnu ses manquements.<\/p>\n<p>Daniel Kretinsky nouveau ma\u00eetre \u00e0 bord<\/p>\n<p class=\"mb-4 text-lg md:leading-8 break-words\">\u00ab Des millions de lettres importantes arrivent en retard et les gens ne re\u00e7oivent pas le service qu\u2019ils paient \u00bb, a d\u00e9clar\u00e9 Ian Strawhorne, responsable des enqu\u00eates \u00e0 Ofcom. Le r\u00e9gulateur juge les mesures d\u2019am\u00e9lioration \u00ab insuffisantes et inefficaces \u00bb.<\/p>\n<p class=\"mb-4 text-lg md:leading-8 break-words\">Privatis\u00e9e depuis plus de dix ans, Royal Mail appartient depuis 2024 \u00e0 <a href=\"https:\/\/www.parismatch.com\/Culture\/Livres\/Les-ambitieux-deux-personnages-deux-facons-de-reussir-1681429\" rel=\"nofollow noopener\" target=\"_blank\" data-ylk=\"slk:Daniel Kretinsky;elm:context_link;itc:0;sec:content-canvas\" class=\"link \">Daniel Kretinsky<\/a>. L\u2019homme d\u2019affaires tch\u00e8que, connu en France pour ses participations dans Le Monde et Marianne a d\u00e9bours\u00e9 un peu plus de six milliards d\u2019euros pour reprendre le groupe britannique. Apr\u00e8s trois ans de pertes, l\u2019entreprise a re&#8230;<\/p>\n<p class=\"mb-4 text-lg md:leading-8 break-words\"><a href=\"https:\/\/www.parismatch.com\/actu\/economie\/royaume-uni-le-service-postal-condamne-a-une-amende-record-pour-ses-livraisons-en-retard-258665?at_medium=affiliate&amp;at_campaign=Yahoo\" rel=\"nofollow noopener\" target=\"_blank\" data-ylk=\"slk:Lire la suite sur ParisMatch;elm:context_link;itc:0;sec:content-canvas\" class=\"link \">Lire la suite sur ParisMatch<\/a><\/p>\n","protected":false},"excerpt":{"rendered":"Royal Mail, le service postal historique du Royaume-Uni, a \u00e9t\u00e9 condamn\u00e9e ce mercredi 15 octobre \u00e0 une amende&hellip;\n","protected":false},"author":2,"featured_media":468967,"comment_status":"","ping_status":"","sticky":false,"template":"","format":"standard","meta":{"footnotes":""},"categories":[1588],"tags":[11,59288,1777,674,3161,12,59286,59287,473,1853,1851,1850,1852],"class_list":{"0":"post-468966","1":"post","2":"type-post","3":"status-publish","4":"format-standard","5":"has-post-thumbnail","7":"category-royaume-uni","8":"tag-actualites","9":"tag-daniel-kretinsky","10":"tag-eu","11":"tag-europe","12":"tag-lentreprise","13":"tag-news","14":"tag-ofcom","15":"tag-royal-mail","16":"tag-royaume-uni","17":"tag-royaume-uni-de-grande-bretagne-et-dirlande-du-nord","18":"tag-uk","19":"tag-united-kingdom","20":"tag-united-kingdom-of-great-britain-and-northern-ireland"},"share_on_mastodon":{"url":"https:\/\/pubeurope.com\/@fr\/115387289031388825","error":""},"_links":{"self":[{"href":"https:\/\/www.europesays.com\/fr\/wp-json\/wp\/v2\/posts\/468966","targetHints":{"allow":["GET"]}}],"collection":[{"href":"https:\/\/www.europesays.com\/fr\/wp-json\/wp\/v2\/posts"}],"about":[{"href":"https:\/\/www.europesays.com\/fr\/wp-json\/wp\/v2\/types\/post"}],"author":[{"embeddable":true,"href":"https:\/\/www.europesays.com\/fr\/wp-json\/wp\/v2\/users\/2"}],"replies":[{"embeddable":true,"href":"https:\/\/www.europesays.com\/fr\/wp-json\/wp\/v2\/comments?post=468966"}],"version-history":[{"count":0,"href":"https:\/\/www.europesays.com\/fr\/wp-json\/wp\/v2\/posts\/468966\/revisions"}],"wp:featuredmedia":[{"embeddable":true,"href":"https:\/\/www.europesays.com\/fr\/wp-json\/wp\/v2\/media\/468967"}],"wp:attachment":[{"href":"https:\/\/www.europesays.com\/fr\/wp-json\/wp\/v2\/media?parent=468966"}],"wp:term":[{"taxonomy":"category","embeddable":true,"href":"https:\/\/www.europesays.com\/fr\/wp-json\/wp\/v2\/categories?post=468966"},{"taxonomy":"post_tag","embeddable":true,"href":"https:\/\/www.europesays.com\/fr\/wp-json\/wp\/v2\/tags?post=468966"}],"curies":[{"name":"wp","href":"https:\/\/api.w.org\/{rel}","templated":true}]}}