{"id":468972,"date":"2025-10-17T03:06:20","date_gmt":"2025-10-17T03:06:20","guid":{"rendered":"https:\/\/www.europesays.com\/fr\/468972\/"},"modified":"2025-10-17T03:06:20","modified_gmt":"2025-10-17T03:06:20","slug":"multimedia-la-commission-europeenne-devoile-une-feuille-de-route-pour-preparer-la-defense-de-lue-dici-2030-xinhua","status":"publish","type":"post","link":"https:\/\/www.europesays.com\/fr\/468972\/","title":{"rendered":"(Multim\u00e9dia) La Commission europ\u00e9enne d\u00e9voile une feuille de route pour pr\u00e9parer la d\u00e9fense de l&rsquo;UE d&rsquo;ici 2030 &#8211; Xinhua"},"content":{"rendered":"<p><img decoding=\"async\" controls=\"controls\" src=\"https:\/\/www.europesays.com\/fr\/wp-content\/uploads\/2025\/10\/2025101759f079f45a014b92835a7d9cb788a8fb_XxjifrF000002_20251017_CBMFN0A001.JPG\"\/>Photo prise le 23 mai 2025 montrant des drapeaux de l&rsquo;Union europ\u00e9enne au si\u00e8ge de la Commission europ\u00e9enne \u00e0 Bruxelles, en Belgique. (Xinhua\/Zhao Dingzhe)<\/p>\n<p><strong>L&rsquo;Union europ\u00e9enne (UE) a pr\u00e9sent\u00e9 jeudi une feuille de route en mati\u00e8re de d\u00e9fense visant \u00e0 atteindre une pr\u00e9paration totale \u00e0 la d\u00e9fense dans toute l&rsquo;UE d&rsquo;ici 2030.<\/strong><\/p>\n<p>BRUXELLES, 16 octobre (Xinhua) &#8212; L&rsquo;Union europ\u00e9enne (UE) a pr\u00e9sent\u00e9 jeudi une feuille de route en mati\u00e8re de d\u00e9fense visant \u00e0 atteindre une pr\u00e9paration totale \u00e0 la d\u00e9fense dans toute l&rsquo;UE d&rsquo;ici 2030.<\/p>\n<p>Intitul\u00e9e \u00ab\u00a0Pr\u00e9server la paix &#8211; Feuille de route pour la pr\u00e9paration \u00e0 la d\u00e9fense 2030\u00a0\u00bb, cette feuille de route a \u00e9t\u00e9 pr\u00e9sent\u00e9e conjointement par la Commission europ\u00e9enne et le haut repr\u00e9sentant de l&rsquo;UE pour les affaires \u00e9trang\u00e8res et la politique de s\u00e9curit\u00e9.<\/p>\n<p>Elle fixe des objectifs visant \u00e0 combler les lacunes en mati\u00e8re de capacit\u00e9s, \u00e0 acc\u00e9l\u00e9rer les investissements dans la d\u00e9fense parmi les Etats membres et \u00e0 orienter l&rsquo;UE vers une pr\u00e9paration totale \u00e0 la d\u00e9fense d&rsquo;ici 2030.<\/p>\n<p>Selon cette feuille de route, atteindre une capacit\u00e9 de d\u00e9fense totale signifie garantir que les forces arm\u00e9es des Etats membres de l&rsquo;UE puissent anticiper, se pr\u00e9parer et r\u00e9agir efficacement \u00e0 toute crise li\u00e9e \u00e0 la d\u00e9fense, y compris une guerre de haute intensit\u00e9.<\/p>\n<p>La feuille de route identifie quatre projets phares pour atteindre cet objectif : l&rsquo;initiative europ\u00e9enne de d\u00e9fense par drones, la surveillance du flanc oriental, le bouclier a\u00e9rien europ\u00e9en et le bouclier spatial europ\u00e9en, con\u00e7us pour renforcer la dissuasion et la d\u00e9fense sur les domaines terrestre, maritime, a\u00e9rien, cybern\u00e9tique et spatial.<\/p>\n<p>Elle exhorte les Etats membres \u00e0 former des \u00ab\u00a0coalitions de capacit\u00e9s\u00a0\u00bb dans neuf domaines critiques, notamment la d\u00e9fense a\u00e9rienne et antimissile, les facilitateurs strat\u00e9giques, la mobilit\u00e9 militaire, les syst\u00e8mes d&rsquo;artillerie, la cyberguerre, l&rsquo;intelligence artificielle et la guerre \u00e9lectronique, les missiles et les munitions, les drones et les contre-drones, le combat terrestre et les forces maritimes.<\/p>\n<p>Le document d\u00e9crit \u00e9galement les mesures \u00e0 prendre pour rendre la cha\u00eene d&rsquo;approvisionnement de la d\u00e9fense europ\u00e9enne plus r\u00e9siliente et r\u00e9duire la d\u00e9pendance \u00e0 l&rsquo;\u00e9gard des mati\u00e8res premi\u00e8res et des intrants critiques.<\/p>\n<p>Selon la feuille de route, d&rsquo;ici 2027, l&rsquo;UE vise \u00e0 \u00e9tablir un espace de mobilit\u00e9 militaire \u00e0 l&rsquo;\u00e9chelle de l&rsquo;UE afin de permettre aux troupes et aux \u00e9quipements de se d\u00e9placer rapidement \u00e0 travers les fronti\u00e8res gr\u00e2ce \u00e0 des r\u00e8gles et des r\u00e9seaux de transport harmonis\u00e9s. D&rsquo;ici 2030, le bloc cherche \u00e0 cr\u00e9er un march\u00e9 europ\u00e9en des \u00e9quipements de d\u00e9fense, en concentrant ses efforts sur le suivi des capacit\u00e9s de production et la r\u00e9duction des d\u00e9lais de livraison.<\/p>\n<p>La feuille de route s&rsquo;appuie sur l&rsquo;initiative \u00ab\u00a0ReArm Europe Plan\/Readiness 2030\u00a0\u00bb publi\u00e9e en mars et sera discut\u00e9e lors du sommet europ\u00e9en de la semaine prochaine.<\/p>\n","protected":false},"excerpt":{"rendered":"Photo prise le 23 mai 2025 montrant des drapeaux de l&rsquo;Union europ\u00e9enne au si\u00e8ge de la Commission europ\u00e9enne&hellip;\n","protected":false},"author":2,"featured_media":468973,"comment_status":"","ping_status":"","sticky":false,"template":"","format":"standard","meta":{"footnotes":""},"categories":[1586],"tags":[11,554,1777,674,1779,1011,27,12,5240,25,1778,364],"class_list":{"0":"post-468972","1":"post","2":"type-post","3":"status-publish","4":"format-standard","5":"has-post-thumbnail","7":"category-europe","8":"tag-actualites","9":"tag-defense","10":"tag-eu","11":"tag-europe","12":"tag-european-union","13":"tag-fr","14":"tag-france","15":"tag-news","16":"tag-programme","17":"tag-republique-francaise","18":"tag-ue","19":"tag-union-europeenne"},"share_on_mastodon":{"url":"https:\/\/pubeurope.com\/@fr\/115387301245162069","error":""},"_links":{"self":[{"href":"https:\/\/www.europesays.com\/fr\/wp-json\/wp\/v2\/posts\/468972","targetHints":{"allow":["GET"]}}],"collection":[{"href":"https:\/\/www.europesays.com\/fr\/wp-json\/wp\/v2\/posts"}],"about":[{"href":"https:\/\/www.europesays.com\/fr\/wp-json\/wp\/v2\/types\/post"}],"author":[{"embeddable":true,"href":"https:\/\/www.europesays.com\/fr\/wp-json\/wp\/v2\/users\/2"}],"replies":[{"embeddable":true,"href":"https:\/\/www.europesays.com\/fr\/wp-json\/wp\/v2\/comments?post=468972"}],"version-history":[{"count":0,"href":"https:\/\/www.europesays.com\/fr\/wp-json\/wp\/v2\/posts\/468972\/revisions"}],"wp:featuredmedia":[{"embeddable":true,"href":"https:\/\/www.europesays.com\/fr\/wp-json\/wp\/v2\/media\/468973"}],"wp:attachment":[{"href":"https:\/\/www.europesays.com\/fr\/wp-json\/wp\/v2\/media?parent=468972"}],"wp:term":[{"taxonomy":"category","embeddable":true,"href":"https:\/\/www.europesays.com\/fr\/wp-json\/wp\/v2\/categories?post=468972"},{"taxonomy":"post_tag","embeddable":true,"href":"https:\/\/www.europesays.com\/fr\/wp-json\/wp\/v2\/tags?post=468972"}],"curies":[{"name":"wp","href":"https:\/\/api.w.org\/{rel}","templated":true}]}}