{"id":468991,"date":"2025-10-17T03:19:09","date_gmt":"2025-10-17T03:19:09","guid":{"rendered":"https:\/\/www.europesays.com\/fr\/468991\/"},"modified":"2025-10-17T03:19:09","modified_gmt":"2025-10-17T03:19:09","slug":"adele-exarchopoulos-lembourgeoisement-on-trouve-journaldesfemmes-fr","status":"publish","type":"post","link":"https:\/\/www.europesays.com\/fr\/468991\/","title":{"rendered":"Ad\u00e8le Exarchopoulos : &quot;L&#039;embourgeoisement, on trouve&#8230;&quot; &#8211; journaldesfemmes.fr"},"content":{"rendered":"<ol>\n<li><a href=\"https:\/\/news.google.com\/rss\/articles\/CBMi-gFBVV95cUxOdWlDY0xFOEV3R1VUek0wYmQ5S1hLeHZLdlo0dDNqVnByM09kcGJHdGlzX3BrUERmb2ZRMlo5S25PVTBKeEhHVmN1Snl3LW03bU1ESUlpWlN0LXUxSU41cGRSX0tVS0xtMDNHMlR2bDI2ZzByR0k0NWhqYW5sT1pmbjNYQV85SzBWd19wd2pLU3pXbUhQUFUtSEV2eTh1aTFOUHZnU1J0X1B4eW9ORGRkNDJGUzBIcno0ME83LVByNEZQdHduTGZPNHNDNzdlYmUzd1pIN09MS0RuaFN2akpjUkUzdF94TEo5YU53OHY0Z3dxMXB6WTVYMV9B?oc=5\" target=\"_blank\" rel=\"nofollow noopener\">Ad\u00e8le Exarchopoulos : \u00ab\u00a0L&#8217;embourgeoisement, on trouve&#8230;\u00a0\u00bb<\/a>&nbsp;&nbsp;journaldesfemmes.fr<\/li>\n<li><a href=\"https:\/\/news.google.com\/rss\/articles\/CBMiiwJBVV95cUxNdDNQTkh0ZV9CQU9kQzZTRzJfZU82VmpicUg3WldIUDVNTTZjRThqdmNqanp6cGV4Vk11Wks3S09DLU5LVjIxbGpaOUo5Nkc3UzdhTldVUjdUb0pQUWFDNzlJREVYZTQtY0dyejRVUVBId2lRUThVWGs0OWNSRXNjSlNmNll1WmYtV0NmeXplVS1KbjRBNV9HM1MxSzlkMXhYOVJ3OEtwZXVmSUhXQUxaVXpMNGF5cmp2b2Z2OVFUUU1QbEZNY3VRZTBoZ3hNM0VicmJkTnRmUVMxc3l4by1VZEFYOThYcWN3ZmNjbF9DcUczeTRhVVdzM3l1ZWtRcnZmR05GcVk5ZG1KaDA?oc=5\" target=\"_blank\" rel=\"nofollow noopener\">\u00abOn me propose des salaires que ma m\u00e8re n\u2019atteindra jamais\u00bb : Ad\u00e8le Exarchopoulos se confie sur son statut de transfuge de classe<\/a>&nbsp;&nbsp;Madame Figaro<\/li>\n<li><a href=\"https:\/\/news.google.com\/rss\/articles\/CBMijgFBVV95cUxNUUxRTEd5TGU1cHBDVHEyNWc2OWVCcUtTTFcyRG82dmxEUWhrN1ozTlJzSmxvSFVOOHZucS1SNGVWb25HR0EtRmhXd0RFZG4yTkJjang4Yy03UFBYTHhITmFCSUo1d19rSnhjWURBcnRUWXh6SThaY2RLLWZPU2J3V2tYb2lVVHBibzY5ejJ3?oc=5\" target=\"_blank\" rel=\"nofollow noopener\">\u00ab Je n\u2019ai manqu\u00e9 de rien \u00bb : Ad\u00e8le Exarchopoulos revient sur sa vie d\u2019avant boulevers\u00e9e par la notori\u00e9t\u00e9<\/a>&nbsp;&nbsp;Yahoo Life France<\/li>\n<li><a href=\"https:\/\/news.google.com\/rss\/articles\/CBMi7gFBVV95cUxQSEtjM09DczZMUWdNby10aklCTTUwLUJibkVDY0xYM0tIR2wzWHI1S1FnTXZmMS05bDk5aTV5dXh1SXd2STFJWm5CMGJad0RqWDJJRFMxQnpBZy1HdERRRXIzM2p6MWlycnp1U2VNb19XQmNyaWRMMEVGdFVjYVFyYjVPcDJqblpkOU1TbW1DOVhrX0VwcXl1WjdjU3dqalRuSVdqcGpUckJNV0VZQTBkeU9RVlNjaDVmdWpURXMwQjBDWFVNeUw1cWdyZncyc293bklMbWx2ZlQ4azJleEJXTks5aG9VdDRhTjZSVkRB?oc=5\" target=\"_blank\" rel=\"nofollow noopener\">\u00ab\u00a0Il y a forc\u00e9ment un sentiment d\u2019ind\u00e9cence\u00a0\u00bb : Ad\u00e8le Exarchopoulos se confie sur sa r\u00e9ussite malgr\u00e9 des origines modestes<\/a>&nbsp;&nbsp;grazia.fr<\/li>\n<li><a href=\"https:\/\/news.google.com\/rss\/articles\/CBMi4gFBVV95cUxOaVIycU5VUWtkUlVpOXV4TmtnZGZKa1FSTmtkOUMwSzQwcnB1d1kyWlBYUHNIMWNIRFJUTm9hOTFCQWZkb3V5NUx3UWNMOENkbzkweHFCTU8tQTdVbUVMdm11ejhkTUZLd2lQQUFPLXlxcGhyenhZUmVocllEX05QX0hBb0FNZHp2U05yN0hDWFAxeFZ3MEZ0VHlBUEJzUTFQd3F0dEdlWXJHaWVBdG5VMXNHTng1N2FxRTVLWDNndmR5b1kwQWRSOTJIXzl4TlZlTjEtM3ZyUldOY2VJWDZGRFZB?oc=5\" target=\"_blank\" rel=\"nofollow noopener\">\u00ab\u00a0Il y a forc\u00e9ment un sentiment d&rsquo;ind\u00e9cence\u00a0\u00bb : Ad\u00e8le Exarchopoulos, issue d\u2019une famille modeste, \u00e9voque sa notori\u00e9t\u00e9<\/a>&nbsp;&nbsp;Marie Claire<\/li>\n<\/ol>\n","protected":false},"excerpt":{"rendered":"Ad\u00e8le Exarchopoulos : \u00ab\u00a0L&#8217;embourgeoisement, on trouve&#8230;\u00a0\u00bb&nbsp;&nbsp;journaldesfemmes.fr \u00abOn me propose des salaires que ma m\u00e8re n\u2019atteindra jamais\u00bb : Ad\u00e8le&hellip;\n","protected":false},"author":2,"featured_media":395849,"comment_status":"","ping_status":"","sticky":false,"template":"","format":"standard","meta":{"footnotes":""},"categories":[1359],"tags":[58,59,1011,27,973],"class_list":{"0":"post-468991","1":"post","2":"type-post","3":"status-publish","4":"format-standard","5":"has-post-thumbnail","7":"category-people","8":"tag-divertissement","9":"tag-entertainment","10":"tag-fr","11":"tag-france","12":"tag-people"},"share_on_mastodon":{"url":"https:\/\/pubeurope.com\/@fr\/115387352072223447","error":""},"_links":{"self":[{"href":"https:\/\/www.europesays.com\/fr\/wp-json\/wp\/v2\/posts\/468991","targetHints":{"allow":["GET"]}}],"collection":[{"href":"https:\/\/www.europesays.com\/fr\/wp-json\/wp\/v2\/posts"}],"about":[{"href":"https:\/\/www.europesays.com\/fr\/wp-json\/wp\/v2\/types\/post"}],"author":[{"embeddable":true,"href":"https:\/\/www.europesays.com\/fr\/wp-json\/wp\/v2\/users\/2"}],"replies":[{"embeddable":true,"href":"https:\/\/www.europesays.com\/fr\/wp-json\/wp\/v2\/comments?post=468991"}],"version-history":[{"count":0,"href":"https:\/\/www.europesays.com\/fr\/wp-json\/wp\/v2\/posts\/468991\/revisions"}],"wp:featuredmedia":[{"embeddable":true,"href":"https:\/\/www.europesays.com\/fr\/wp-json\/wp\/v2\/media\/395849"}],"wp:attachment":[{"href":"https:\/\/www.europesays.com\/fr\/wp-json\/wp\/v2\/media?parent=468991"}],"wp:term":[{"taxonomy":"category","embeddable":true,"href":"https:\/\/www.europesays.com\/fr\/wp-json\/wp\/v2\/categories?post=468991"},{"taxonomy":"post_tag","embeddable":true,"href":"https:\/\/www.europesays.com\/fr\/wp-json\/wp\/v2\/tags?post=468991"}],"curies":[{"name":"wp","href":"https:\/\/api.w.org\/{rel}","templated":true}]}}