{"id":468996,"date":"2025-10-17T03:22:16","date_gmt":"2025-10-17T03:22:16","guid":{"rendered":"https:\/\/www.europesays.com\/fr\/468996\/"},"modified":"2025-10-17T03:22:16","modified_gmt":"2025-10-17T03:22:16","slug":"avant-premiere-familles-nombreuses-la-vie-en-xxl-du-17-octobre-2025-episode-10-familles-nombreuses-la-vie-en-xxl","status":"publish","type":"post","link":"https:\/\/www.europesays.com\/fr\/468996\/","title":{"rendered":"Avant-premi\u00e8re &#8211; Familles nombreuses : la vie en XXL du 17 octobre 2025 &#8211; Episode 10 &#8211; Familles nombreuses : la vie en XXL"},"content":{"rendered":"<p id=\"descriptionPanel\" class=\"text-secondary mr-2 line-clamp-2 pr-2.5 overflow-visible\">Le marathon de ma famille Chomel n&rsquo;est pas encore termin\u00e9 ! Il faut maintenant coucher les petits avant d&rsquo;aller au dernier spectacle de la soir\u00e9e. Il faut vite pr\u00e9parer tout le monde. Pour Tiffanie Espositio, a une technique sp\u00e9ciale pour pallier \u00e0 son retard au restaurant. Elle envoie les grandes filles pour \u00eatre \u00e0 l&rsquo;heure et ensuite elle rejoint les enfants avec les petites. Apr\u00e8s la cuisson des pizzas, la famille Ballot passe \u00e0 table pour le traditionnel d\u00eener de fin d&rsquo;ann\u00e9e scolaire. Bonne d\u00e9gustation ! Il est temps aussi pour Ana\u00efs et Maxime d&rsquo;annoncer qu&rsquo;ils ont un nouveau projet en t\u00eate pour l&rsquo;ann\u00e9e prochaine. Il est temps pour la famille Jean-Z\u00e9phirin de faire la f\u00eate ! Ils sont pr\u00eats pour cette soir\u00e9e et vive la f\u00eate de la musique ! Familles nombreuses : la vie en XXL. Saison 10 \u00c9pisode 10.<\/p>\n<p>Afficher la version longue du r\u00e9sum\u00e9<a class=\"shrink-0\" href=\"https:\/\/www.tf1.fr\/tf1\/les-familles-nombreuses-la-vie-en-xxl\" target=\"_blank\" rel=\"noopener\"><img decoding=\"async\" src=\"https:\/\/www.europesays.com\/fr\/wp-content\/uploads\/2025\/10\/program-card-portrait-1-famille-chomel-a1b52f-b4ed99-0@1x.jpg\" width=\"138\" height=\"184\" alt=\"\" loading=\"eager\" fetchpriority=\"auto\" class=\"rounded-3px aspect-[3\/4] h-24 w-auto\" aria-hidden=\"true\"\/><\/a><img alt=\"Sous-Titrage T\u00e9l\u00e9texte\" loading=\"lazy\" width=\"27\" height=\"20\" decoding=\"async\" data-nimg=\"1\" style=\"color:transparent\" src=\"https:\/\/www.tf1.fr\/public\/_next\/static\/media\/sme.b8f879c0.svg\"\/><\/p>\n<p>27m<\/p>\n<p>18 oct. 2025 \u00e0 05:15<\/p>\n","protected":false},"excerpt":{"rendered":"Le marathon de ma famille Chomel n&rsquo;est pas encore termin\u00e9 ! Il faut maintenant coucher les petits avant&hellip;\n","protected":false},"author":2,"featured_media":468997,"comment_status":"","ping_status":"","sticky":false,"template":"","format":"standard","meta":{"footnotes":""},"categories":[1356],"tags":[58,59,1365,21484,51365,41047,4980,21485,51366,6162,51374,51364,51371,51375,51369,51368,1011,27,6163,51370,51372,51373,252,1364,21486,51367],"class_list":{"0":"post-468996","1":"post","2":"type-post","3":"status-publish","4":"format-standard","5":"has-post-thumbnail","7":"category-television","8":"tag-divertissement","9":"tag-entertainment","10":"tag-episode","11":"tag-episode-familles-nombreuses-la-vie-en-xxl","12":"tag-episode-familles-nombreuses-la-vie-en-xxl-tf1","13":"tag-episode-tf1","14":"tag-familles-nombreuses-la-vie-en-xxl","15":"tag-familles-nombreuses-la-vie-en-xxl-episode","16":"tag-familles-nombreuses-la-vie-en-xxl-episode-tf1","17":"tag-familles-nombreuses-la-vie-en-xxl-streaming","18":"tag-familles-nombreuses-la-vie-en-xxl-streaming-gratuit","19":"tag-familles-nombreuses-la-vie-en-xxl-tf1","20":"tag-familles-nombreuses-la-vie-en-xxl-tf1-streaming","21":"tag-familles-nombreuses-la-vie-en-xxl-tf1-streaming-gratuit","22":"tag-familles-nombreuses-la-vie-en-xxl-tf1-video","23":"tag-familles-nombreuses-la-vie-en-xxl-video","24":"tag-fr","25":"tag-france","26":"tag-streaming-familles-nombreuses-la-vie-en-xxl","27":"tag-streaming-familles-nombreuses-la-vie-en-xxl-tf1","28":"tag-streaming-gratuit-familles-nombreuses-la-vie-en-xxl","29":"tag-streaming-gratuit-familles-nombreuses-la-vie-en-xxl-tf1","30":"tag-television","31":"tag-tv","32":"tag-video-familles-nombreuses-la-vie-en-xxl","33":"tag-video-familles-nombreuses-la-vie-en-xxl-tf1"},"share_on_mastodon":{"url":"","error":"Validation failed: Text character limit of 500 exceeded"},"_links":{"self":[{"href":"https:\/\/www.europesays.com\/fr\/wp-json\/wp\/v2\/posts\/468996","targetHints":{"allow":["GET"]}}],"collection":[{"href":"https:\/\/www.europesays.com\/fr\/wp-json\/wp\/v2\/posts"}],"about":[{"href":"https:\/\/www.europesays.com\/fr\/wp-json\/wp\/v2\/types\/post"}],"author":[{"embeddable":true,"href":"https:\/\/www.europesays.com\/fr\/wp-json\/wp\/v2\/users\/2"}],"replies":[{"embeddable":true,"href":"https:\/\/www.europesays.com\/fr\/wp-json\/wp\/v2\/comments?post=468996"}],"version-history":[{"count":0,"href":"https:\/\/www.europesays.com\/fr\/wp-json\/wp\/v2\/posts\/468996\/revisions"}],"wp:featuredmedia":[{"embeddable":true,"href":"https:\/\/www.europesays.com\/fr\/wp-json\/wp\/v2\/media\/468997"}],"wp:attachment":[{"href":"https:\/\/www.europesays.com\/fr\/wp-json\/wp\/v2\/media?parent=468996"}],"wp:term":[{"taxonomy":"category","embeddable":true,"href":"https:\/\/www.europesays.com\/fr\/wp-json\/wp\/v2\/categories?post=468996"},{"taxonomy":"post_tag","embeddable":true,"href":"https:\/\/www.europesays.com\/fr\/wp-json\/wp\/v2\/tags?post=468996"}],"curies":[{"name":"wp","href":"https:\/\/api.w.org\/{rel}","templated":true}]}}