{"id":469001,"date":"2025-10-17T03:26:15","date_gmt":"2025-10-17T03:26:15","guid":{"rendered":"https:\/\/www.europesays.com\/fr\/469001\/"},"modified":"2025-10-17T03:26:15","modified_gmt":"2025-10-17T03:26:15","slug":"voici-la-liste-des-maladies-qui-ouvrent-droit-a-un-depart-avant-lage-legal","status":"publish","type":"post","link":"https:\/\/www.europesays.com\/fr\/469001\/","title":{"rendered":"voici la liste des maladies qui ouvrent droit \u00e0 un d\u00e9part avant l\u2019\u00e2ge l\u00e9gal"},"content":{"rendered":"<p>Par <a class=\"author_recette\" id=\"author_name\" href=\"https:\/\/www.nextplz.fr\/auteur\/mamy\" rel=\"nofollow noopener\" target=\"_blank\">Mamy Yves<br \/>\nRatsimbazafy<\/a> &#8211; Publi\u00e9 le 16 Oct 2025 \u00e0 09:30<\/p>\n<p class=\"article-intro excerpt\">Certaines affections graves<br \/>\npermettent un d\u00e9part en retraite avant 62 ans lorsqu\u2019elles<br \/>\nentra\u00eenent une incapacit\u00e9 permanente d\u2019au moins 50 %. Voici les 12<br \/>\nmaladies concern\u00e9es et les d\u00e9marches \u00e0 suivre.<\/p>\n<p>La <a href=\"https:\/\/www.nextplz.fr\/societe\/510439-reforme-des-retraites-contre-toute-attente-elisabeth-borne-se-dit-favorable-a-une-suspension-du-texte\" rel=\"nofollow noopener\" target=\"_blank\"><br \/>\nr\u00e9forme des retraites<\/a> de 2023 a confirm\u00e9 un principe essentiel<br \/>\n: lorsqu\u2019un assur\u00e9 pr\u00e9sente une incapacit\u00e9 permanente d\u2019au moins 20<br \/>\n%, il peut demander un d\u00e9part anticip\u00e9 sans abattement, quel que<br \/>\nsoit son \u00e2ge ou sa dur\u00e9e de cotisation. Toutefois, pour b\u00e9n\u00e9ficier<br \/>\ndu dispositif sp\u00e9cifique r\u00e9serv\u00e9 aux affections graves, un taux<br \/>\nd\u2019incapacit\u00e9 d\u2019au moins 50 % est exig\u00e9. Ces pathologies sont<br \/>\nr\u00e9pertori\u00e9es par arr\u00eat\u00e9 minist\u00e9riel. Le dossier doit \u00eatre valid\u00e9<br \/>\npar la Commission des droits et de l\u2019autonomie des personnes<br \/>\nhandicap\u00e9es (CDAPH), sur la base d\u2019un rapport m\u00e9dical complet<br \/>\n\u00e9tabli par un sp\u00e9cialiste et transmis \u00e0 la caisse de retraite<br \/>\ncomp\u00e9tente.<\/p>\n<p>Les maladies canc\u00e9reuses reconnues pour une retraite anticip\u00e9e<\/p>\n<p>Les tumeurs malignes, qu\u2019elles soient du sein, du poumon,<br \/>\ncolorectales ou h\u00e9matologiques, font partie des affections ouvrant<br \/>\ndroit \u00e0 la retraite anticip\u00e9e. L\u2019arr\u00eat\u00e9 du 30 mars 2011 reconna\u00eet<br \/>\nces maladies d\u00e8s lors qu\u2019elles entra\u00eenent une incapacit\u00e9 d\u2019au moins<br \/>\n50 % et n\u00e9cessitent un suivi th\u00e9rapeutique r\u00e9gulier. Ces situations<br \/>\nenglobent aussi les traitements lourds (chimioth\u00e9rapie,<br \/>\nradioth\u00e9rapie, immunoth\u00e9rapie) et les cas \u00e0 risque de r\u00e9cidive ou<br \/>\nde m\u00e9tastase.<\/p>\n<p>Les pathologies<br \/>\nneurologiques s\u00e9v\u00e8res<\/p>\n<p>Les maladies du syst\u00e8me nerveux central telles que la scl\u00e9rose<br \/>\nen plaques, la scl\u00e9rose lat\u00e9rale amyotrophique (SLA) et la maladie<br \/>\nde Parkinson sont \u00e9galement concern\u00e9es. Ces affections<br \/>\nd\u00e9g\u00e9n\u00e9ratives provoquent une perte progressive d\u2019autonomie et un<br \/>\nhandicap durable. D\u00e8s que le taux de 50 % d\u2019incapacit\u00e9 est reconnu,<br \/>\nles malades peuvent partir \u00e0 la retraite sans d\u00e9cote, en<br \/>\nreconnaissance du caract\u00e8re irr\u00e9versible de leur condition.<\/p>\n<p>Les atteintes<br \/>\ncardiaques et respiratoires graves<\/p>\n<p>Les insuffisances cardiaques avanc\u00e9es, valvulopathies s\u00e9v\u00e8res et<br \/>\ncoronaropathies instables sont couvertes lorsqu\u2019une fraction<br \/>\nd\u2019\u00e9jection ventriculaire gauche inf\u00e9rieure \u00e0 30 % est constat\u00e9e.<br \/>\nCette alt\u00e9ration du muscle cardiaque, accompagn\u00e9e de fatigue<br \/>\nchronique et d\u2019un risque d\u2019hospitalisation \u00e9lev\u00e9, justifie une<br \/>\nretraite anticip\u00e9e pour garantir la stabilit\u00e9 financi\u00e8re des<br \/>\npatients. C\u00f4t\u00e9 maladies respiratoires, <a href=\"https:\/\/fr.wikipedia.org\/wiki\/Asthme\" target=\"_blank\" rel=\"nofollow noopener\">les<br \/>\npersonnes souffrant d\u2019asthme s\u00e9v\u00e8re<\/a> sous oxyg\u00e9noth\u00e9rapie, de<br \/>\nbroncho-pneumopathie chronique obstructive (BPCO) ou de<br \/>\nmucoviscidose peuvent, elles aussi, pr\u00e9tendre \u00e0 un d\u00e9part avant<br \/>\nl\u2019\u00e2ge l\u00e9gal. Ces affections r\u00e9duisent consid\u00e9rablement la capacit\u00e9<br \/>\nd\u2019effort et n\u00e9cessitent un appareillage respiratoire permanent.<\/p>\n<p>L\u2019insuffisance r\u00e9nale<br \/>\nchronique<\/p>\n<p>La dialyse r\u00e9guli\u00e8re ou la transplantation r\u00e9nale figurent parmi<br \/>\nles affections ouvrant droit \u00e0 un d\u00e9part anticip\u00e9. Lorsqu\u2019un<br \/>\npatient suit un traitement de suppl\u00e9ance hebdomadaire et pr\u00e9sente<br \/>\nun trouble fonctionnel persistant, la retraite au taux plein peut<br \/>\n\u00eatre accord\u00e9e sans condition de dur\u00e9e de service.<\/p>\n","protected":false},"excerpt":{"rendered":"Par Mamy Yves Ratsimbazafy &#8211; Publi\u00e9 le 16 Oct 2025 \u00e0 09:30 Certaines affections graves permettent un d\u00e9part&hellip;\n","protected":false},"author":2,"featured_media":469002,"comment_status":"","ping_status":"","sticky":false,"template":"","format":"standard","meta":{"footnotes":""},"categories":[10],"tags":[21303,1011,27,72,71],"class_list":{"0":"post-469001","1":"post","2":"type-post","3":"status-publish","4":"format-standard","5":"has-post-thumbnail","7":"category-sante","8":"tag-buzz_nonli","9":"tag-fr","10":"tag-france","11":"tag-health","12":"tag-sante"},"share_on_mastodon":{"url":"https:\/\/pubeurope.com\/@fr\/115387379465552462","error":""},"_links":{"self":[{"href":"https:\/\/www.europesays.com\/fr\/wp-json\/wp\/v2\/posts\/469001","targetHints":{"allow":["GET"]}}],"collection":[{"href":"https:\/\/www.europesays.com\/fr\/wp-json\/wp\/v2\/posts"}],"about":[{"href":"https:\/\/www.europesays.com\/fr\/wp-json\/wp\/v2\/types\/post"}],"author":[{"embeddable":true,"href":"https:\/\/www.europesays.com\/fr\/wp-json\/wp\/v2\/users\/2"}],"replies":[{"embeddable":true,"href":"https:\/\/www.europesays.com\/fr\/wp-json\/wp\/v2\/comments?post=469001"}],"version-history":[{"count":0,"href":"https:\/\/www.europesays.com\/fr\/wp-json\/wp\/v2\/posts\/469001\/revisions"}],"wp:featuredmedia":[{"embeddable":true,"href":"https:\/\/www.europesays.com\/fr\/wp-json\/wp\/v2\/media\/469002"}],"wp:attachment":[{"href":"https:\/\/www.europesays.com\/fr\/wp-json\/wp\/v2\/media?parent=469001"}],"wp:term":[{"taxonomy":"category","embeddable":true,"href":"https:\/\/www.europesays.com\/fr\/wp-json\/wp\/v2\/categories?post=469001"},{"taxonomy":"post_tag","embeddable":true,"href":"https:\/\/www.europesays.com\/fr\/wp-json\/wp\/v2\/tags?post=469001"}],"curies":[{"name":"wp","href":"https:\/\/api.w.org\/{rel}","templated":true}]}}