{"id":469011,"date":"2025-10-17T03:31:12","date_gmt":"2025-10-17T03:31:12","guid":{"rendered":"https:\/\/www.europesays.com\/fr\/469011\/"},"modified":"2025-10-17T03:31:12","modified_gmt":"2025-10-17T03:31:12","slug":"en-reponse-a-trump-le-gouvernement-de-maduro-deploie-des-soldats-a-la-frontiere-colombienne","status":"publish","type":"post","link":"https:\/\/www.europesays.com\/fr\/469011\/","title":{"rendered":"En r\u00e9ponse \u00e0 Trump, le gouvernement de Maduro d\u00e9ploie des soldats \u00e0 la fronti\u00e8re colombienne"},"content":{"rendered":"<p>Le <a href=\"https:\/\/www.20minutes.fr\/monde\/venezuela\/\" target=\"_blank\" class=\"c-link c-link--is-underlined\" rel=\"noopener\">Venezuela<\/a> a renforc\u00e9 sa pr\u00e9sence militaire le long de sa fronti\u00e8re avec la <a href=\"https:\/\/www.20minutes.fr\/monde\/colombie\/\" target=\"_blank\" class=\"c-link c-link--is-underlined\" rel=\"noopener\">Colombie<\/a>, dans une d\u00e9monstration de force destin\u00e9e \u00e0 r\u00e9pondre au d\u00e9ploiement de navires de guerre am\u00e9ricains dans les Cara\u00efbes. Alors que Washington affirme agir dans le cadre d\u2019une vaste op\u00e9ration antidrogue visant les r\u00e9seaux du pr\u00e9sident <a href=\"https:\/\/www.20minutes.fr\/dossier\/nicolas_maduro\" target=\"_blank\" class=\"c-link c-link--is-underlined\" rel=\"noopener\">Nicol\u00e1s Maduro<\/a>, Caracas d\u00e9nonce une \u00ab\u00a0menace directe\u00a0\u00bb contre sa souverainet\u00e9. Depuis jeudi, quelque 17.000 soldats ont \u00e9t\u00e9 mobilis\u00e9s dans le cadre d\u2019exercices militaires de grande ampleur, selon le g\u00e9n\u00e9ral Michell Valladares, commandant de la Zone Op\u00e9rationnelle de D\u00e9fense Int\u00e9gr\u00e9e (Zodi) de l\u2019Etat de T\u00e1chira.<\/p>\n<p>Ce dernier a pr\u00e9cis\u00e9 que les forces se concentraient notamment autour du pont international Sim\u00f3n Bol\u00edvar, principal passage reliant la ville v\u00e9n\u00e9zu\u00e9lienne de San Antonio \u00e0 la ville colombienne de C\u00facuta. Des patrouilles et contr\u00f4les renforc\u00e9s ont \u00e9galement \u00e9t\u00e9 observ\u00e9s dans les Etats frontaliers de T\u00e1chira et Amazonas, o\u00f9 les militaires sont charg\u00e9s de prot\u00e9ger \u00ab\u00a0les entreprises strat\u00e9giques\u00a0\u00bb et \u00ab\u00a0les services de base\u00a0\u00bb, selon le g\u00e9n\u00e9ral Lionel Sojo, chef de la Zodi d\u2019Amazonas.<\/p>\n<\/p>\n<p>R\u00e9ponse directe \u00e0 Donald Trump<\/p>\n<p>Cette mont\u00e9e en puissance intervient en r\u00e9action directe au <a href=\"https:\/\/www.20minutes.fr\/monde\/4179629-20251016-etats-unis-trump-approuve-operations-cia-contre-venezuela-proteste\" target=\"_blank\" class=\"c-link c-link--is-underlined\" rel=\"noopener\">d\u00e9ploiement de sept navires de guerre am\u00e9ricains<\/a> dans les Cara\u00efbes et d\u2019un autre dans le Golfe du Mexique. Officiellement, l\u2019op\u00e9ration lanc\u00e9e par les <a href=\"https:\/\/www.20minutes.fr\/monde\/etats-unis\/\" target=\"_blank\" class=\"c-link c-link--is-underlined\" rel=\"noopener\">Etats-Unis<\/a> vise \u00e0 lutter contre le <a href=\"https:\/\/www.20minutes.fr\/dossier\/narcotrafiquants\" target=\"_blank\" class=\"c-link c-link--is-underlined\" rel=\"noopener\">narcotrafic<\/a>. Mais \u00e0 Caracas, les autorit\u00e9s y voient un pr\u00e9texte \u00e0 l\u2019ing\u00e9rence. \u00ab\u00a0Ces actions visent \u00e0 \u00e9lever le niveau de pr\u00e9paration op\u00e9rationnelle des forces et \u00e0 assurer l\u2019int\u00e9gration du peuple en armes\u00a0\u00bb, a d\u00e9clar\u00e9 le g\u00e9n\u00e9ral Lionel Sojo, en \u00e9cho \u00e0 la rh\u00e9torique d\u00e9fensive de Nicol\u00e1s Maduro.<\/p>\n<p><a href=\"https:\/\/www.20minutes.fr\/monde\/venezuela\/\" target=\"_blank\" class=\"c-link c-btn c-btn--primary\" rel=\"noopener\">Notre dossier sur le Venezuela<\/a><\/p>\n<p>Le pr\u00e9sident v\u00e9n\u00e9zu\u00e9lien, qui nie tout lien avec le narcotrafic, a ordonn\u00e9 la tenue de ces man\u0153uvres militaires au niveau national, y compris sur le littoral. Les Etats-Unis maintiennent la pression\u00a0: <a href=\"https:\/\/www.20minutes.fr\/dossier\/donald_trump\" target=\"_blank\" class=\"c-link c-link--is-underlined\" rel=\"noopener\">Donald Trump<\/a> a confirm\u00e9 avoir autoris\u00e9 des op\u00e9rations clandestines de la <a href=\"https:\/\/www.20minutes.fr\/monde\/cia\/\" target=\"_blank\" class=\"c-link c-link--is-underlined\" rel=\"noopener\">CIA<\/a> au Venezuela et \u00e9voqu\u00e9 au moins cinq frappes contre des embarcations, ayant fait selon lui vingt-sept morts, un bilan qu\u2019il n\u2019a pas \u00e9t\u00e9 possible de v\u00e9rifier de mani\u00e8re ind\u00e9pendante. En parall\u00e8le, les autorit\u00e9s de Trinit\u00e9-et-Tobago ont annonc\u00e9 l\u2019ouverture d\u2019une enqu\u00eate apr\u00e8s la possible mort de deux de leurs ressortissants lors de la derni\u00e8re attaque maritime, renfor\u00e7ant encore le climat d\u2019incertitude dans la r\u00e9gion.<\/p>\n","protected":false},"excerpt":{"rendered":"Le Venezuela a renforc\u00e9 sa pr\u00e9sence militaire le long de sa fronti\u00e8re avec la Colombie, dans une d\u00e9monstration&hellip;\n","protected":false},"author":2,"featured_media":469012,"comment_status":"","ping_status":"","sticky":false,"template":"","format":"standard","meta":{"footnotes":""},"categories":[5],"tags":[47,11,17274,5884,9395,75,73,1011,27,14,74,813,12,338,337,28],"class_list":{"0":"post-469011","1":"post","2":"type-post","3":"status-publish","4":"format-standard","5":"has-post-thumbnail","7":"category-international","8":"tag-actualite","9":"tag-actualites","10":"tag-armee-americaine","11":"tag-cia","12":"tag-colombie","13":"tag-donald-trump","14":"tag-etats-unis","15":"tag-fr","16":"tag-france","17":"tag-international","18":"tag-monde","19":"tag-narcotrafiquants","20":"tag-news","21":"tag-nicolas-maduro","22":"tag-venezuela","23":"tag-world"},"share_on_mastodon":{"url":"https:\/\/pubeurope.com\/@fr\/115387399403494958","error":""},"_links":{"self":[{"href":"https:\/\/www.europesays.com\/fr\/wp-json\/wp\/v2\/posts\/469011","targetHints":{"allow":["GET"]}}],"collection":[{"href":"https:\/\/www.europesays.com\/fr\/wp-json\/wp\/v2\/posts"}],"about":[{"href":"https:\/\/www.europesays.com\/fr\/wp-json\/wp\/v2\/types\/post"}],"author":[{"embeddable":true,"href":"https:\/\/www.europesays.com\/fr\/wp-json\/wp\/v2\/users\/2"}],"replies":[{"embeddable":true,"href":"https:\/\/www.europesays.com\/fr\/wp-json\/wp\/v2\/comments?post=469011"}],"version-history":[{"count":0,"href":"https:\/\/www.europesays.com\/fr\/wp-json\/wp\/v2\/posts\/469011\/revisions"}],"wp:featuredmedia":[{"embeddable":true,"href":"https:\/\/www.europesays.com\/fr\/wp-json\/wp\/v2\/media\/469012"}],"wp:attachment":[{"href":"https:\/\/www.europesays.com\/fr\/wp-json\/wp\/v2\/media?parent=469011"}],"wp:term":[{"taxonomy":"category","embeddable":true,"href":"https:\/\/www.europesays.com\/fr\/wp-json\/wp\/v2\/categories?post=469011"},{"taxonomy":"post_tag","embeddable":true,"href":"https:\/\/www.europesays.com\/fr\/wp-json\/wp\/v2\/tags?post=469011"}],"curies":[{"name":"wp","href":"https:\/\/api.w.org\/{rel}","templated":true}]}}