{"id":469015,"date":"2025-10-17T03:33:16","date_gmt":"2025-10-17T03:33:16","guid":{"rendered":"https:\/\/www.europesays.com\/fr\/469015\/"},"modified":"2025-10-17T03:33:16","modified_gmt":"2025-10-17T03:33:16","slug":"rechappe-de-la-censure-sebastien-lecornu-rentre-dans-le-dur-liberation","status":"publish","type":"post","link":"https:\/\/www.europesays.com\/fr\/469015\/","title":{"rendered":"r\u00e9chapp\u00e9 de la censure, S\u00e9bastien Lecornu rentre dans le dur \u2013 Lib\u00e9ration"},"content":{"rendered":"<p class=\"sc-cPiKLX AiZTS text-element\">Ses classes parlementaires coch\u00e9es, S\u00e9bastien Lecornu va pouvoir s\u2019attaquer <a href=\"https:\/\/www.liberation.fr\/politique\/budget-2026-un-calendrier-parlementaire-pave-dincertitudes-20251016_JULX6XHZPFB5HJTV5RLVDAR2NE\/?redirected=1\" target=\"_blank\" rel=\"noreferrer nofollow noopener\" title=\"https:\/\/www.liberation.fr\/politique\/budget-2026-un-calendrier-parlementaire-pave-dincertitudes-20251016_JULX6XHZPFB5HJTV5RLVDAR2NE\/?redirected=1\">\u00e0 l\u2019\u00e9preuve du budget<\/a>. Jeudi 16 octobre \u00e0 l\u2019Assembl\u00e9e, le Premier ministre a surv\u00e9cu \u00e0 deux motions de censure, premier obstacle d\u2019un automne budg\u00e9taire acrobatique. Morceau l\u00e9gislatif cors\u00e9, cens\u00e9 \u00eatre promulgu\u00e9 avant le 31 d\u00e9cembre, dans une Assembl\u00e9e balkanis\u00e9e <a href=\"https:\/\/www.liberation.fr\/politique\/sans-493-de-quels-outils-dispose-lecornu-pour-faire-adopter-son-budget-20251003_32AIJ6P7JBGUHGWGI6KRTHQVBU\/\" target=\"_blank\" rel=\"noreferrer nofollow noopener\" title=\"https:\/\/www.liberation.fr\/politique\/sans-493-de-quels-outils-dispose-lecornu-pour-faire-adopter-son-budget-20251003_32AIJ6P7JBGUHGWGI6KRTHQVBU\/\">et sans 49.3, comme il s\u2019y est engag\u00e9<\/a>\u2026 Mission impossible ? A chaque jour suffit sa peine lui conseillerait bien le chef de l\u2019Etat. Parti dans le d\u00e9cor apr\u00e8s l\u2019\u00e9clatement du bloc central, le chef du gouvernement peut d\u00e9j\u00e0 souffler : la motion de censure d\u00e9pos\u00e9e par La France insoumise et des d\u00e9put\u00e9s communistes et \u00e9cologistes \u2013 la seule qui avait une chance de le faire tomber \u2013 n\u2019a pas \u00e9t\u00e9 adopt\u00e9e. Avec 271 voix pour la censure, il en aura manqu\u00e9 18 seulement pour a <\/p>\n","protected":false},"excerpt":{"rendered":"Ses classes parlementaires coch\u00e9es, S\u00e9bastien Lecornu va pouvoir s\u2019attaquer \u00e0 l\u2019\u00e9preuve du budget. Jeudi 16 octobre \u00e0 l\u2019Assembl\u00e9e,&hellip;\n","protected":false},"author":2,"featured_media":469016,"comment_status":"","ping_status":"","sticky":false,"template":"","format":"standard","meta":{"footnotes":""},"categories":[2],"tags":[11,416,1011,27,780,430,12,429,2848,11067],"class_list":{"0":"post-469015","1":"post","2":"type-post","3":"status-publish","4":"format-standard","5":"has-post-thumbnail","7":"category-actualites","8":"tag-actualites","9":"tag-assemblee-nationale","10":"tag-fr","11":"tag-france","12":"tag-lfi","13":"tag-marine-le-pen","14":"tag-news","15":"tag-ps","16":"tag-rn","17":"tag-sebastien-lecornu"},"share_on_mastodon":{"url":"https:\/\/pubeurope.com\/@fr\/115387406991341655","error":""},"_links":{"self":[{"href":"https:\/\/www.europesays.com\/fr\/wp-json\/wp\/v2\/posts\/469015","targetHints":{"allow":["GET"]}}],"collection":[{"href":"https:\/\/www.europesays.com\/fr\/wp-json\/wp\/v2\/posts"}],"about":[{"href":"https:\/\/www.europesays.com\/fr\/wp-json\/wp\/v2\/types\/post"}],"author":[{"embeddable":true,"href":"https:\/\/www.europesays.com\/fr\/wp-json\/wp\/v2\/users\/2"}],"replies":[{"embeddable":true,"href":"https:\/\/www.europesays.com\/fr\/wp-json\/wp\/v2\/comments?post=469015"}],"version-history":[{"count":0,"href":"https:\/\/www.europesays.com\/fr\/wp-json\/wp\/v2\/posts\/469015\/revisions"}],"wp:featuredmedia":[{"embeddable":true,"href":"https:\/\/www.europesays.com\/fr\/wp-json\/wp\/v2\/media\/469016"}],"wp:attachment":[{"href":"https:\/\/www.europesays.com\/fr\/wp-json\/wp\/v2\/media?parent=469015"}],"wp:term":[{"taxonomy":"category","embeddable":true,"href":"https:\/\/www.europesays.com\/fr\/wp-json\/wp\/v2\/categories?post=469015"},{"taxonomy":"post_tag","embeddable":true,"href":"https:\/\/www.europesays.com\/fr\/wp-json\/wp\/v2\/tags?post=469015"}],"curies":[{"name":"wp","href":"https:\/\/api.w.org\/{rel}","templated":true}]}}