{"id":46906,"date":"2025-04-23T15:37:07","date_gmt":"2025-04-23T15:37:07","guid":{"rendered":"https:\/\/www.europesays.com\/fr\/46906\/"},"modified":"2025-04-23T15:37:07","modified_gmt":"2025-04-23T15:37:07","slug":"que-sest-il-passe-dans-ce-ter-pour-declencher-une-telle-colere","status":"publish","type":"post","link":"https:\/\/www.europesays.com\/fr\/46906\/","title":{"rendered":"que s\u2019est-il pass\u00e9 dans ce TER pour d\u00e9clencher une telle col\u00e8re\u00a0?"},"content":{"rendered":"<p>            Par<br \/>\n        <strong><br \/>\n            <a href=\"https:\/\/actu.fr\/auteur\/nicolas-salaun\" title=\"Consulter tous les articles de Nicolas Salin\" rel=\"nofollow noopener\" target=\"_blank\">Nicolas Salin<\/a><br \/>\n        <\/strong><\/p>\n<p>        Publi\u00e9 le<\/p>\n<p>            23 avr. 2025 \u00e0 16h56        <\/p>\n<p>Le mardi 22 avril, les passagers du TER n\u00b017760 reliant <a href=\"https:\/\/actu.fr\/auvergne-rhone-alpes\/lyon_69123\" rel=\"nofollow noopener\" target=\"_blank\">Lyon<\/a> \u00e0 <a href=\"https:\/\/actu.fr\/ile-de-france\/paris_75056\" rel=\"nofollow noopener\" target=\"_blank\">Paris<\/a>-Bercy via <a href=\"https:\/\/actu.fr\/bourgogne-franche-comte\/dijon_21231\" rel=\"nofollow noopener\" target=\"_blank\">Dijon<\/a> ont d\u00fb faire face \u00e0 une situation\u2026 <strong>particuli\u00e8rement inconfortable<\/strong> : les toilettes \u00e9taient condamn\u00e9es durant toute la dur\u00e9e du trajet, soit environ cinq heures.<\/p>\n<p class=\" wall-content\">Plusieurs usagers se sont tourn\u00e9s vers les r\u00e9seaux sociaux pour <strong>exprimer leur m\u00e9contentement<\/strong>, comme Vincent.<\/p>\n<p>5h sans toilette ouverte<\/p>\n<p class=\" wall-content\">\u00ab\u00a0C\u2019est inadmissible. Comment pouvez-vous faire partir un train avec un trajet de 5h sans toilette ouverte ?\u00a0\u00bb s\u2019est indign\u00e9 Vincent Poizat sur X\/Twitter. Selon ses messages, les toilettes du train se sont <strong>automatiquement verrouill\u00e9es<\/strong> en raison d\u2019une absence de <strong>vidange pr\u00e9alable<\/strong>.\u00a0<\/p>\n<p class=\" wall-content\"><a href=\"https:\/\/actu.fr\/tag\/sncf\" rel=\"nofollow noopener\" target=\"_blank\">La SNCF<\/a>, par l\u2019interm\u00e9diaire de son compte TER Mobigo, a indiqu\u00e9 que le dysfonctionnement avait \u00e9t\u00e9 <strong>identifi\u00e9 d\u00e8s le d\u00e9part<\/strong> en gare de Lyon Part-Dieu, mais que \u00ab\u00a0le mat\u00e9riel n\u00e9cessaire \u00e0 la vidange n\u2019\u00e9tait pas disponible au centre de lavage \u00e0 ce moment-l\u00e0\u00a0\u00bb <strong>emp\u00eachant toute intervention<\/strong> avant le d\u00e9part.<\/p>\n<p class=\" wall-content\">Une intervention n\u2019a pas non plus pu \u00eatre r\u00e9alis\u00e9e \u00e0 Dijon, o\u00f9 le train est rest\u00e9 \u00e0 quai une vingtaine de minutes, <strong>faute de personnel disponible<\/strong>.<\/p>\n<p>Vid\u00e9os : en ce moment sur Actu<\/p>\n<p class=\" wall-content\">\n<p>Une pause impos\u00e9e par un usager<\/p>\n<p class=\" wall-content\">C\u2019est finalement \u00e0 l\u2019initiative de Vincent Poizat que l\u2019arr\u00eat prolong\u00e9 a \u00e9t\u00e9 ordonn\u00e9 en gare de Laroche-Migennes. \u00ab\u00a0Devant mes protestations, il a ordonn\u00e9 cet <strong>arr\u00eat prolong\u00e9<\/strong>. Merci \u00e0 lui\u00a0\u00bb a-t-il pr\u00e9cis\u00e9, ajoutant que ce n\u2019\u00e9tait \u00ab\u00a0malheureusement pas la premi\u00e8re fois que cela arrive\u00a0\u00bb. Ce arr\u00eat plus long a permis \u00ab\u00a0aux voyageurs d\u2019acc\u00e9der aux sanitaires\u00a0\u00bb de la gare indique la SNCF. Mais cet arr\u00eat prolong\u00e9 n\u2019a pas suffi \u00e0 <strong>apaiser les tensions<\/strong>.<\/p>\n<p class=\" wall-content\">La SNCF a assur\u00e9 que <strong>le n\u00e9cessaire<\/strong> a \u00e9t\u00e9 effectu\u00e9 \u00e0 l\u2019arriv\u00e9e \u00e0 Paris-Bercy pour r\u00e9tablir le service des toilettes avant le trajet retour. Elle a \u00e9galement <strong>pr\u00e9sent\u00e9 ses excuses<\/strong> aux voyageurs et indiqu\u00e9 faire le n\u00e9cessaire pour \u00e9viter qu\u2019une telle situation ne se reproduise.<\/p>\n<p class=\" wall-content\">Certains usagers affirment cependant que ce type de probl\u00e8me est <strong>r\u00e9current<\/strong> sur cette ligne. Le compte X <a href=\"https:\/\/x.com\/TrainDijonMacon\" rel=\"nofollow\">@TrainDijonMacon<\/a>, tenu par des usagers de la ligne Dijon\u2013Chalon\u2013M\u00e2con\u2013Lyon, a relay\u00e9 <strong>plusieurs t\u00e9moignages<\/strong> similaires ces derniers mois.<\/p>\n<p class=\" wall-content\">Suivez toute l\u2019actualit\u00e9 de vos villes et m\u00e9dias favoris en vous inscrivant \u00e0 <a href=\"https:\/\/moncompte.actu.fr\" title=\"D\u00e9couvez Mon Actu\" rel=\"nofollow noopener\" data-trk=\"{&quot;cta&quot;:{&quot;action&quot;:&quot;https:\\\/\\\/moncompte.actu.fr&quot;,&quot;category&quot;:&quot;mon compte&quot;,&quot;from&quot;:&quot;article footer&quot;,&quot;name&quot;:&quot;Mon actu&quot;,&quot;type&quot;:&quot;cta&quot;}}\" target=\"_blank\">Mon Actu<\/a>.<\/p>\n","protected":false},"excerpt":{"rendered":"Par Nicolas Salin Publi\u00e9 le 23 avr. 2025 \u00e0 16h56 Le mardi 22 avril, les passagers du TER&hellip;\n","protected":false},"author":2,"featured_media":46907,"comment_status":"","ping_status":"","sticky":false,"template":"","format":"standard","meta":{"footnotes":""},"categories":[1888],"tags":[11,1777,674,1011,27,1757,12,626,25,2215],"class_list":{"0":"post-46906","1":"post","2":"type-post","3":"status-publish","4":"format-standard","5":"has-post-thumbnail","7":"category-paris","8":"tag-actualites","9":"tag-eu","10":"tag-europe","11":"tag-fr","12":"tag-france","13":"tag-insolite","14":"tag-news","15":"tag-paris","16":"tag-republique-francaise","17":"tag-sncf"},"share_on_mastodon":{"url":"https:\/\/pubeurope.com\/@fr\/114388025044845311","error":""},"_links":{"self":[{"href":"https:\/\/www.europesays.com\/fr\/wp-json\/wp\/v2\/posts\/46906","targetHints":{"allow":["GET"]}}],"collection":[{"href":"https:\/\/www.europesays.com\/fr\/wp-json\/wp\/v2\/posts"}],"about":[{"href":"https:\/\/www.europesays.com\/fr\/wp-json\/wp\/v2\/types\/post"}],"author":[{"embeddable":true,"href":"https:\/\/www.europesays.com\/fr\/wp-json\/wp\/v2\/users\/2"}],"replies":[{"embeddable":true,"href":"https:\/\/www.europesays.com\/fr\/wp-json\/wp\/v2\/comments?post=46906"}],"version-history":[{"count":0,"href":"https:\/\/www.europesays.com\/fr\/wp-json\/wp\/v2\/posts\/46906\/revisions"}],"wp:featuredmedia":[{"embeddable":true,"href":"https:\/\/www.europesays.com\/fr\/wp-json\/wp\/v2\/media\/46907"}],"wp:attachment":[{"href":"https:\/\/www.europesays.com\/fr\/wp-json\/wp\/v2\/media?parent=46906"}],"wp:term":[{"taxonomy":"category","embeddable":true,"href":"https:\/\/www.europesays.com\/fr\/wp-json\/wp\/v2\/categories?post=46906"},{"taxonomy":"post_tag","embeddable":true,"href":"https:\/\/www.europesays.com\/fr\/wp-json\/wp\/v2\/tags?post=46906"}],"curies":[{"name":"wp","href":"https:\/\/api.w.org\/{rel}","templated":true}]}}