{"id":469060,"date":"2025-10-17T04:02:15","date_gmt":"2025-10-17T04:02:15","guid":{"rendered":"https:\/\/www.europesays.com\/fr\/469060\/"},"modified":"2025-10-17T04:02:15","modified_gmt":"2025-10-17T04:02:15","slug":"empreinte-carbone-transition-surcyclage-ces-mots-vous-questionnent-evenements","status":"publish","type":"post","link":"https:\/\/www.europesays.com\/fr\/469060\/","title":{"rendered":"Empreinte carbone, transition, surcyclage\u2026 ces mots vous questionnent ? \/ \u00c9v\u00e9nements"},"content":{"rendered":"<p>\n                                                                        Le 20 novembre 2025<br \/>\n\t\t\t\t\t\t\t\t\t\t\tde 12h30 \u00e0 17h00\n\t\t\t\t\t                                        <\/p>\n<p class=\"subtitle\">\u00e0 <strong><br \/>\nLa Guinguette de la Paix<\/strong><\/p>\n<p>Venez partager un moment de convivialit\u00e9 autour d\u2019un atelier cuisine, d\u2019un repas et d\u2019activit\u00e9s ayant pour th\u00e8me les enjeux environnementaux qui nous entourent !<\/p>\n<p>            <img loading=\"lazy\" decoding=\"async\" src=\"\/var\/www\/storage\/images\/mediatheque\/mairie-de-lille\/images-openagenda\/emprunte-carbone-transition-surcyclage-ces-mots-vous-questionnent\/3870285-1-fre-FR\/Emprunte-carbone-transition-surcyclage-ces-mots-vous-questionnent_news_image_top.jpg\" width=\"775\" height=\"582\" alt=\"Emprunte carbone, transition, surcyclage\u2026 ces mots vous questionnent ?\"\/><\/p>\n<p>\nAutour d\u2019un d\u00e9jeuner anti-gaspi, venez partager un moment convivial et gourmand. La journ\u00e9e se poursuit avec plusieurs activit\u00e9s pour r\u00e9fl\u00e9chir \u00e0 nos modes de consommation : projection d\u2019une courte vid\u00e9o sur l\u2019upcycling, jeu du \u00ab pique assiette \u00bb sur l\u2019empreinte alimentaire et jeu de cartes sur l\u2019impact carbone \u00e0 l\u2019\u00e9chelle mondiale.<br \/>Organis\u00e9 par Service Civil International, NaturHumanit\u00e9, Virage Energie et la Maison R\u00e9gionale de l&rsquo;Environnement et des Solidarit\u00e9s<br \/><strong>Dans le cadre du Festival des Solidarit\u00e9s Internationales 2025<\/strong><\/p>\n<p>        \t\t                            Infos pratiques<\/p>\n<p>                    Lieu<\/p>\n<p>\nLa Guinguette de la Paix<\/p>\n<p>                    Adresse<\/p>\n<p>75 rue du Chevalier Fran\u00e7ais<\/p>\n<p>                                                            Voir le plan<\/p>\n<p>\n                    PublicsDe  \u00e0  ans<\/p>\n","protected":false},"excerpt":{"rendered":"Le 20 novembre 2025 de 12h30 \u00e0 17h00 \u00e0 La Guinguette de la Paix Venez partager un moment&hellip;\n","protected":false},"author":2,"featured_media":469061,"comment_status":"","ping_status":"","sticky":false,"template":"","format":"standard","meta":{"footnotes":""},"categories":[2815],"tags":[1111,11,4763,1777,674,1011,27,811,1307,5415,12,25],"class_list":{"0":"post-469060","1":"post","2":"type-post","3":"status-publish","4":"format-standard","5":"has-post-thumbnail","7":"category-lille","8":"tag-actu","9":"tag-actualites","10":"tag-agenda","11":"tag-eu","12":"tag-europe","13":"tag-fr","14":"tag-france","15":"tag-hauts-de-france","16":"tag-lille","17":"tag-mairie","18":"tag-news","19":"tag-republique-francaise"},"share_on_mastodon":{"url":"https:\/\/pubeurope.com\/@fr\/115387521570707502","error":""},"_links":{"self":[{"href":"https:\/\/www.europesays.com\/fr\/wp-json\/wp\/v2\/posts\/469060","targetHints":{"allow":["GET"]}}],"collection":[{"href":"https:\/\/www.europesays.com\/fr\/wp-json\/wp\/v2\/posts"}],"about":[{"href":"https:\/\/www.europesays.com\/fr\/wp-json\/wp\/v2\/types\/post"}],"author":[{"embeddable":true,"href":"https:\/\/www.europesays.com\/fr\/wp-json\/wp\/v2\/users\/2"}],"replies":[{"embeddable":true,"href":"https:\/\/www.europesays.com\/fr\/wp-json\/wp\/v2\/comments?post=469060"}],"version-history":[{"count":0,"href":"https:\/\/www.europesays.com\/fr\/wp-json\/wp\/v2\/posts\/469060\/revisions"}],"wp:featuredmedia":[{"embeddable":true,"href":"https:\/\/www.europesays.com\/fr\/wp-json\/wp\/v2\/media\/469061"}],"wp:attachment":[{"href":"https:\/\/www.europesays.com\/fr\/wp-json\/wp\/v2\/media?parent=469060"}],"wp:term":[{"taxonomy":"category","embeddable":true,"href":"https:\/\/www.europesays.com\/fr\/wp-json\/wp\/v2\/categories?post=469060"},{"taxonomy":"post_tag","embeddable":true,"href":"https:\/\/www.europesays.com\/fr\/wp-json\/wp\/v2\/tags?post=469060"}],"curies":[{"name":"wp","href":"https:\/\/api.w.org\/{rel}","templated":true}]}}