{"id":469066,"date":"2025-10-17T04:05:12","date_gmt":"2025-10-17T04:05:12","guid":{"rendered":"https:\/\/www.europesays.com\/fr\/469066\/"},"modified":"2025-10-17T04:05:12","modified_gmt":"2025-10-17T04:05:12","slug":"ils-sont-prives-dascenseur-depuis-quatre-mois","status":"publish","type":"post","link":"https:\/\/www.europesays.com\/fr\/469066\/","title":{"rendered":"ils sont priv\u00e9s d\u2019ascenseur depuis quatre mois"},"content":{"rendered":"<p>Au 123b de la rue Joliot-Curie (Lyon 5e), les genoux commencent \u00e0 grincer. Les dents aussi. Depuis le d\u00e9but du mois de juillet, les locataires d\u2019un immeuble social de quatre \u00e9tages &#8211; situ\u00e9 au c\u0153ur d\u2019une grande r\u00e9sidence priv\u00e9e &#8211; n\u2019ont d\u2019autre choix que d\u2019emprunter les escaliers pour acc\u00e9der \u00e0 leur domicile.<\/p>\n<p>Leur ascenseur est en panne, et cela fait bient\u00f4t quatre mois. Une d\u00e9faillance prolong\u00e9e qui devient difficile \u00e0 supporter. Pour Nicole, 80 ans, la coupe est pleine. Vendredi dernier, alors que Le\u00a0Progr\u00e8s se rendait sur place, la retrait\u00e9e a r\u00e9uni tout le voisinage&#8230;<\/p>\n","protected":false},"excerpt":{"rendered":"Au 123b de la rue Joliot-Curie (Lyon 5e), les genoux commencent \u00e0 grincer. Les dents aussi. Depuis le&hellip;\n","protected":false},"author":2,"featured_media":469067,"comment_status":"","ping_status":"","sticky":false,"template":"","format":"standard","meta":{"footnotes":""},"categories":[1889],"tags":[1111,11,2430,2757,1777,674,107,1011,27,1943,1908,2428,2756,12,25,2429,801,104],"class_list":{"0":"post-469066","1":"post","2":"type-post","3":"status-publish","4":"format-standard","5":"has-post-thumbnail","7":"category-lyon","8":"tag-actu","9":"tag-actualites","10":"tag-auvergne-rhone-alpes","11":"tag-edition-lyon-villeurbanne","12":"tag-eu","13":"tag-europe","14":"tag-fil-info","15":"tag-fr","16":"tag-france","17":"tag-handicap","18":"tag-logement","19":"tag-lyon","20":"tag-lyon-bassin","21":"tag-news","22":"tag-republique-francaise","23":"tag-rhone","24":"tag-social","25":"tag-societe"},"share_on_mastodon":{"url":"https:\/\/pubeurope.com\/@fr\/115387532956590968","error":""},"_links":{"self":[{"href":"https:\/\/www.europesays.com\/fr\/wp-json\/wp\/v2\/posts\/469066","targetHints":{"allow":["GET"]}}],"collection":[{"href":"https:\/\/www.europesays.com\/fr\/wp-json\/wp\/v2\/posts"}],"about":[{"href":"https:\/\/www.europesays.com\/fr\/wp-json\/wp\/v2\/types\/post"}],"author":[{"embeddable":true,"href":"https:\/\/www.europesays.com\/fr\/wp-json\/wp\/v2\/users\/2"}],"replies":[{"embeddable":true,"href":"https:\/\/www.europesays.com\/fr\/wp-json\/wp\/v2\/comments?post=469066"}],"version-history":[{"count":0,"href":"https:\/\/www.europesays.com\/fr\/wp-json\/wp\/v2\/posts\/469066\/revisions"}],"wp:featuredmedia":[{"embeddable":true,"href":"https:\/\/www.europesays.com\/fr\/wp-json\/wp\/v2\/media\/469067"}],"wp:attachment":[{"href":"https:\/\/www.europesays.com\/fr\/wp-json\/wp\/v2\/media?parent=469066"}],"wp:term":[{"taxonomy":"category","embeddable":true,"href":"https:\/\/www.europesays.com\/fr\/wp-json\/wp\/v2\/categories?post=469066"},{"taxonomy":"post_tag","embeddable":true,"href":"https:\/\/www.europesays.com\/fr\/wp-json\/wp\/v2\/tags?post=469066"}],"curies":[{"name":"wp","href":"https:\/\/api.w.org\/{rel}","templated":true}]}}