{"id":469078,"date":"2025-10-17T04:13:17","date_gmt":"2025-10-17T04:13:17","guid":{"rendered":"https:\/\/www.europesays.com\/fr\/469078\/"},"modified":"2025-10-17T04:13:17","modified_gmt":"2025-10-17T04:13:17","slug":"les-valeurs-a-suivre-a-paris-et-en-europe-17-10-2025-a-0600","status":"publish","type":"post","link":"https:\/\/www.europesays.com\/fr\/469078\/","title":{"rendered":"Les valeurs \u00e0 suivre \u00e0 Paris et en Europe &#8211; 17\/10\/2025 \u00e0 06:00"},"content":{"rendered":"<p>\n *\n<\/p>\n<p>\n Variation des futures sur indice CAC 40  0#FCE:\n<\/p>\n<p>\n *\n<\/p>\n<p>\n Variation des futures sur indice Stoxx 600  0#FXXP:\n<\/p>\n<p>\n *\n<\/p>\n<p>\n Valeurs qui se traitent ex-dividende  .EX.PA\n<\/p>\n<p>\n *\n<\/p>\n<p>\n Le point sur les march\u00e9s europ\u00e9ens  .EUFR\n<\/p>\n<p>\n Les valeurs \u00e0 suivre<br \/>\nvendredi \u00e0 la Bourse de Paris et en Europe :\n<\/p>\n<p>\n * ESSILORLUXOTTICA<br \/>\n <a href=\"https:\/\/www.boursorama.com\/cours\/1rPEL\/\" rel=\"nofollow noopener\" target=\"_blank\"><br \/>\n  ESLX.PA<br \/>\n <\/a><br \/>\n &#8211; Le fabricant des lunettes<br \/>\nRay-Ban a publi\u00e9 jeudi un chiffre d&rsquo;affaires meilleur que pr\u00e9vu<br \/>\nau titre du troisi\u00e8me trimestre, stimul\u00e9 par de fortes ventes de<br \/>\nproduits connect\u00e9s et un maintien de la croissance en Am\u00e9rique<br \/>\ndu Nord, son principal march\u00e9.\n<\/p>\n<p>\n * MERCIALYS<br \/>\n <a href=\"https:\/\/www.boursorama.com\/cours\/1rPMERY\/\" rel=\"nofollow noopener\" target=\"_blank\"><br \/>\n  MERY.PA<br \/>\n <\/a><br \/>\n a fait \u00e9tat jeudi d&rsquo;une hausse de 2,6%<br \/>\n\u00e0 p\u00e9rim\u00e8tre constant des loyers factur\u00e9s sur les neuf premiers<br \/>\nmois de l&rsquo;ann\u00e9e, \u00e0 134,2 millions d&rsquo;euros, citant une<br \/>\nfr\u00e9quentation sup\u00e9rieure \u00e0 la moyenne nationale et un taux<br \/>\nd&rsquo;occupation \u00e9lev\u00e9.\n<\/p>\n<p>\n * VIRBAC<br \/>\n <a href=\"https:\/\/www.boursorama.com\/cours\/1rPVIRP\/\" rel=\"nofollow noopener\" target=\"_blank\"><br \/>\n  VIRB.PA<br \/>\n <\/a><br \/>\n a relev\u00e9 jeudi son objectif annuel de<br \/>\nchiffre d&rsquo;affaires et fait \u00e9tat d&rsquo;une hausse de 7,8% de son<br \/>\nchiffre d&rsquo;affaires pour les neuf premiers mois de l&rsquo;ann\u00e9e.\n<\/p>\n<p>\n * A\u00c9ROPORTS DE PARIS (ADP)<br \/>\n <a href=\"https:\/\/www.boursorama.com\/cours\/1rPADP\/\" rel=\"nofollow noopener\" target=\"_blank\"><br \/>\n  ADP.PA<br \/>\n <\/a><br \/>\n a fait \u00e9tat jeudi d&rsquo;un<br \/>\ntrafic groupe en septembre de 33,7 millions de passagers, en<br \/>\nhausse de 2,4%.\n<\/p>\n<p>\n * JCDECAUX<br \/>\n <a href=\"https:\/\/www.boursorama.com\/cours\/1rPDEC\/\" rel=\"nofollow noopener\" target=\"_blank\"><br \/>\n  JCDX.PA<br \/>\n <\/a><br \/>\n a annonc\u00e9 jeudi avoir un contrat de<br \/>\nrenouvellement aupr\u00e8s de Culture Presse.\n<\/p>\n<p>\n * ROCHE<br \/>\n <a href=\"https:\/\/www.boursorama.com\/cours\/2aROG\/\" rel=\"nofollow noopener\" target=\"_blank\"><br \/>\n  ROG.S<br \/>\n <\/a><br \/>\n a lanc\u00e9 jeudi la vente directe aux<br \/>\nEtats-Unis de son traitement antigrippal Xofluza, au prix r\u00e9duit<br \/>\nde 50 dollars, \u00e0 la suite de mesures similaires prises par ses<br \/>\nconcurrents, dans un contexte de pression de l&rsquo;administration<br \/>\nam\u00e9ricaine en faveur d&rsquo;une baisse des prix des m\u00e9dicaments sur<br \/>\nordonnance dans le pays.\n<\/p>\n<p>\n L&rsquo;AGENDA FRANCE &amp; INTERNATIONAL \u00c0 7 JOURS:<br \/>\n nL5N3VR0E3\n<\/p>\n<p>\n (R\u00e9dig\u00e9 par Claude Chendjou, \u00e9dit\u00e9 par Augustin Turpin)<\/p>\n","protected":false},"excerpt":{"rendered":"* Variation des futures sur indice CAC 40 0#FCE: * Variation des futures sur indice Stoxx 600 0#FXXP:&hellip;\n","protected":false},"author":2,"featured_media":64038,"comment_status":"","ping_status":"","sticky":false,"template":"","format":"standard","meta":{"footnotes":""},"categories":[1888],"tags":[400,11,398,408,405,1777,674,1011,27,403,402,399,404,12,626,25,401,406,407],"class_list":{"0":"post-469078","1":"post","2":"type-post","3":"status-publish","4":"format-standard","5":"has-post-thumbnail","7":"category-paris","8":"tag-action-cac-40","9":"tag-actualites","10":"tag-bourse-de-paris","11":"tag-boursorama","12":"tag-cotations","13":"tag-eu","14":"tag-europe","15":"tag-fr","16":"tag-france","17":"tag-indices-devises","18":"tag-investir","19":"tag-investissement","20":"tag-marche-boursier","21":"tag-news","22":"tag-paris","23":"tag-republique-francaise","24":"tag-sicav","25":"tag-trackers","26":"tag-warrants"},"share_on_mastodon":{"url":"https:\/\/pubeurope.com\/@fr\/115387564253333776","error":""},"_links":{"self":[{"href":"https:\/\/www.europesays.com\/fr\/wp-json\/wp\/v2\/posts\/469078","targetHints":{"allow":["GET"]}}],"collection":[{"href":"https:\/\/www.europesays.com\/fr\/wp-json\/wp\/v2\/posts"}],"about":[{"href":"https:\/\/www.europesays.com\/fr\/wp-json\/wp\/v2\/types\/post"}],"author":[{"embeddable":true,"href":"https:\/\/www.europesays.com\/fr\/wp-json\/wp\/v2\/users\/2"}],"replies":[{"embeddable":true,"href":"https:\/\/www.europesays.com\/fr\/wp-json\/wp\/v2\/comments?post=469078"}],"version-history":[{"count":0,"href":"https:\/\/www.europesays.com\/fr\/wp-json\/wp\/v2\/posts\/469078\/revisions"}],"wp:featuredmedia":[{"embeddable":true,"href":"https:\/\/www.europesays.com\/fr\/wp-json\/wp\/v2\/media\/64038"}],"wp:attachment":[{"href":"https:\/\/www.europesays.com\/fr\/wp-json\/wp\/v2\/media?parent=469078"}],"wp:term":[{"taxonomy":"category","embeddable":true,"href":"https:\/\/www.europesays.com\/fr\/wp-json\/wp\/v2\/categories?post=469078"},{"taxonomy":"post_tag","embeddable":true,"href":"https:\/\/www.europesays.com\/fr\/wp-json\/wp\/v2\/tags?post=469078"}],"curies":[{"name":"wp","href":"https:\/\/api.w.org\/{rel}","templated":true}]}}