{"id":469086,"date":"2025-10-17T04:18:11","date_gmt":"2025-10-17T04:18:11","guid":{"rendered":"https:\/\/www.europesays.com\/fr\/469086\/"},"modified":"2025-10-17T04:18:11","modified_gmt":"2025-10-17T04:18:11","slug":"lallemagne-autorise-lutilisation-du-taser-par-la-police-dans-tout-le-pays","status":"publish","type":"post","link":"https:\/\/www.europesays.com\/fr\/469086\/","title":{"rendered":"L&rsquo;Allemagne autorise l&rsquo;utilisation du Taser par la police dans tout le pays"},"content":{"rendered":"<p><img decoding=\"async\" class=\"w-full object-contain\" style=\"aspect-ratio:165 \/ 100;opacity:1\" alt=\"L'Allemagne autorise l'utilisation du Taser par la police dans tout le pays\" width=\"512\" height=\"311\" fetchpriority=\"high\" src=\"https:\/\/www.europesays.com\/fr\/wp-content\/uploads\/2025\/10\/K54IQIW2L5FYLKTKRMGJOQ72F4.jpg\"  \/><\/p>\n<p class=\"ap-StoryElement ap-StoryElement--mb ap-StoryText\">La loi autorise explicitement les policiers \u00e0 utiliser ces pistolets \u00e0 impulsion \u00e9lectrique, en plus des matraques et des armes \u00e0 feu standard.<\/p>\n<p class=\"ap-StoryElement ap-StoryElement--mb ap-StoryText\">Les Tasers sont con\u00e7us pour d\u00e9livrer des d\u00e9charges \u00e9lectriques \u00e0 distance, provoquant des contractions musculaires douloureuses qui neutralisent temporairement la cible. \u00ab\u00a0Les Tasers offrent aux policiers un moyen efficace et proportionn\u00e9 de r\u00e9agir aux situations dangereuses\u00a0\u00bb, a d\u00e9fendu le secr\u00e9taire d&rsquo;\u00c9tat \u00e0 l&rsquo;Int\u00e9rieur, Christoph de Vries.<\/p>\n","protected":false},"excerpt":{"rendered":"La loi autorise explicitement les policiers \u00e0 utiliser ces pistolets \u00e0 impulsion \u00e9lectrique, en plus des matraques et&hellip;\n","protected":false},"author":2,"featured_media":2837,"comment_status":"","ping_status":"","sticky":false,"template":"","format":"standard","meta":{"footnotes":""},"categories":[1587],"tags":[11,672,1804,1805,1803,1777,674,1801,12,1072,1802],"class_list":{"0":"post-469086","1":"post","2":"type-post","3":"status-publish","4":"format-standard","5":"has-post-thumbnail","7":"category-allemagne","8":"tag-actualites","9":"tag-allemagne","10":"tag-bundesrepublik-deutschland","11":"tag-de","12":"tag-deutschland","13":"tag-eu","14":"tag-europe","15":"tag-germany","16":"tag-news","17":"tag-police","18":"tag-republique-federale-dallemagne"},"share_on_mastodon":{"url":"https:\/\/pubeurope.com\/@fr\/115387584097661188","error":""},"_links":{"self":[{"href":"https:\/\/www.europesays.com\/fr\/wp-json\/wp\/v2\/posts\/469086","targetHints":{"allow":["GET"]}}],"collection":[{"href":"https:\/\/www.europesays.com\/fr\/wp-json\/wp\/v2\/posts"}],"about":[{"href":"https:\/\/www.europesays.com\/fr\/wp-json\/wp\/v2\/types\/post"}],"author":[{"embeddable":true,"href":"https:\/\/www.europesays.com\/fr\/wp-json\/wp\/v2\/users\/2"}],"replies":[{"embeddable":true,"href":"https:\/\/www.europesays.com\/fr\/wp-json\/wp\/v2\/comments?post=469086"}],"version-history":[{"count":0,"href":"https:\/\/www.europesays.com\/fr\/wp-json\/wp\/v2\/posts\/469086\/revisions"}],"wp:featuredmedia":[{"embeddable":true,"href":"https:\/\/www.europesays.com\/fr\/wp-json\/wp\/v2\/media\/2837"}],"wp:attachment":[{"href":"https:\/\/www.europesays.com\/fr\/wp-json\/wp\/v2\/media?parent=469086"}],"wp:term":[{"taxonomy":"category","embeddable":true,"href":"https:\/\/www.europesays.com\/fr\/wp-json\/wp\/v2\/categories?post=469086"},{"taxonomy":"post_tag","embeddable":true,"href":"https:\/\/www.europesays.com\/fr\/wp-json\/wp\/v2\/tags?post=469086"}],"curies":[{"name":"wp","href":"https:\/\/api.w.org\/{rel}","templated":true}]}}