{"id":469099,"date":"2025-10-17T04:28:15","date_gmt":"2025-10-17T04:28:15","guid":{"rendered":"https:\/\/www.europesays.com\/fr\/469099\/"},"modified":"2025-10-17T04:28:15","modified_gmt":"2025-10-17T04:28:15","slug":"oceane-dodin-la-benoit-paire-du-tennis-feminin","status":"publish","type":"post","link":"https:\/\/www.europesays.com\/fr\/469099\/","title":{"rendered":"Oc\u00e9ane Dodin, la Beno\u00eet Paire du tennis f\u00e9minin"},"content":{"rendered":"<p>            Par<br \/>\n        <strong><br \/>\n            <a href=\"https:\/\/actu.fr\/auteur\/a-rey\" title=\"Consulter tous les articles de Aur\u00e9lien Rey\" rel=\"nofollow noopener\" target=\"_blank\">Aur\u00e9lien Rey<\/a><br \/>\n        <\/strong><\/p>\n<p>        Publi\u00e9 le<\/p>\n<p>            16 oct. 2025 \u00e0 18h42        <\/p>\n<p>Sur un court, <a href=\"https:\/\/actu.fr\/normandie\/cherbourg-en-cotentin_50129\/oceane-dodin-a-lopen-feminin-50-ca-fait-toujours-plaisir-de-revenir-la-ou-on-a-gagne-un-tournoi_63300215.html\" rel=\"nofollow noopener\" target=\"_blank\">Oc\u00e9ane Dodin<\/a> ne passe<b> jamais inaper\u00e7ue<\/b>. Son jeu bas\u00e9 sur la <b>puissance <\/b>est <b>\u00e0 double tranchant<\/b>, entre points impressionnants et fautes directes grossi\u00e8res. Sa tenue rose flashy est \u00e0 l\u2019image de la jeune femme, exub\u00e9rante. Ses<b> p\u00e9tages de plombs<\/b>, qui font penser \u00e0 ceux de <a href=\"https:\/\/actu.fr\/normandie\/cherbourg-en-cotentin_50129\/tennis-challenger-de-cherbourg-avec-benoit-paire-la-competition-se-met-sur-son-31_60686830.html\" rel=\"nofollow noopener\" target=\"_blank\">Beno\u00eet Paire<\/a>, attirent \u00e9galement l\u2019attention.<\/p>\n<p class=\" wall-content\">D\u00e9j\u00e0 <b>apparue agac\u00e9e<\/b> \u00e0 plusieurs reprises lors de son <a href=\"https:\/\/actu.fr\/normandie\/cherbourg-en-cotentin_50129\/open-feminin-50-oceane-dodin-qualifiee-pour-le-2e-tour_63297992.html\" rel=\"nofollow noopener\" target=\"_blank\">1er tour<\/a> mardi 14\u00a0octobre 2025 <b>contre Yara Bartashevich<\/b>, l\u2019ex-46e mondiale (d\u00e9sormais 402e) s\u2019est montr\u00e9e <b>encore plus d\u00e9monstrative<\/b> ce jeudi 16\u00a0octobre, face \u00e0 la jeune <b>Belge Jana Otzipka<\/b>. \u00ab\u2009J\u2019ai que 20\u2009% de premi\u00e8res balles, c\u2019est pas possible\u2009!\u2009\u00bb ou encore \u00ab\u2009Je sais pas quoi faire\u2009!\u2009\u00bb, a-t-elle notamment cri\u00e9.<\/p>\n<p>\u00ab\u2009Tu te fous de ma gueule\u2009?\u2009\u00bb<\/p>\n<p class=\" wall-content\">Mais Oc\u00e9ane Dodin ne s\u2019emporte pas seulement contre elle-m\u00eame. <b>L\u2019arbitre de chaise en a \u00e9galement pris pour son grad<\/b>e apr\u00e8s<b> plusieurs d\u00e9cisions litigieuses<\/b>, avec entre autres un \u00ab\u2009Tu te fous de ma gueule\u2009?\u2009\u00bb.<\/p>\n<p class=\" wall-content\">Quant \u00e0 son <b>p\u00e8re et entra\u00eeneur Fr\u00e9d\u00e9ric Dodin<\/b>, il a aussi subi les <b>acc\u00e8s de col\u00e8re<\/b> de sa fille. \u00ab\u2009Ne m\u2019aide pas, surtout\u2009!\u2009\u00bb, \u00ab\u2009D\u00e8s que tu me dis un truc, c\u2019est de la merde\u2009!\u2009\u00bb, lui a-t-elle par exemple balanc\u00e9.<\/p>\n<p>\u00ab\u2009Plut\u00f4t que de tout garder en moi, je pr\u00e9f\u00e8re ext\u00e9rioriser\u2009!\u2009\u00bb<\/p>\n<p class=\" wall-content\">\u00ab\u2009Il a l\u2019habitude\u2009!\u2009\u00bb, a souri la <b>joueuse de 28\u00a0ans <\/b>apr\u00e8s la rencontre, acceptant d\u2019\u00e9voquer son <b>temp\u00e9rament volcanique <\/b>sur le court. \u00ab\u2009Ce sont des <b>matches sous tension<\/b>, avec de la <b>pression<\/b>, donc forc\u00e9ment, quand on est fatigu\u00e9, les \u00e9motions prennent le dessus\u2026 \u00c7a me lib\u00e8re. Plut\u00f4t que de tout garder en moi, je pr\u00e9f\u00e8re ext\u00e9rioriser\u2009! J\u2019ai toujours \u00e9t\u00e9 comme \u00e7a\u2009\u00bb, souligne la 8e de finaliste \u00e0 l\u2019Open d\u2019Australie en 2024.<\/p>\n<p class=\" wall-content\">Apr\u00e8s la <b>perte du premier set<\/b>, Oc\u00e9ane Dodin a r\u00e9ussi \u00e0 renverser la situation face \u00e0 <b>Jana Otzipka<\/b> (3-6, 6-3, 6-3) pour poursuivre sa route dans cet <a href=\"https:\/\/actu.fr\/normandie\/cherbourg-en-cotentin_50129\/open-feminin-50-tout-ce-quil-faut-savoir-sur-la-17e-edition_63295575.html\" rel=\"nofollow noopener\" target=\"_blank\">Open f\u00e9minin 50<\/a>. \u00ab\u2009Je ne sers pas bien donc je me fais breaker, derri\u00e8re je cours apr\u00e8s le score\u2026 Les filles jouent tr\u00e8s bien et je suis en reprise, donc tous les matches sont compliqu\u00e9s. Je suis contente de m\u2019en sortir \u00e0 chaque fois pour l\u2019instant\u2009\u00bb, a r\u00e9agi la<b> laur\u00e9ate du tournoi en 2019<\/b>, qui affrontera la t\u00eate de s\u00e9rie num\u00e9ro\u00a01, <b>Manon L\u00e9onard<\/b>, ce vendredi 17\u00a0octobre en<b> quarts de finale<\/b>.<\/p>\n<p class=\" wall-content\">Personnalisez votre actualit\u00e9 en ajoutant vos villes et m\u00e9dias en favori avec <a href=\"https:\/\/moncompte.actu.fr\" title=\"D\u00e9couvez Mon Actu\" rel=\"nofollow noopener\" data-trk=\"{&quot;cta&quot;:{&quot;action&quot;:&quot;https:\\\/\\\/moncompte.actu.fr&quot;,&quot;category&quot;:&quot;mon compte&quot;,&quot;from&quot;:&quot;article footer&quot;,&quot;name&quot;:&quot;Mon actu&quot;,&quot;type&quot;:&quot;cta&quot;}}\" target=\"_blank\">Mon Actu<\/a>.<\/p>\n","protected":false},"excerpt":{"rendered":"Par Aur\u00e9lien Rey Publi\u00e9 le 16 oct. 2025 \u00e0 18h42 Sur un court, Oc\u00e9ane Dodin ne passe jamais&hellip;\n","protected":false},"author":2,"featured_media":469100,"comment_status":"","ping_status":"","sticky":false,"template":"","format":"standard","meta":{"footnotes":""},"categories":[1415],"tags":[3168,59222,1011,27,60,1467],"class_list":{"0":"post-469099","1":"post","2":"type-post","3":"status-publish","4":"format-standard","5":"has-post-thumbnail","7":"category-tennis","8":"tag-cotentin","9":"tag-equeurdreville-hainneville","10":"tag-fr","11":"tag-france","12":"tag-sports","13":"tag-tennis"},"share_on_mastodon":{"url":"https:\/\/pubeurope.com\/@fr\/115387623178365148","error":""},"_links":{"self":[{"href":"https:\/\/www.europesays.com\/fr\/wp-json\/wp\/v2\/posts\/469099","targetHints":{"allow":["GET"]}}],"collection":[{"href":"https:\/\/www.europesays.com\/fr\/wp-json\/wp\/v2\/posts"}],"about":[{"href":"https:\/\/www.europesays.com\/fr\/wp-json\/wp\/v2\/types\/post"}],"author":[{"embeddable":true,"href":"https:\/\/www.europesays.com\/fr\/wp-json\/wp\/v2\/users\/2"}],"replies":[{"embeddable":true,"href":"https:\/\/www.europesays.com\/fr\/wp-json\/wp\/v2\/comments?post=469099"}],"version-history":[{"count":0,"href":"https:\/\/www.europesays.com\/fr\/wp-json\/wp\/v2\/posts\/469099\/revisions"}],"wp:featuredmedia":[{"embeddable":true,"href":"https:\/\/www.europesays.com\/fr\/wp-json\/wp\/v2\/media\/469100"}],"wp:attachment":[{"href":"https:\/\/www.europesays.com\/fr\/wp-json\/wp\/v2\/media?parent=469099"}],"wp:term":[{"taxonomy":"category","embeddable":true,"href":"https:\/\/www.europesays.com\/fr\/wp-json\/wp\/v2\/categories?post=469099"},{"taxonomy":"post_tag","embeddable":true,"href":"https:\/\/www.europesays.com\/fr\/wp-json\/wp\/v2\/tags?post=469099"}],"curies":[{"name":"wp","href":"https:\/\/api.w.org\/{rel}","templated":true}]}}