{"id":469101,"date":"2025-10-17T04:30:13","date_gmt":"2025-10-17T04:30:13","guid":{"rendered":"https:\/\/www.europesays.com\/fr\/469101\/"},"modified":"2025-10-17T04:30:13","modified_gmt":"2025-10-17T04:30:13","slug":"almansa-pulverise-le-record-du-circuit-en-practice","status":"publish","type":"post","link":"https:\/\/www.europesays.com\/fr\/469101\/","title":{"rendered":"Almansa pulv\u00e9rise le record du circuit en Practice"},"content":{"rendered":"<p>                Honda au sommet<\/p>\n<p>Les jeunes p\u00e9pites de la cat\u00e9gorie Moto3\u2122 \u00e9taient en piste ce vendredi sur le mythique trac\u00e9 de Phillip Island \u00e0 l&rsquo;occasion de la FP1 et de la Practice du Grand Prix Liqui Moly d&rsquo;Australie.Troisi\u00e8me ce matin, David Almansa (Leopard Racing) acc\u00e9l\u00e8re cet apr\u00e8s-midi et s&rsquo;offre un chrono impressionnant en <strong>1&rsquo;34.726<\/strong>. Son co\u00e9quipier Adri\u00e1n Fern\u00e1ndez (Leopard Racing), imp\u00e9rial en FP1, montre que la Honda sera comp\u00e9titive puisque l&rsquo;Espagnol signe le deuxi\u00e8me temps. R\u00e9guli\u00e8rement dans le coup le vendredi, \u00c1lvaro Carpe (Red Bull KTM Ajo) d\u00e9croche le troisi\u00e8me chrono de l&rsquo;apr\u00e8s-midi.<\/p>\n<p>Kelso cinqui\u00e8me<\/p>\n<p>Au quatri\u00e8me rang, on retrouve \u00c1ngel Piqueras (FRINSA \u2013 MT Helmets \u2013 MSI), qui s&rsquo;est fait une belle frayeur en passant dans l&rsquo;herbe en Practice. Le deuxi\u00e8me du Championnat du Monde est quatri\u00e8me devant Joel Kelso (LEVEL UP \u2013 MTA), v\u00e9ritable chouchou du public australien. Le h\u00e9ros local est cinqui\u00e8me devant Guido Pini (Liqui Moly Dynavolt Intact GP) et Jos\u00e9 Rueda (Red Bull KTM Ajo), qui dispute le premier Grand Prix de sa carri\u00e8re en tant que Champion du Monde.<\/p>\n<p>Perrone dans le dur<\/p>\n<p>Huiti\u00e8me, M\u00e1ximo Quiles (CFMOTO Aspar Team) assure son billet pour la Q2 tout comme Luca Lunetta (SIC58 Squadra Corse) et son co\u00e9quipier Stefano Nepa (SIC58 Squadra Corse), qui ferment la marche dans ce top 10. 11e de la Practice, l&rsquo;Australien Jacob Roulstone (Red Bull KTM Tech3) se qualifie lui aussi malgr\u00e9 une panne d&rsquo;essence en fin de session. Taiyo Furusato (Honda Team Asia), Joel Esteban (Red Bull KTM Tech3) et Ryusei Yamanaka (FRINSA &#8211; MT Helmets \u2013 MSI) compl\u00e8tent le top 14 et sont les derniers qualifi\u00e9s d&rsquo;office pour la Q2. En revanche, \u00e7a ne passe pas pour Valent\u00edn Perrone (Red Bull KTM Tech3), en grande difficult\u00e9 aujourd&rsquo;hui et contraint de passer par les rep\u00eachages.<\/p>\n<p>La FP2 du Moto3\u2122 \u00e0 Phillip Island se tiendra vendredi \u00e0 partir de 23h40.<\/p>\n<p>Cliquez <a href=\"https:\/\/www.motogp.com\/fr\/gp-results\/2025\/aus\/moto3\/pr\/classification\" target=\"_blank\" rel=\"noopener\">ici<\/a> pour acc\u00e9der aux r\u00e9sultats.<\/p>\n","protected":false},"excerpt":{"rendered":"Honda au sommet Les jeunes p\u00e9pites de la cat\u00e9gorie Moto3\u2122 \u00e9taient en piste ce vendredi sur le mythique&hellip;\n","protected":false},"author":2,"featured_media":469102,"comment_status":"","ping_status":"","sticky":false,"template":"","format":"standard","meta":{"footnotes":""},"categories":[1413],"tags":[1011,27,1457,1456,60,2032],"class_list":{"0":"post-469101","1":"post","2":"type-post","3":"status-publish","4":"format-standard","5":"has-post-thumbnail","7":"category-moto","8":"tag-fr","9":"tag-france","10":"tag-moto","11":"tag-motocycle","12":"tag-sports","13":"tag-text"},"share_on_mastodon":{"url":"https:\/\/pubeurope.com\/@fr\/115387631419585415","error":""},"_links":{"self":[{"href":"https:\/\/www.europesays.com\/fr\/wp-json\/wp\/v2\/posts\/469101","targetHints":{"allow":["GET"]}}],"collection":[{"href":"https:\/\/www.europesays.com\/fr\/wp-json\/wp\/v2\/posts"}],"about":[{"href":"https:\/\/www.europesays.com\/fr\/wp-json\/wp\/v2\/types\/post"}],"author":[{"embeddable":true,"href":"https:\/\/www.europesays.com\/fr\/wp-json\/wp\/v2\/users\/2"}],"replies":[{"embeddable":true,"href":"https:\/\/www.europesays.com\/fr\/wp-json\/wp\/v2\/comments?post=469101"}],"version-history":[{"count":0,"href":"https:\/\/www.europesays.com\/fr\/wp-json\/wp\/v2\/posts\/469101\/revisions"}],"wp:featuredmedia":[{"embeddable":true,"href":"https:\/\/www.europesays.com\/fr\/wp-json\/wp\/v2\/media\/469102"}],"wp:attachment":[{"href":"https:\/\/www.europesays.com\/fr\/wp-json\/wp\/v2\/media?parent=469101"}],"wp:term":[{"taxonomy":"category","embeddable":true,"href":"https:\/\/www.europesays.com\/fr\/wp-json\/wp\/v2\/categories?post=469101"},{"taxonomy":"post_tag","embeddable":true,"href":"https:\/\/www.europesays.com\/fr\/wp-json\/wp\/v2\/tags?post=469101"}],"curies":[{"name":"wp","href":"https:\/\/api.w.org\/{rel}","templated":true}]}}