{"id":469103,"date":"2025-10-17T04:31:11","date_gmt":"2025-10-17T04:31:11","guid":{"rendered":"https:\/\/www.europesays.com\/fr\/469103\/"},"modified":"2025-10-17T04:31:11","modified_gmt":"2025-10-17T04:31:11","slug":"f1-mentalement-il-faut-rester-fort-affirme-pierre-gasly-avant-le-gp-des-etats-unis","status":"publish","type":"post","link":"https:\/\/www.europesays.com\/fr\/469103\/","title":{"rendered":"F1. \u00ab\u00a0Mentalement, il faut rester fort\u00a0\u00bb, affirme Pierre Gasly avant le GP des \u00c9tats-Unis"},"content":{"rendered":"<p><strong>\u00ab\u00a0Mentalement, il faut rester fort\u00a0\u00bb<\/strong>\u00a0: alors que les week-ends difficiles s\u2019encha\u00eenent au volant de son Alpine en manque de performance, le pilote fran\u00e7ais de F1\u00a0Pierre Gasly garde la t\u00eate haute et tente de montrer l\u2019exemple.<\/p>\n<p><strong>\u00ab\u00a0D\u00e8s que je monte dans la voiture, c\u2019est pour performer, je ne sais pas faire autrement de toute fa\u00e7on. Apr\u00e8s, c\u2019est s\u00fbr que mentalement il faut rester fort. Pour moi, c\u2019est important de rester un \u00e9l\u00e9ment moteur pour l\u2019\u00e9quipe et d\u2019essayer de tirer tout le monde vers le haut\u00a0\u00bb<\/strong>, a soulign\u00e9 le Normand aupr\u00e8s de l\u2019AFP, jeudi en marge du Grand Prix des \u00c9tats-Unis \u00e0 Austin (Texas).<\/p>\n<p>\u00ab\u00a0Tirer le maximum de la monoplace\u00a0\u00bb<\/p>\n<p>Derni\u00e8re au classement des constructeurs loin derri\u00e8re ses adversaires, Alpine prend son mal en patience en attendant la saison prochaine qui sera marqu\u00e9e par un bouleversement de la r\u00e9glementation et l\u2019arriv\u00e9e d\u2019un moteur Mercedes dans la monoplace de l\u2019\u00e9curie fran\u00e7aise.<\/p>\n<p><strong>\u00ab\u00a0On sait qu\u2019en 2026, il va falloir travailler dur et on sait ce qu\u2019il va falloir aller chercher pour \u00eatre performant. M\u00eame quand on ne marque pas de points, on tire toujours des enseignements donc c\u2019est essentiel, m\u00eame si la voiture sera compl\u00e8tement diff\u00e9rente l\u2019an prochain. Aller tirer le maximum de la monoplace sera ce qui va \u00eatre le plus important sur les derni\u00e8res courses de l\u2019ann\u00e9e et on ne l\u2019a pas fait sur les trois derni\u00e8res courses\u00a0\u00bb<\/strong>, a expliqu\u00e9 le pilote de 29\u00a0ans.<\/p>\n<p>Alpine a en effet identifi\u00e9 un probl\u00e8me sur des pi\u00e8ces a\u00e9rodynamiques install\u00e9es \u00e0 Monza, qui n\u2019ont pas fonctionn\u00e9 comme elles auraient d\u00fb, ce qui avait contribu\u00e9 aux qualifications m\u00e9diocres du Fran\u00e7ais lors des trois derni\u00e8res courses (19e, 18e et 20e).<\/p>\n<p><strong>\u00ab\u00a0J\u2019\u00e9tais un peu agac\u00e9 et au final l\u2019\u00e9quipe a r\u00e9ussi \u00e0 le trouver. C\u2019est bien, c\u2019est juste un peu dommage d\u2019avoir mis trois courses mais je pense que \u00e7a nous a appris beaucoup de choses dans nos proc\u00e9dures en termes d\u2019analyse et je pense que \u00e7a va nous servir aussi pour le futur\u00a0\u00bb<\/strong>, a encore dit Gasly.<\/p>\n<p>Malgr\u00e9 la situation compliqu\u00e9e qu\u2019il traverse, le Normand, qui estime que le trac\u00e9 texan permettra \u00e0 sa voiture d\u2019\u00eatre<strong> \u00ab\u00a0un peu plus performante\u00a0\u00bb<\/strong>, garde le sourire et n\u2019a pas h\u00e9sit\u00e9 \u00e0 jouer le jeu des animations dans le paddock.<\/p>\n<p><strong>Lire aussi<\/strong>\u00a0: <a href=\"https:\/\/rennes.maville.com\/sport\/detail_-f1.-ne-pas-etre-choisi-une-enorme-deception-avoue-isack-hadjar-pressenti-chez-red-bull-_54135-7023798_actu.Htm\" target=\"_blank\" rel=\"noopener\">F1. \u00ab\u00a0Ne pas \u00eatre choisi\u00a0? Une \u00e9norme d\u00e9ception\u00a0\u00bb, avoue Isack Hadjar pressenti chez Red Bull<\/a><\/p>\n<p>Il s\u2019est d\u2019abord montr\u00e9 tr\u00e8s adroit au cornhole, jeu o\u00f9 il faut lancer un sac de ma\u00efs dans un trou creus\u00e9 sur une planche inclin\u00e9e, avant d\u2019enfiler un pantalon de cowboy, de grimper sur un faux taureau et de manier le lasso avec dext\u00e9rit\u00e9 dans l\u2019hilarit\u00e9 g\u00e9n\u00e9rale.<\/p>\n<p>\u00a0<\/p>\n","protected":false},"excerpt":{"rendered":"\u00ab\u00a0Mentalement, il faut rester fort\u00a0\u00bb\u00a0: alors que les week-ends difficiles s\u2019encha\u00eenent au volant de son Alpine en manque&hellip;\n","protected":false},"author":2,"featured_media":469104,"comment_status":"","ping_status":"","sticky":false,"template":"","format":"standard","meta":{"footnotes":""},"categories":[1412],"tags":[11,22841,73,1451,8290,1452,1453,1454,1455,7482,1011,27,27297,7591,9958,59293,11850,8291,60],"class_list":{"0":"post-469103","1":"post","2":"type-post","3":"status-publish","4":"format-standard","5":"has-post-thumbnail","7":"category-f1","8":"tag-actualites","9":"tag-affirme","10":"tag-etats-unis","11":"tag-f1","12":"tag-faut","13":"tag-formula-1","14":"tag-formula1","15":"tag-formule-1","16":"tag-formule1","17":"tag-fort","18":"tag-fr","19":"tag-france","20":"tag-gasly","21":"tag-gp","22":"tag-hyeres","23":"tag-mentalement","24":"tag-pierre","25":"tag-rester","26":"tag-sports"},"share_on_mastodon":{"url":"https:\/\/pubeurope.com\/@fr\/115387635059561210","error":""},"_links":{"self":[{"href":"https:\/\/www.europesays.com\/fr\/wp-json\/wp\/v2\/posts\/469103","targetHints":{"allow":["GET"]}}],"collection":[{"href":"https:\/\/www.europesays.com\/fr\/wp-json\/wp\/v2\/posts"}],"about":[{"href":"https:\/\/www.europesays.com\/fr\/wp-json\/wp\/v2\/types\/post"}],"author":[{"embeddable":true,"href":"https:\/\/www.europesays.com\/fr\/wp-json\/wp\/v2\/users\/2"}],"replies":[{"embeddable":true,"href":"https:\/\/www.europesays.com\/fr\/wp-json\/wp\/v2\/comments?post=469103"}],"version-history":[{"count":0,"href":"https:\/\/www.europesays.com\/fr\/wp-json\/wp\/v2\/posts\/469103\/revisions"}],"wp:featuredmedia":[{"embeddable":true,"href":"https:\/\/www.europesays.com\/fr\/wp-json\/wp\/v2\/media\/469104"}],"wp:attachment":[{"href":"https:\/\/www.europesays.com\/fr\/wp-json\/wp\/v2\/media?parent=469103"}],"wp:term":[{"taxonomy":"category","embeddable":true,"href":"https:\/\/www.europesays.com\/fr\/wp-json\/wp\/v2\/categories?post=469103"},{"taxonomy":"post_tag","embeddable":true,"href":"https:\/\/www.europesays.com\/fr\/wp-json\/wp\/v2\/tags?post=469103"}],"curies":[{"name":"wp","href":"https:\/\/api.w.org\/{rel}","templated":true}]}}