{"id":469105,"date":"2025-10-17T04:32:16","date_gmt":"2025-10-17T04:32:16","guid":{"rendered":"https:\/\/www.europesays.com\/fr\/469105\/"},"modified":"2025-10-17T04:32:16","modified_gmt":"2025-10-17T04:32:16","slug":"cyclo-cross-cyclo-cross-kermiscross-dardooie-toon-aerts-remporte-la-30e-edition-devant-vanthourenhout","status":"publish","type":"post","link":"https:\/\/www.europesays.com\/fr\/469105\/","title":{"rendered":"Cyclo-cross. Cyclo-cross. Kermiscross d&rsquo;Ardooie &#8211; Toon Aerts remporte la 30e \u00e9dition devant Vanthourenhout"},"content":{"rendered":"<p>La saison sur route n&rsquo;est pas encore termin\u00e9e que les cadors du cyclo-cross sont d\u00e9j\u00e0 de retour dans les sous-bois. Si tous les favoris de l&rsquo;hiver n&rsquo;\u00e9taient pas pr\u00e9sent, le <strong>Kermiscross d&rsquo;Ardooie <\/strong>avait tout de m\u00eame de gros noms \u00e0 son d\u00e9part tels que <strong><a href=\"https:\/\/www.cyclismactu.net\/..\/news-coupe-du-monde-cyclo-cross-michael-vanthourenhout-ma-premiere-grande-victoire-86061.html\" target=\"_blank\" rel=\"noopener\">Michael Vanthourenhout<\/a> <\/strong>ou encore <strong><a href=\"https:\/\/www.cyclismactu.net\/..\/news-cyclo-cross-otegem-cyclo-cross-toon-aerts-s-impose-dans-un-sprint-quatre-otegem-85848.html\" target=\"_blank\" rel=\"noopener\">Toon Aerts<\/a><\/strong>. Ce sont d&rsquo;ailleurs les deux Belges qui se sont disput\u00e9s la victoire, finalement revenue \u00e0 <strong>Toon Aerts<\/strong>.<\/p>\n<p>Vid\u00e9o &#8211; La saison 2025 s&rsquo;\u00e9tait conclue sur le sacre de van der Poel Lire la suite de l&rsquo;article&#13;<\/p>\n<p>\u00a0<\/p>\n<p>&#13;<br \/>\nUn avant go\u00fbt de la coupe du monde&#8230;&#13;<\/p>\n<p>Les deux Belges ont distanc\u00e9 leurs adversaires dans le dernier tour de course, suite \u00e0 une accelleration de <strong>Vanthourenhout<\/strong>. Les deux se sont jou\u00e9s la victoire au sprint, parti de loin, <strong>Toon Aerts <\/strong>a resist\u00e9 au retour de l&rsquo;ancien champion d&rsquo;Europe. Il s&rsquo;agit l\u00e0 de sa premi\u00e8re victoire depuis son retour de suspension l&rsquo;an dernier. Si cette \u00e9preuve ne compte pas pour la coupe du monde, c&rsquo;est une bonne reprise pour les meilleurs sous les sous-bois et ceux qui viseront le titre mondial \u00e0 partir du 23 novembre prochain.<\/p>\n","protected":false},"excerpt":{"rendered":"La saison sur route n&rsquo;est pas encore termin\u00e9e que les cadors du cyclo-cross sont d\u00e9j\u00e0 de retour dans&hellip;\n","protected":false},"author":2,"featured_media":469106,"comment_status":"","ping_status":"","sticky":false,"template":"","format":"standard","meta":{"footnotes":""},"categories":[1411],"tags":[1154,207,59294,1011,27,59295,60,208],"class_list":{"0":"post-469105","1":"post","2":"type-post","3":"status-publish","4":"format-standard","5":"has-post-thumbnail","7":"category-cyclisme","8":"tag-cycling","9":"tag-cyclisme","10":"tag-cyclo-cross","11":"tag-fr","12":"tag-france","13":"tag-kermiscross-d","14":"tag-sports","15":"tag-velo"},"share_on_mastodon":{"url":"https:\/\/pubeurope.com\/@fr\/115387638964818252","error":""},"_links":{"self":[{"href":"https:\/\/www.europesays.com\/fr\/wp-json\/wp\/v2\/posts\/469105","targetHints":{"allow":["GET"]}}],"collection":[{"href":"https:\/\/www.europesays.com\/fr\/wp-json\/wp\/v2\/posts"}],"about":[{"href":"https:\/\/www.europesays.com\/fr\/wp-json\/wp\/v2\/types\/post"}],"author":[{"embeddable":true,"href":"https:\/\/www.europesays.com\/fr\/wp-json\/wp\/v2\/users\/2"}],"replies":[{"embeddable":true,"href":"https:\/\/www.europesays.com\/fr\/wp-json\/wp\/v2\/comments?post=469105"}],"version-history":[{"count":0,"href":"https:\/\/www.europesays.com\/fr\/wp-json\/wp\/v2\/posts\/469105\/revisions"}],"wp:featuredmedia":[{"embeddable":true,"href":"https:\/\/www.europesays.com\/fr\/wp-json\/wp\/v2\/media\/469106"}],"wp:attachment":[{"href":"https:\/\/www.europesays.com\/fr\/wp-json\/wp\/v2\/media?parent=469105"}],"wp:term":[{"taxonomy":"category","embeddable":true,"href":"https:\/\/www.europesays.com\/fr\/wp-json\/wp\/v2\/categories?post=469105"},{"taxonomy":"post_tag","embeddable":true,"href":"https:\/\/www.europesays.com\/fr\/wp-json\/wp\/v2\/tags?post=469105"}],"curies":[{"name":"wp","href":"https:\/\/api.w.org\/{rel}","templated":true}]}}