{"id":469109,"date":"2025-10-17T04:34:11","date_gmt":"2025-10-17T04:34:11","guid":{"rendered":"https:\/\/www.europesays.com\/fr\/469109\/"},"modified":"2025-10-17T04:34:11","modified_gmt":"2025-10-17T04:34:11","slug":"lea-salame-intimidee-ce-petit-detail-flagrant-face-a-jean-dujardin-en-plein-jt","status":"publish","type":"post","link":"https:\/\/www.europesays.com\/fr\/469109\/","title":{"rendered":"L\u00e9a Salam\u00e9 intimid\u00e9e ? Ce petit d\u00e9tail flagrant face \u00e0 Jean Dujardin en plein JT"},"content":{"rendered":"<p>Ce jeudi 16 octobre, <a href=\"https:\/\/www.closermag.fr\/people\/lea-salame-ces-quatre-mots-face-a-francois-hollande-au-jt-qui-prouvent-que-linterview-de-marion-cotillard-a-laisse-des-traces-3586436\" target=\"_blank\" rel=\"noopener\"><br \/>\nL\u00e9a Salam\u00e9<\/a> a accueilli <a href=\"https:\/\/www.closermag.fr\/people\/jean-dujardin-combien-a-t-il-denfants-3582834\" target=\"_blank\" rel=\"noopener\"><br \/>\nJean Dujardin<\/a> au journal de 20 Heures sur France 2. L\u2019acteur<br \/>\n\u00e9tait venu promouvoir son dernier film, mais un d\u00e9tail dans<br \/>\nl\u2019attitude de la journaliste a retenu l\u2019attention.<\/p>\n<p>Apr\u00e8s la diffusion de la bande-annonce du long-m\u00e9trage, L\u00e9a<br \/>\nSalam\u00e9 a paru mal \u00e0 l\u2019aise. Au moment o\u00f9 les images se sont<br \/>\narr\u00eat\u00e9es, la pr\u00e9sentatrice a baiss\u00e9 les yeux, cherchant ses mots<br \/>\navant de relancer l\u2019entretien. Une h\u00e9sitation br\u00e8ve, mais tr\u00e8s<br \/>\nvisible, qui peut \u00e9tonner. En effet, la journaliste apparait<br \/>\nd\u2019habitude tr\u00e8s \u00e0 l\u2019aise \u00e0 l\u2019antenne.\u00a0<\/p>\n<p>Un moment de flottement\u00a0<\/p>\n<p>Cette attitude pourrait \u00eatre per\u00e7ue comme un signe<br \/>\nd\u2019intimidation face \u00e0 l\u2019acteur oscaris\u00e9. D\u2019ordinaire tr\u00e8s \u00e0 l\u2019aise<br \/>\navec ses invit\u00e9s, L\u00e9a Salam\u00e9 a sembl\u00e9 cette fois un peu<br \/>\nimpressionn\u00e9e. Le l\u00e9ger silence apr\u00e8s la vid\u00e9o, suivi d\u2019un regard<br \/>\nfuyant, a renforc\u00e9 cette impression.\u00a0<\/p>\n<p>Pour L\u00e9a Salam\u00e9, cette petite maladresse s\u2019ajoute \u00e0 une s\u00e9rie de<br \/>\nmoments plus ou moins embarrassants v\u00e9cus ces derniers mois \u00e0<br \/>\nl\u2019antenne. Depuis sa confusion avec Marion Cotillard, la<br \/>\njournaliste semble marcher sur des \u0153ufs lors de ses interviews les<br \/>\nplus expos\u00e9es.<\/p>\n<p>Des gaffes en s\u00e9rie<\/p>\n<p>Le 14 octobre dernier, L\u00e9a Salam\u00e9 a confondu <a href=\"https:\/\/www.closermag.fr\/people\/lea-salame-sest-repris-les-pieds-dans-le-tapis-au-jt-et-maintenant-quon-sait-vraiment-pourquoi-on-peine-a-y-croire-3586852\" target=\"_blank\" rel=\"noopener\"><br \/>\nHenri Guaino<\/a> avec Claude Gu\u00e9ant en plein direct, apr\u00e8s un sujet<br \/>\nsur l\u2019affaire du financement libyen. Une erreur qui avait relanc\u00e9<br \/>\nles critiques \u00e0 son \u00e9gard, m\u00eame si l\u2019organisation du JT semblait<br \/>\naussi en cause.<\/p>\n<p>Quelques jours plus t\u00f4t, elle avait \u00e9galement repris une<br \/>\ninformation erron\u00e9e lors d\u2019un hommage \u00e0 Arras, confondant le drame<br \/>\navec celui de Conflans-Sainte-Honorine. Une confusion d\u00e9j\u00e0 relay\u00e9e<br \/>\ndans le 13 Heures de <a href=\"https:\/\/www.closermag.fr\/tv_tele_realite\/une-confusion-vraiment-indigne-apres-une-nouvelle-bevue-de-lea-salame-au-20h-de-france-2-la-chaine-intervient-3586465\" target=\"_blank\" rel=\"noopener\"><br \/>\nJulian Bugier.<\/a> \u201cUne erreur d\u2019importance\u201d, avait<br \/>\nreconnu Alexandre Kara, directeur de l\u2019information, en appelant \u00e0<br \/>\nplus de vigilance.<\/p>\n<p>Une journaliste sous pression<\/p>\n<p>Malgr\u00e9 ces accrocs, L\u00e9a Salam\u00e9 reste l\u2019une des figures les plus<br \/>\npopulaires du service public. R\u00e9cemment, face \u00e0 <a href=\"https:\/\/www.closermag.fr\/people\/lea-salame-ces-quatre-mots-face-a-francois-hollande-au-jt-qui-prouvent-que-linterview-de-marion-cotillard-a-laisse-des-traces-3586436\" target=\"_blank\" rel=\"noopener\"><br \/>\nFran\u00e7ois Hollande<\/a>, elle a montr\u00e9 qu\u2019elle savait s\u2019adapter.<br \/>\nCette fois, elle a soigneusement \u00e9vit\u00e9 le fameux \u201cComment<br \/>\nallez-vous ?\u201d devenu viral apr\u00e8s sa s\u00e9quence tendue avec<br \/>\nMarion Cotillard.<\/p>\n<p>Preuve qu\u2019elle pr\u00e9f\u00e8re d\u00e9sormais \u00e9viter tout faux pas. Si son<br \/>\nl\u00e9ger trouble face \u00e0 Jean Dujardin peut amuser les t\u00e9l\u00e9spectateurs,<br \/>\nil a aussi rappel\u00e9 que m\u00eame les journalistes les plus aguerris<br \/>\npeuvent parfois perdre un peu de leur assurance face \u00e0 une star de<br \/>\ncin\u00e9ma.<\/p>\n","protected":false},"excerpt":{"rendered":"Ce jeudi 16 octobre, L\u00e9a Salam\u00e9 a accueilli Jean Dujardin au journal de 20 Heures sur France 2.&hellip;\n","protected":false},"author":2,"featured_media":469110,"comment_status":"","ping_status":"","sticky":false,"template":"","format":"standard","meta":{"footnotes":""},"categories":[1359],"tags":[58,59,1011,27,594,218,3806,973],"class_list":{"0":"post-469109","1":"post","2":"type-post","3":"status-publish","4":"format-standard","5":"has-post-thumbnail","7":"category-people","8":"tag-divertissement","9":"tag-entertainment","10":"tag-fr","11":"tag-france","12":"tag-france-2","13":"tag-jean-dujardin","14":"tag-lea-salame","15":"tag-people"},"share_on_mastodon":{"url":"https:\/\/pubeurope.com\/@fr\/115387646908920063","error":""},"_links":{"self":[{"href":"https:\/\/www.europesays.com\/fr\/wp-json\/wp\/v2\/posts\/469109","targetHints":{"allow":["GET"]}}],"collection":[{"href":"https:\/\/www.europesays.com\/fr\/wp-json\/wp\/v2\/posts"}],"about":[{"href":"https:\/\/www.europesays.com\/fr\/wp-json\/wp\/v2\/types\/post"}],"author":[{"embeddable":true,"href":"https:\/\/www.europesays.com\/fr\/wp-json\/wp\/v2\/users\/2"}],"replies":[{"embeddable":true,"href":"https:\/\/www.europesays.com\/fr\/wp-json\/wp\/v2\/comments?post=469109"}],"version-history":[{"count":0,"href":"https:\/\/www.europesays.com\/fr\/wp-json\/wp\/v2\/posts\/469109\/revisions"}],"wp:featuredmedia":[{"embeddable":true,"href":"https:\/\/www.europesays.com\/fr\/wp-json\/wp\/v2\/media\/469110"}],"wp:attachment":[{"href":"https:\/\/www.europesays.com\/fr\/wp-json\/wp\/v2\/media?parent=469109"}],"wp:term":[{"taxonomy":"category","embeddable":true,"href":"https:\/\/www.europesays.com\/fr\/wp-json\/wp\/v2\/categories?post=469109"},{"taxonomy":"post_tag","embeddable":true,"href":"https:\/\/www.europesays.com\/fr\/wp-json\/wp\/v2\/tags?post=469109"}],"curies":[{"name":"wp","href":"https:\/\/api.w.org\/{rel}","templated":true}]}}