{"id":469113,"date":"2025-10-17T04:36:23","date_gmt":"2025-10-17T04:36:23","guid":{"rendered":"https:\/\/www.europesays.com\/fr\/469113\/"},"modified":"2025-10-17T04:36:23","modified_gmt":"2025-10-17T04:36:23","slug":"negrepelisse-deux-plumes-en-dedicace","status":"publish","type":"post","link":"https:\/\/www.europesays.com\/fr\/469113\/","title":{"rendered":"N\u00e8grepelisse. Deux plumes en d\u00e9dicace"},"content":{"rendered":"<p>La librairie-salon de th\u00e9 Les F\u00e9es des livres, place Nationale, \u00e0 N\u00e8grepelisse, continue \u00e0 animer la vie culturelle locale avec deux rendez-vous litt\u00e9raires d\u2019exception en octobre. Samedi 18, les lecteurs pourront rencontrer Audrey Marty, historienne et biographe toulousaine reconnue pour son travail sur les destins oubli\u00e9s. Mardi 21, ce sera au tour de Mustapha Chamlali, enseignant et auteur, de venir pr\u00e9senter son tout premier ouvrage, \u00ab\u00a0Le Berger et l\u2019olivier-Unis pour de nobles combats\u00a0\u00bb.<\/p>\n<p>Dipl\u00f4m\u00e9e d\u2019histoire de l\u2019art et d\u2019archives, Audrey Marty s\u2019est impos\u00e9e dans le paysage litt\u00e9raire par ses biographies sensibles et document\u00e9es. Elle redonne vie \u00e0 des figures m\u00e9connues comme Jane Dieulafoy, pionni\u00e8re du XIXe si\u00e8cle, ou Nouma Hawa, dompteuse de lions de la Belle \u00c9poque. Ses livres, dont \u00ab\u00a0Le Voyage de lady Liberty\u00a0\u00bb ou \u00ab\u00a0Roland Bonaparte, le prince savant\u00a0\u00bb, m\u00ealent rigueur historique et souffle romanesque. De 10 heures \u00e0 17 heures, elle d\u00e9dicacera ses ouvrages et \u00e9changera avec le public autour de ses recherches et de sa passion pour les figures f\u00e9minines inspirantes.<\/p>\n<p>Trois jours plus tard, la m\u00eame librairie recevra Mustapha Chamlali pour une matin\u00e9e de lectures musicales autour de son conte philosophique \u00ab\u00a0Le Berger et l\u2019olivier-Unis pour de nobles combats\u00a0\u00bb. Publi\u00e9 aux \u00e9ditions Hello, ce r\u00e9cit po\u00e9tique revisite la sagesse populaire et aborde avec humanit\u00e9 des th\u00e8mes universels : l\u2019\u00e9galit\u00e9, la guerre, l\u2019\u00e9cologie ou encore le rapport au num\u00e9rique. L\u2019auteur, enseignant en classe unique, proposera une rencontre immersive entre mots et musique de 9 h 30 \u00e0 13 heures.<\/p>\n<p>Plus qu\u2019un lieu de vente, Les F\u00e9es des livres est un v\u00e9ritable salon litt\u00e9raire o\u00f9 l\u2019on peut d\u00e9guster un th\u00e9 ou un caf\u00e9-maison en feuilletant un roman. La librairie s\u2019impose, au fil des rencontres, comme un p\u00f4le culturel incontournable du territoire, fid\u00e8le \u00e0 son ambition : faire rimer lecture et partage.<\/p>\n","protected":false},"excerpt":{"rendered":"La librairie-salon de th\u00e9 Les F\u00e9es des livres, place Nationale, \u00e0 N\u00e8grepelisse, continue \u00e0 animer la vie culturelle&hellip;\n","protected":false},"author":2,"featured_media":469114,"comment_status":"","ping_status":"","sticky":false,"template":"","format":"standard","meta":{"footnotes":""},"categories":[1357],"tags":[1379,58,59,1011,27,1380],"class_list":{"0":"post-469113","1":"post","2":"type-post","3":"status-publish","4":"format-standard","5":"has-post-thumbnail","7":"category-livres","8":"tag-books","9":"tag-divertissement","10":"tag-entertainment","11":"tag-fr","12":"tag-france","13":"tag-livres"},"share_on_mastodon":{"url":"https:\/\/pubeurope.com\/@fr\/115387654776676712","error":""},"_links":{"self":[{"href":"https:\/\/www.europesays.com\/fr\/wp-json\/wp\/v2\/posts\/469113","targetHints":{"allow":["GET"]}}],"collection":[{"href":"https:\/\/www.europesays.com\/fr\/wp-json\/wp\/v2\/posts"}],"about":[{"href":"https:\/\/www.europesays.com\/fr\/wp-json\/wp\/v2\/types\/post"}],"author":[{"embeddable":true,"href":"https:\/\/www.europesays.com\/fr\/wp-json\/wp\/v2\/users\/2"}],"replies":[{"embeddable":true,"href":"https:\/\/www.europesays.com\/fr\/wp-json\/wp\/v2\/comments?post=469113"}],"version-history":[{"count":0,"href":"https:\/\/www.europesays.com\/fr\/wp-json\/wp\/v2\/posts\/469113\/revisions"}],"wp:featuredmedia":[{"embeddable":true,"href":"https:\/\/www.europesays.com\/fr\/wp-json\/wp\/v2\/media\/469114"}],"wp:attachment":[{"href":"https:\/\/www.europesays.com\/fr\/wp-json\/wp\/v2\/media?parent=469113"}],"wp:term":[{"taxonomy":"category","embeddable":true,"href":"https:\/\/www.europesays.com\/fr\/wp-json\/wp\/v2\/categories?post=469113"},{"taxonomy":"post_tag","embeddable":true,"href":"https:\/\/www.europesays.com\/fr\/wp-json\/wp\/v2\/tags?post=469113"}],"curies":[{"name":"wp","href":"https:\/\/api.w.org\/{rel}","templated":true}]}}