{"id":469119,"date":"2025-10-17T04:40:09","date_gmt":"2025-10-17T04:40:09","guid":{"rendered":"https:\/\/www.europesays.com\/fr\/469119\/"},"modified":"2025-10-17T04:40:09","modified_gmt":"2025-10-17T04:40:09","slug":"choisis-5-films-danimation-disney-pixar-que-tu-adores-on-devinera-vraiment-ton-age","status":"publish","type":"post","link":"https:\/\/www.europesays.com\/fr\/469119\/","title":{"rendered":"choisis 5 films d&rsquo;animation Disney\/Pixar que tu adores, on devinera (vraiment) ton \u00e2ge"},"content":{"rendered":"<p><p><a href=\"https:\/\/www.serieously.com\" rel=\"nofollow noopener\" target=\"_blank\">Accueil<\/a> &gt; <a href=\"https:\/\/www.serieously.com\/quiz\/\" rel=\"nofollow noopener\" target=\"_blank\">Quiz<\/a> &gt; Quiz : choisis 5 films d\u2019animation Disney\/Pixar que tu adores, on devinera (vraiment) ton \u00e2ge<\/p>\n<\/p>\n<p class=\"o-article__published-by o-article__bullets\">\n            Publi\u00e9 le<br \/>\n                        16 octobre 2025 \u00e0 12 h 00<\/p>\n<p>             Par<br \/>\n                <a href=\"https:\/\/www.serieously.com\/author\/drifa\/\" rel=\"nofollow noopener\" target=\"_blank\">Drifa<br \/>\n                    Maza<\/a><\/p>\n<p><strong>Pour qu\u2019on puisse bien deviner ton \u00e2ge, tu dois choisir les cinq films d\u2019animation des studios Disney et Pixar que tu aimes le plus parmi cette s\u00e9lection dans ce quiz ! Une fois termin\u00e9, Serieously devinera ta g\u00e9n\u00e9ration ! <\/strong><\/p>\n<p>Tu veux qu\u2019on devine ton \u00e2ge et les films Disney avec lesquels tu as grandi ? Dans ce cas, \u00e9limine simplement cinq films d\u2019animations de ce studio et <a href=\"https:\/\/www.serieously.com\/tag\/pixar\/\" target=\"_blank\" data-type=\"link\" data-id=\"https:\/\/www.serieously.com\/tag\/pixar\/\" rel=\"noreferrer noopener nofollow\">Pixar<\/a> et on te dira tout. Sois honn\u00eate et choisis vraiment tes oeuvres favorites !<\/p>\n<p>Choisis un film d&rsquo;animation Disney : <\/p>\n<p>\t\t\t\t\t\t\t\t<img decoding=\"async\" src=\"https:\/\/www.europesays.com\/fr\/wp-content\/uploads\/2025\/04\/yeux-blanche-neige-2.jpg\" alt=\"Blanche-Neige et les Sept Nains\" width=\"150\" height=\"150\" loading=\"lazy\"\/><\/p>\n<p>\n\t\t\t\t\t\t\t\t\tBlanche-Neige et les Sept Nains\n\t\t\t\t\t\t\t\t<\/p>\n<p>\t\t\t\t\t\t\t\t<img decoding=\"async\" src=\"https:\/\/www.europesays.com\/fr\/wp-content\/uploads\/2025\/10\/rafiki-simba-nala-et-bebe-le-roi-lion.jpg\" alt=\"Le Roi Lion\" width=\"150\" height=\"150\" loading=\"lazy\"\/><\/p>\n<p>\n\t\t\t\t\t\t\t\t\tLe Roi Lion\n\t\t\t\t\t\t\t\t<\/p>\n<p>\t\t\t\t\t\t\t\t<img decoding=\"async\" src=\"https:\/\/www.europesays.com\/fr\/wp-content\/uploads\/2025\/09\/raiponce-et-flynn-rider-disney-2.jpg\" alt=\"Raiponce \" width=\"150\" height=\"150\" loading=\"lazy\"\/><\/p>\n<p>\n\t\t\t\t\t\t\t\t\tRaiponce\n\t\t\t\t\t\t\t\t<\/p>\n<p>\t\t\t\t\t\t\t\t<img decoding=\"async\" src=\"https:\/\/www.europesays.com\/fr\/wp-content\/uploads\/2025\/07\/bambi-disney.jpg\" alt=\"Bambi \" width=\"150\" height=\"150\" loading=\"lazy\"\/><\/p>\n<p>\n\t\t\t\t\t\t\t\t\tBambi\n\t\t\t\t\t\t\t\t<\/p>\n<p>Choisis un film d&rsquo;animation Disney : <\/p>\n<p>\t\t\t\t\t\t\t\t<img decoding=\"async\" src=\"https:\/\/www.europesays.com\/fr\/wp-content\/uploads\/2025\/10\/mowgli-et-baloo-le-livre-de-la-jungle.jpg\" alt=\"Le Livre de la jungle\" width=\"150\" height=\"150\" loading=\"lazy\"\/><\/p>\n<p>\n\t\t\t\t\t\t\t\t\tLe Livre de la jungle\n\t\t\t\t\t\t\t\t<\/p>\n<p>\t\t\t\t\t\t\t\t<img decoding=\"async\" src=\"https:\/\/www.europesays.com\/fr\/wp-content\/uploads\/2025\/10\/lilo-stitch-1-1.jpg\" alt=\"Lilo et Stitch \" width=\"150\" height=\"150\" loading=\"lazy\"\/><\/p>\n<p>\n\t\t\t\t\t\t\t\t\tLilo et Stitch\n\t\t\t\t\t\t\t\t<\/p>\n<p>\t\t\t\t\t\t\t\t<img decoding=\"async\" src=\"https:\/\/www.europesays.com\/fr\/wp-content\/uploads\/2025\/07\/mirabel-madrigal-du-film-de-disney-encanto.jpg\" alt=\"Encanto \" width=\"150\" height=\"150\" loading=\"lazy\"\/><\/p>\n<p>\n\t\t\t\t\t\t\t\t\tEncanto\n\t\t\t\t\t\t\t\t<\/p>\n<p>\t\t\t\t\t\t\t\t<img decoding=\"async\" src=\"https:\/\/www.europesays.com\/fr\/wp-content\/uploads\/2025\/10\/yeux-prince-mulan-2.jpg\" alt=\"Mulan\" width=\"150\" height=\"150\" loading=\"lazy\"\/><\/p>\n<p>\n\t\t\t\t\t\t\t\t\tMulan\n\t\t\t\t\t\t\t\t<\/p>\n<p>Choisis un film d&rsquo;animation Pixar : <\/p>\n<p>\t\t\t\t\t\t\t\t<img decoding=\"async\" src=\"https:\/\/www.europesays.com\/fr\/wp-content\/uploads\/2025\/10\/chiffresemainetoystory-min.jpg\" alt=\"Toy Story \" width=\"150\" height=\"150\" loading=\"lazy\"\/><\/p>\n<p>\n\t\t\t\t\t\t\t\t\tToy Story\n\t\t\t\t\t\t\t\t<\/p>\n<p>\t\t\t\t\t\t\t\t<img decoding=\"async\" src=\"https:\/\/www.europesays.com\/fr\/wp-content\/uploads\/2025\/07\/alerte-rouge-2.jpg\" alt=\"Alerte Rouge\" width=\"150\" height=\"150\" loading=\"lazy\"\/><\/p>\n<p>\n\t\t\t\t\t\t\t\t\tAlerte Rouge\n\t\t\t\t\t\t\t\t<\/p>\n<p>\t\t\t\t\t\t\t\t<img decoding=\"async\" src=\"https:\/\/www.europesays.com\/fr\/wp-content\/uploads\/2025\/10\/rebelle-disney.jpg\" alt=\"Rebelle \" width=\"150\" height=\"150\" loading=\"lazy\"\/><\/p>\n<p>\n\t\t\t\t\t\t\t\t\tRebelle\n\t\t\t\t\t\t\t\t<\/p>\n<p>\t\t\t\t\t\t\t\t<img decoding=\"async\" src=\"https:\/\/www.europesays.com\/fr\/wp-content\/uploads\/2025\/10\/film-pixar-elementaire.jpg\" alt=\"\u00c9l\u00e9mentaire \" width=\"150\" height=\"150\" loading=\"lazy\"\/><\/p>\n<p>\n\t\t\t\t\t\t\t\t\t\u00c9l\u00e9mentaire\n\t\t\t\t\t\t\t\t<\/p>\n<p>Choisis un film d&rsquo;animation Pixar : <\/p>\n<p>\t\t\t\t\t\t\t\t<img decoding=\"async\" src=\"https:\/\/www.europesays.com\/fr\/wp-content\/uploads\/2025\/10\/vice-versa-pixar.jpg\" alt=\"Vice-Versa\" width=\"150\" height=\"150\" loading=\"lazy\"\/><\/p>\n<p>\n\t\t\t\t\t\t\t\t\tVice-Versa\n\t\t\t\t\t\t\t\t<\/p>\n<p>\t\t\t\t\t\t\t\t<img decoding=\"async\" src=\"https:\/\/www.europesays.com\/fr\/wp-content\/uploads\/2025\/07\/chiffresemainelemondedenemo-min.jpg\" alt=\"Le Monde de Nemo\" width=\"150\" height=\"150\" loading=\"lazy\"\/><\/p>\n<p>\n\t\t\t\t\t\t\t\t\tLe Monde de Nemo\n\t\t\t\t\t\t\t\t<\/p>\n<p>\t\t\t\t\t\t\t\t<img decoding=\"async\" src=\"https:\/\/www.europesays.com\/fr\/wp-content\/uploads\/2025\/08\/flash-mcqueen-dans-le-pixar-cars.jpg\" alt=\"Cars\" width=\"150\" height=\"150\" loading=\"lazy\"\/><\/p>\n<p>\n\t\t\t\t\t\t\t\t\tCars\n\t\t\t\t\t\t\t\t<\/p>\n<p>\t\t\t\t\t\t\t\t<img decoding=\"async\" src=\"https:\/\/www.europesays.com\/fr\/wp-content\/uploads\/2025\/10\/quiz-une-les-indestructibles.jpg\" alt=\"Les Indestructibles \" width=\"150\" height=\"150\" loading=\"lazy\"\/><\/p>\n<p>\n\t\t\t\t\t\t\t\t\tLes Indestructibles\n\t\t\t\t\t\t\t\t<\/p>\n<p>Choisis un film d&rsquo;animation Disney\/Pixar : <\/p>\n<p>\t\t\t\t\t\t\t\t<img decoding=\"async\" src=\"https:\/\/www.europesays.com\/fr\/wp-content\/uploads\/2025\/09\/joe-garnder-soul.jpg\" alt=\"Soul\" width=\"150\" height=\"150\" loading=\"lazy\"\/><\/p>\n<p>\n\t\t\t\t\t\t\t\t\tSoul\n\t\t\t\t\t\t\t\t<\/p>\n<p>\t\t\t\t\t\t\t\t<img decoding=\"async\" src=\"https:\/\/www.europesays.com\/fr\/wp-content\/uploads\/2025\/09\/remy-et-alfredo-linguini-dans-ratatouille.jpg\" alt=\"Ratatouille\" width=\"150\" height=\"150\" loading=\"lazy\"\/><\/p>\n<p>\n\t\t\t\t\t\t\t\t\tRatatouille\n\t\t\t\t\t\t\t\t<\/p>\n<p>\t\t\t\t\t\t\t\t<img decoding=\"async\" src=\"https:\/\/www.europesays.com\/fr\/wp-content\/uploads\/2025\/07\/tarzan-disney.jpg\" alt=\"Tarzan\" width=\"150\" height=\"150\" loading=\"lazy\"\/><\/p>\n<p>\n\t\t\t\t\t\t\t\t\tTarzan\n\t\t\t\t\t\t\t\t<\/p>\n<p>\t\t\t\t\t\t\t\t<img decoding=\"async\" src=\"https:\/\/www.europesays.com\/fr\/wp-content\/uploads\/2025\/10\/cendrillon-image.jpg\" alt=\"Cendrillon\" width=\"150\" height=\"150\" loading=\"lazy\"\/><\/p>\n<p>\n\t\t\t\t\t\t\t\t\tCendrillon\n\t\t\t\t\t\t\t\t<\/p>\n<p class=\"o-quiz__result-title\">Plus ou moins 20 ans <\/p>\n<p>Au vu de tes choix, on devine facilement que tu as grandi avec les films Disney et Pixar datant de la toute fin des ann\u00e9es 90 mais surtout avec ceux des ann\u00e9es 2000 ! Et notre petit doigt nous dit \u00e9galement que tu pr\u00e9f\u00e8res les longs-m\u00e9trages d\u2019animation de l\u2019univers Pixar \u00e0 ceux de Disney, n\u2019est-ce pas ? Tu pr\u00e9f\u00e8res les messages pr\u00f4n\u00e9s par le premier studio que tu trouves plus profonds et universels.<\/p>\n<p>Continue avec ces <a href=\"https:\/\/www.serieously.com\/films\/disney\/\" target=\"_blank\" rel=\"noopener nofollow\" aria-label=\"\">autres quiz Disney<\/a> et\/ou <a href=\"https:\/\/www.serieously.com\/tag\/pixar\/\" target=\"_blank\" rel=\"noopener nofollow\" aria-label=\"\">Pixar<\/a> !<\/p>\n<p>\t\t\t\t\t\t\t\t\t\t<img decoding=\"async\" src=\"https:\/\/www.europesays.com\/fr\/wp-content\/uploads\/2025\/04\/la-vingtaine.jpg\" alt=\"\" width=\"400\" height=\"225\" loading=\"lazy\"\/><\/p>\n<p class=\"o-quiz__result-title\">Entre 30 et 39 ans <\/p>\n<p>Tes choix \u00e0 ce quiz prouvent que tu as grandi avec les Disney des ann\u00e9es 80 mais aussi et surtout ceux des ann\u00e9es 90. Cela ne t\u2019emp\u00eache pas d\u2019adorer les oeuvres des ann\u00e9es 2000 et le studio Pixar ! D\u2019ailleurs, on parie que tu ne peux pas choisir ton univers pr\u00e9f\u00e9r\u00e9 tant tu adores tout ! On se trompe ?<\/p>\n<p>Continue avec ces <a href=\"https:\/\/www.serieously.com\/films\/disney\/\" target=\"_blank\" rel=\"noopener nofollow\" aria-label=\"\">autres quiz Disney<\/a> et\/ou <a href=\"https:\/\/www.serieously.com\/tag\/pixar\/\" target=\"_blank\" rel=\"noopener nofollow\" aria-label=\"\">Pixar<\/a> !<\/p>\n<p>\t\t\t\t\t\t\t\t\t\t<img decoding=\"async\" src=\"https:\/\/www.europesays.com\/fr\/wp-content\/uploads\/2025\/04\/la-trentaine.jpg\" alt=\"\" width=\"400\" height=\"225\" loading=\"lazy\"\/><\/p>\n<p class=\"o-quiz__result-title\">Entre 40 et 49 ans <\/p>\n<p>Au vu de tes choix, on dirait plut\u00f4t que tu as grandi avec les Disney des ann\u00e9es 80 et avant, mais cela ne t\u2019emp\u00eache pas pour autant d\u2019appr\u00e9cier ceux des ann\u00e9es 90. Tu as connu les films Pixar plus tard, mais tu es un client fid\u00e8le de ce studio, malgr\u00e9 ta l\u00e9g\u00e8re pr\u00e9f\u00e9rence pour Disney, m\u00eame si Pixar regorge de petites p\u00e9pites du septi\u00e8me art.<\/p>\n<p>Continue avec ces <a href=\"https:\/\/www.serieously.com\/films\/disney\/\" target=\"_blank\" rel=\"noopener nofollow\" aria-label=\"\">autres quiz Disney<\/a> et\/ou <a href=\"https:\/\/www.serieously.com\/tag\/pixar\/\" target=\"_blank\" rel=\"noopener nofollow\" aria-label=\"\">Pixar<\/a> !<\/p>\n<p>\t\t\t\t\t\t\t\t\t\t<img decoding=\"async\" src=\"https:\/\/www.europesays.com\/fr\/wp-content\/uploads\/2025\/04\/la-quarantaine.jpg\" alt=\"\" width=\"400\" height=\"225\" loading=\"lazy\"\/><\/p>\n<p class=\"o-quiz__result-title\">50 ans ou + <\/p>\n<p>Au vu de tes choix, on n\u2019en doute pas : tu as grandi avec les grands classiques Disney datant d\u2019avant les ann\u00e9es 80. Les Pixar ne sont arriv\u00e9s que bien apr\u00e8s dans ta vie. M\u00eame si tu aimes certains longs-m\u00e9trages de ce studio, tu n\u2019en fais pas une g\u00e9n\u00e9ralit\u00e9. Tu pr\u00e9f\u00e8res les histoires de princesses, guerriers, des animaux et compagnons fid\u00e8les. On se trompe ?<\/p>\n<p>Continue avec ces <a href=\"https:\/\/www.serieously.com\/films\/disney\/\" target=\"_blank\" rel=\"noopener nofollow\" aria-label=\"\">autres quiz Disney<\/a> et\/ou <a href=\"https:\/\/www.serieously.com\/tag\/pixar\/\" target=\"_blank\" rel=\"noopener nofollow\" aria-label=\"\">Pixar<\/a> !<\/p>\n<p>\t\t\t\t\t\t\t\t\t\t<img decoding=\"async\" src=\"https:\/\/www.europesays.com\/fr\/wp-content\/uploads\/2025\/04\/la-cinquantaine.jpg\" alt=\"\" width=\"400\" height=\"225\" loading=\"lazy\"\/><\/p>\n<p>\t\tRecommencer le quiz<\/p>\n<p>\t\t\t<img decoding=\"async\" src=\"https:\/\/www.europesays.com\/fr\/wp-content\/uploads\/2025\/10\/drifa.jpg\" alt=\"Drifa Maza\" width=\"70\" height=\"70\" loading=\"lazy\"\/><\/p>\n<p class=\"m-user__name\">Drifa Maza<\/p>\n<p class=\"m-user__job\">Journaliste<\/p>\n<p class=\"m-user__description\">Journaliste chez Serieously depuis 2023, Drifa Maza est une grande passionn\u00e9e de cin\u00e9ma de toutes les \u00e9poques, allant de ses d\u00e9buts silencieux en noir et blanc \u00e0 aujourd\u2019hui. Toujours \u00e0 l\u2019affut de l\u2019actualit\u00e9, elle ne rate aucune sortie cin\u00e9 et s\u00e9rie, et est toujours \u00e0 la recherche d\u2019une nouveaut\u00e9 et d\u2019un show \u00e0 binger. Son enfance a \u00e9t\u00e9 berc\u00e9e par les films Pixar et l\u2019\u00e8re Disney Channel, son adolescence par le genre de la dystopie et les Marvel (qu\u2019elle aime toujours autant) mais c\u2019est surtout en regardant La La Land en 2016 que son amour pour cette industrie est n\u00e9. Aujourd\u2019hui, Drifa adore partager cette passion et ses connaissances \u00e0 travers des articles, des quiz et des interviews et rencontres avec les actrices, acteurs et cin\u00e9astes comme Celine Song, Danny Boyle ou encore Tom Hardy et Timoth\u00e9e Chalamet, qu\u2019elle admire.<\/p>\n<p>\n\t\t\t\t\t\t\t\t\t\t\t\t\t\t\tContacter<br \/>\n\t\t\t\t\t\tDrifa\n\t\t\t\t\t\t\t\t\t<\/p>\n<p>Lundi&rsquo;spensable<\/p>\n<p class=\"mt-4 mb-4 text-xl text-center\">Le meilleur de <\/p>\n<p> dans ta boite mail<\/p>\n","protected":false},"excerpt":{"rendered":"Accueil &gt; Quiz &gt; Quiz : choisis 5 films d\u2019animation Disney\/Pixar que tu adores, on devinera (vraiment) ton&hellip;\n","protected":false},"author":2,"featured_media":469120,"comment_status":"","ping_status":"","sticky":false,"template":"","format":"standard","meta":{"footnotes":""},"categories":[1354],"tags":[58,59,1346,1011,27,1360],"class_list":{"0":"post-469119","1":"post","2":"type-post","3":"status-publish","4":"format-standard","5":"has-post-thumbnail","7":"category-films","8":"tag-divertissement","9":"tag-entertainment","10":"tag-films","11":"tag-fr","12":"tag-france","13":"tag-movies"},"share_on_mastodon":{"url":"https:\/\/pubeurope.com\/@fr\/115387671454977801","error":""},"_links":{"self":[{"href":"https:\/\/www.europesays.com\/fr\/wp-json\/wp\/v2\/posts\/469119","targetHints":{"allow":["GET"]}}],"collection":[{"href":"https:\/\/www.europesays.com\/fr\/wp-json\/wp\/v2\/posts"}],"about":[{"href":"https:\/\/www.europesays.com\/fr\/wp-json\/wp\/v2\/types\/post"}],"author":[{"embeddable":true,"href":"https:\/\/www.europesays.com\/fr\/wp-json\/wp\/v2\/users\/2"}],"replies":[{"embeddable":true,"href":"https:\/\/www.europesays.com\/fr\/wp-json\/wp\/v2\/comments?post=469119"}],"version-history":[{"count":0,"href":"https:\/\/www.europesays.com\/fr\/wp-json\/wp\/v2\/posts\/469119\/revisions"}],"wp:featuredmedia":[{"embeddable":true,"href":"https:\/\/www.europesays.com\/fr\/wp-json\/wp\/v2\/media\/469120"}],"wp:attachment":[{"href":"https:\/\/www.europesays.com\/fr\/wp-json\/wp\/v2\/media?parent=469119"}],"wp:term":[{"taxonomy":"category","embeddable":true,"href":"https:\/\/www.europesays.com\/fr\/wp-json\/wp\/v2\/categories?post=469119"},{"taxonomy":"post_tag","embeddable":true,"href":"https:\/\/www.europesays.com\/fr\/wp-json\/wp\/v2\/tags?post=469119"}],"curies":[{"name":"wp","href":"https:\/\/api.w.org\/{rel}","templated":true}]}}