{"id":469123,"date":"2025-10-17T04:42:11","date_gmt":"2025-10-17T04:42:11","guid":{"rendered":"https:\/\/www.europesays.com\/fr\/469123\/"},"modified":"2025-10-17T04:42:11","modified_gmt":"2025-10-17T04:42:11","slug":"kang-in-lee-elu-meilleur-joueur-asiatique-de-lannee-2025-france-paris-saint-germain","status":"publish","type":"post","link":"https:\/\/www.europesays.com\/fr\/469123\/","title":{"rendered":"Kang-in Lee \u00e9lu meilleur joueur asiatique de l&rsquo;ann\u00e9e 2025 &#8211; France &#8211; Paris Saint-Germain"},"content":{"rendered":"<p>Le meilleur rempla\u00e7ant.<\/p>\n<p>\u00c0 l\u2019occasion des AFC Awards, le Parisien <strong>Kang-in Lee a \u00e9t\u00e9 sacr\u00e9 meilleur joueur international asiatique de l\u2019ann\u00e9e 2025<\/strong>, une premi\u00e8re pour un joueur du PSG. Avec un bilan de\u00a049 matchs toutes comp\u00e9titions confondues, pour sept buts et six passes d\u00e9cisives la saison derni\u00e8re et une Ligue des champions glan\u00e9e, l\u2019international sud-cor\u00e9en a \u00e9t\u00e9 r\u00e9compens\u00e9 par la Conf\u00e9d\u00e9ration Asiatique.<\/p>\n<p>Un prix seulement pour les joueurs \u00e9voluant hors du continent asiatique<\/p>\n<p>Pour pouvoir esp\u00e9rer remporter cette distinction, <strong>il faut que les joueurs \u00e9voluent en dehors du continent asiatique<\/strong>. Ne faisant pas partie de l\u2019\u00e9quipe type de Luis Enrique, <strong>Kang-in Lee a toutefois su se montrer d\u00e9cisif durant les grands rendez-vous<\/strong> lors de ses entr\u00e9es en jeu, <a target=\"_blank\" href=\"https:\/\/www.sofoot.com\/articles\/revenu-de-nulle-part-le-psg-arrache-la-supercoupe-deurope-aux-tirs-aux-buts-contre-tottenham\" rel=\"nofollow noopener\">\u00e0 l\u2019instar de la Supercoupe d\u2019Europe face \u00e0 Tottenham<\/a> o\u00f9 il a inscrit le premier but parisien de la soir\u00e9e\u00a0(2-2, tab 4-3).<\/p>\n<p>Le PSG a d\u2019ailleurs r\u00e9agi \u00e0 la r\u00e9compense de son num\u00e9ro 19 dans un communiqu\u00e9 : \u00ab\u202fConsid\u00e9r\u00e9 comme l\u2019un des plus grands talents du football asiatique, le natif d\u2019Incheon \u00e9crit une nouvelle page de l\u2019histoire du football de son continent et du Paris Saint-Germain\u202f\u00bb.<\/p>\n<p>De quoi le mettre sur de bons rails avant le retour de la Ligue 1.<\/p>\n<p>\t\t\t\t\t\t\t\t\t\t<a class=\"lien-connexe\" href=\"https:\/\/www.sofoot.com\/breves\/des-retours-cote-parisien-avant-la-reception-de-strasbourg\" rel=\"nofollow noopener\" target=\"_blank\">Des retours c\u00f4t\u00e9 parisien avant la r\u00e9ception de Strasbourg<\/a>\t\t\t\t\t<\/p>\n","protected":false},"excerpt":{"rendered":"Le meilleur rempla\u00e7ant. \u00c0 l\u2019occasion des AFC Awards, le Parisien Kang-in Lee a \u00e9t\u00e9 sacr\u00e9 meilleur joueur international&hellip;\n","protected":false},"author":2,"featured_media":469124,"comment_status":"","ping_status":"","sticky":false,"template":"","format":"standard","meta":{"footnotes":""},"categories":[9],"tags":[47,61,69,65,64,63,1011,27,68,66,62,70,67,60],"class_list":{"0":"post-469123","1":"post","2":"type-post","3":"status-publish","4":"format-standard","5":"has-post-thumbnail","7":"category-sports","8":"tag-actualite","9":"tag-actus-football","10":"tag-bundesliga","11":"tag-championnats-europeens","12":"tag-equipe-de-france","13":"tag-football","14":"tag-fr","15":"tag-france","16":"tag-ligua","17":"tag-ligue-1","18":"tag-news-foot","19":"tag-premier-league","20":"tag-serie-a","21":"tag-sports"},"share_on_mastodon":{"url":"https:\/\/pubeurope.com\/@fr\/115387678569764461","error":""},"_links":{"self":[{"href":"https:\/\/www.europesays.com\/fr\/wp-json\/wp\/v2\/posts\/469123","targetHints":{"allow":["GET"]}}],"collection":[{"href":"https:\/\/www.europesays.com\/fr\/wp-json\/wp\/v2\/posts"}],"about":[{"href":"https:\/\/www.europesays.com\/fr\/wp-json\/wp\/v2\/types\/post"}],"author":[{"embeddable":true,"href":"https:\/\/www.europesays.com\/fr\/wp-json\/wp\/v2\/users\/2"}],"replies":[{"embeddable":true,"href":"https:\/\/www.europesays.com\/fr\/wp-json\/wp\/v2\/comments?post=469123"}],"version-history":[{"count":0,"href":"https:\/\/www.europesays.com\/fr\/wp-json\/wp\/v2\/posts\/469123\/revisions"}],"wp:featuredmedia":[{"embeddable":true,"href":"https:\/\/www.europesays.com\/fr\/wp-json\/wp\/v2\/media\/469124"}],"wp:attachment":[{"href":"https:\/\/www.europesays.com\/fr\/wp-json\/wp\/v2\/media?parent=469123"}],"wp:term":[{"taxonomy":"category","embeddable":true,"href":"https:\/\/www.europesays.com\/fr\/wp-json\/wp\/v2\/categories?post=469123"},{"taxonomy":"post_tag","embeddable":true,"href":"https:\/\/www.europesays.com\/fr\/wp-json\/wp\/v2\/tags?post=469123"}],"curies":[{"name":"wp","href":"https:\/\/api.w.org\/{rel}","templated":true}]}}