{"id":469131,"date":"2025-10-17T04:46:11","date_gmt":"2025-10-17T04:46:11","guid":{"rendered":"https:\/\/www.europesays.com\/fr\/469131\/"},"modified":"2025-10-17T04:46:11","modified_gmt":"2025-10-17T04:46:11","slug":"donald-trump-raconte-sa-surrealiste-premiere-nuit-a-la-maison-blanche-avec-son-epouse-melania","status":"publish","type":"post","link":"https:\/\/www.europesays.com\/fr\/469131\/","title":{"rendered":"Donald Trump raconte sa \u00absurr\u00e9aliste\u00bb premi\u00e8re nuit \u00e0 la Maison-Blanche avec son \u00e9pouse Melania"},"content":{"rendered":"<p>\n    Lors d\u2019une collecte de fonds mercredi soir, le pr\u00e9sident am\u00e9ricain est revenu sur ses premiers instants au 1600 Pennsylvania Avenue apr\u00e8s son \u00e9lection en 2016.<\/p>\n<p class=\"fig-paragraph\">\u00abIl faut un certain temps pour s\u2019y habituer. Je ne le suis probablement pas encore.\u00bb\u00a0<a href=\"https:\/\/www.lefigaro.fr\/tag\/donald-trump\" target=\"_blank\" rel=\"sponsored noopener\" data-gtm-custom-categorie=\"navigation\" data-gtm-custom-action=\"crossclick\" data-gtm-custom-label=\"Contextuel\" data-gtm-event=\"customEventSPE\">Donald Trump<\/a>\u00a0est revenu mercredi soir sur sa toute premi\u00e8re nuit \u00e0 la Maison-Blanche, lors d\u2019une collecte de fonds organis\u00e9e pour financer la construction d\u2019une salle de bal dans la r\u00e9sidence pr\u00e9sidentielle. Il s\u2019adressait alors \u00e0 des donateurs r\u00e9unis dans l\u2019East Room, parmi lesquels des repr\u00e9sentants d\u2019Amazon, Apple, Google et Microsoft.<\/p>\n<p class=\"fig-paragraph\">Le pr\u00e9sident am\u00e9ricain a profit\u00e9de l\u2019\u00e9v\u00e9nement pour raconter comment lui et son \u00e9pouse Melania Trump ont v\u00e9cu leur arriv\u00e9e au 1600 Pennsylvania Avenue en janvier 2016. \u00abPour moi, rien ne vaut la Maison-Blanche. Apr\u00e8s ma victoire, le premier soir, je suis mont\u00e9 et je me suis retrouv\u00e9 dans le couloir avec Melania, face \u00e0 la chambre Lincoln\u00bb, s\u2019est rem\u00e9mor\u00e9 Trump. \u00abC\u2019\u00e9tait une exp\u00e9rience surr\u00e9aliste. Je lui ai dit\u00a0: \u00ab\u00a0Tu y crois\u00a0? On est \u00e0 la Maison-Blanche et voil\u00e0 la chambre de Lincoln\u00a0!\u00a0\u00bb\u00bb<\/p>\n<p>                                    <a class=\"fig-a11y-skip a11y-hidden\" href=\"#fig-a11y-skip-main-inarticle\"><br \/>\n        Passer la publicit\u00e9<br \/>\n    <\/a><\/p>\n<p>\u00abUn endroit sp\u00e9cial\u00bb<\/p>\n<p class=\"fig-paragraph\">Donald Trump a aussi avou\u00e9 qu\u2019il n\u2019\u00e9tait \u00abprobablement pas encore habitu\u00e9\u00bb \u00e0 vivre dans cette demeure historique. \u00abC\u2019est un endroit sp\u00e9cial, que dire\u00a0? Il faut donc en prendre soin\u00bb, a-t-il confi\u00e9 aux invit\u00e9s. Une anecdote qui d\u00e9tonne avec les nombreuses rumeurs qui ont couru sur la relation du couple pr\u00e9sidentiel durant son premier mandat.<\/p>\n<p class=\"fig-paragraph\">Lesquelles affirmaient que Donald et Melania Trump dormaient dans des chambres s\u00e9par\u00e9es. Et pour cause\u00a0: \u00e0 leur arriv\u00e9e \u00e0 Washington en 2017, leur m\u00e9nage semblait tendu apr\u00e8s les r\u00e9v\u00e9lations sur le versement pr\u00e9sum\u00e9 de 130.000 dollars \u00e0 la star du porno Stormy Daniels pour acheter son silence sur une liaison extraconjugale datant de 2006,\u00a0<a href=\"https:\/\/www.independent.co.uk\/news\/world\/americas\/us-politics\/trump-melania-white-house-fundraiser-b2846613.html\" target=\"_blank\" rel=\"sponsored noopener\" data-gtm-custom-categorie=\"navigation\" data-gtm-custom-action=\"crossclick\" data-gtm-custom-label=\"Contextuel\" data-gtm-event=\"customEventSPE\">comme le rappelle The Independent<\/a> . La First Lady avait m\u00eame annul\u00e9 un voyage \u00e0 l\u2019\u00e9tranger avec son mari et \u00e9tait arriv\u00e9e \u00e0 son discours sur l\u2019\u00e9tat de l\u2019Union en 2018\u00a0<a href=\"https:\/\/www.cnn.com\/2018\/01\/30\/politics\/melania-trump-state-of-the-union-2018\" target=\"_blank\" rel=\"sponsored noopener\" data-gtm-custom-categorie=\"navigation\" data-gtm-custom-action=\"crossclick\" data-gtm-custom-label=\"Contextuel\" data-gtm-event=\"customEventSPE\">dans une voiture s\u00e9par\u00e9e<\/a>.<\/p>\n<p>Melania, l\u2019absente devenue tr\u00e8s pr\u00e9sente<\/p>\n<p class=\"fig-paragraph\">Le pr\u00e9sident am\u00e9ricain a toujours ni\u00e9 sa liaison avec Stormy Daniels. Et ce, m\u00eame si la star du porno a t\u00e9moign\u00e9 lors d\u2019un proc\u00e8s qui s\u2019est sold\u00e9 par la condamnation de Trump pour 34 chefs d\u2019accusation de falsification de documents commerciaux. Melania Trump, elle, n\u2019a jamais assist\u00e9 au proc\u00e8s mais aurait qualifi\u00e9, en priv\u00e9, la proc\u00e9dure de \u00abhonte\u00bb,\u00a0<a href=\"https:\/\/www.nytimes.com\/2024\/04\/16\/us\/politics\/melania-trump-trial-hush-money.html\" target=\"_blank\" rel=\"sponsored noopener\" data-gtm-custom-categorie=\"navigation\" data-gtm-custom-action=\"crossclick\" data-gtm-custom-label=\"Contextuel\" data-gtm-event=\"customEventSPE\">selon des sources du New York Times<\/a> .<\/p>\n<p class=\"fig-paragraph\">Depuis la r\u00e9\u00e9lection de Donald Trump en 2024, la premi\u00e8re dame est r\u00e9apparue \u00e0 ses c\u00f4t\u00e9s \u00e0 plusieurs reprises\u00a0: lors de son investiture, lors d\u2019une visite d\u2019\u00c9tat au Royaume-Uni, lors de la chasse aux \u0153ufs de P\u00e2ques et \u00e0 l\u2019Assembl\u00e9e g\u00e9n\u00e9rale des Nations Unies. Le mois dernier, elle s\u2019est \u00e9galement exprim\u00e9e devant un groupe de travail sur l\u2019intelligence artificielle. Et ce mois-ci, elle a r\u00e9v\u00e9l\u00e9 avoir \u00abun canal de communication\u00bb avec des repr\u00e9sentants russes, dont Vladimir Poutine, pour lib\u00e9rer les enfants ukrainiens retenus captifs. Une First Lady devenue soudainement tr\u00e8s active.<\/p>\n","protected":false},"excerpt":{"rendered":"Lors d\u2019une collecte de fonds mercredi soir, le pr\u00e9sident am\u00e9ricain est revenu sur ses premiers instants au 1600&hellip;\n","protected":false},"author":2,"featured_media":469132,"comment_status":"","ping_status":"","sticky":false,"template":"","format":"standard","meta":{"footnotes":""},"categories":[5],"tags":[11,75,1011,27,14,21831,12,28],"class_list":{"0":"post-469131","1":"post","2":"type-post","3":"status-publish","4":"format-standard","5":"has-post-thumbnail","7":"category-international","8":"tag-actualites","9":"tag-donald-trump","10":"tag-fr","11":"tag-france","12":"tag-international","13":"tag-melania-trump","14":"tag-news","15":"tag-world"},"share_on_mastodon":{"url":"https:\/\/pubeurope.com\/@fr\/115387694130189831","error":""},"_links":{"self":[{"href":"https:\/\/www.europesays.com\/fr\/wp-json\/wp\/v2\/posts\/469131","targetHints":{"allow":["GET"]}}],"collection":[{"href":"https:\/\/www.europesays.com\/fr\/wp-json\/wp\/v2\/posts"}],"about":[{"href":"https:\/\/www.europesays.com\/fr\/wp-json\/wp\/v2\/types\/post"}],"author":[{"embeddable":true,"href":"https:\/\/www.europesays.com\/fr\/wp-json\/wp\/v2\/users\/2"}],"replies":[{"embeddable":true,"href":"https:\/\/www.europesays.com\/fr\/wp-json\/wp\/v2\/comments?post=469131"}],"version-history":[{"count":0,"href":"https:\/\/www.europesays.com\/fr\/wp-json\/wp\/v2\/posts\/469131\/revisions"}],"wp:featuredmedia":[{"embeddable":true,"href":"https:\/\/www.europesays.com\/fr\/wp-json\/wp\/v2\/media\/469132"}],"wp:attachment":[{"href":"https:\/\/www.europesays.com\/fr\/wp-json\/wp\/v2\/media?parent=469131"}],"wp:term":[{"taxonomy":"category","embeddable":true,"href":"https:\/\/www.europesays.com\/fr\/wp-json\/wp\/v2\/categories?post=469131"},{"taxonomy":"post_tag","embeddable":true,"href":"https:\/\/www.europesays.com\/fr\/wp-json\/wp\/v2\/tags?post=469131"}],"curies":[{"name":"wp","href":"https:\/\/api.w.org\/{rel}","templated":true}]}}