{"id":469134,"date":"2025-10-17T04:48:27","date_gmt":"2025-10-17T04:48:27","guid":{"rendered":"https:\/\/www.europesays.com\/fr\/469134\/"},"modified":"2025-10-17T04:48:27","modified_gmt":"2025-10-17T04:48:27","slug":"les-retraites-appeles-a-se-mobiliser-en-france-le-6-novembre","status":"publish","type":"post","link":"https:\/\/www.europesays.com\/fr\/469134\/","title":{"rendered":"les retrait\u00e9s appel\u00e9s \u00e0 se mobiliser en France le 6 novembre"},"content":{"rendered":"<p>            Par<br \/>\n        <strong><br \/>\n            <a href=\"https:\/\/actu.fr\/auteur\/briac-trebert\" title=\"Consulter tous les articles de Briac Tr\u00e9bert\" rel=\"nofollow noopener\" target=\"_blank\">Briac Tr\u00e9bert<\/a><br \/>\n        <\/strong><\/p>\n<p>        Publi\u00e9 le<\/p>\n<p>            16 oct. 2025 \u00e0 16h20        <\/p>\n<p>Des milliers de <a href=\"https:\/\/actu.fr\/tag\/retraite\" rel=\"nofollow noopener\" target=\"_blank\">retrait\u00e9s<\/a> pourraient bien passer \u00e0 la caisse pour renflouer les comptes de l\u2019\u00c9tat. Et le ton monte. En annon\u00e7ant <a href=\"https:\/\/actu.fr\/politique\/reforme-des-retraites-sa-suspension-bientot-examinee-au-parlement-les-precisions-de-sebastien-lecornu_63303299.html\" rel=\"nofollow noopener\" target=\"_blank\">la suspension de la r\u00e9forme des retraites<\/a>, le Premier ministre, <a href=\"https:\/\/actu.fr\/tag\/sebastien-lecornu\" rel=\"nofollow noopener\" target=\"_blank\">S\u00e9bastien Lecornu<\/a>, a calm\u00e9 (un peu) les esprits, mais certaines mesures du projet de loi de financement de la S\u00e9curit\u00e9 sociale (PLFSS) pour 2026, pr\u00e9sent\u00e9 ce mardi 14 octobre 2025 en conseil des ministres, sont inflammables.<\/p>\n<p class=\" wall-content\">Le gel des pensions de retraite, la suppression de l\u2019abattement de 10\u2009% et la mise en place d\u2019un forfait \u00e0 2\u2009000\u00a0euros sur les pensions de retraite ou encore le doublement des franchises m\u00e9dicales, \u00e7a ne passe pas, <a href=\"https:\/\/actu.fr\/economie\/17-millions-de-perdants-les-retraites-principales-victimes-du-projet-de-budget-de-sebastien-lecornu_63300991.html\" rel=\"nofollow noopener\" target=\"_blank\">comme nous l\u2019expliquons dans cet article<\/a>. L\u2019hiver social s\u2019annonce chaud.<\/p>\n<p>\u00ab\u2009\u00c7a va \u00eatre les premi\u00e8res victimes de cette explosion des frais de sant\u00e9\u2009\u00bb<\/p>\n<p class=\" wall-content\">La secr\u00e9taire g\u00e9n\u00e9rale de la CGT, Sophie Binet, a ainsi appel\u00e9 ce jeudi 16\u00a0octobre \u00e0 la \u00ab\u2009mobilisation\u2009\u00bb et a d\u00e9j\u00e0 donn\u00e9 une date\u2009: <strong>le jeudi 6\u00a0novembre 2025<\/strong> sera \u00ab\u2009une journ\u00e9e d\u2019action des retrait\u00e9s\u2009\u00bb.<\/p>\n<p class=\" wall-content\">\u00ab\u2009La pilule est particuli\u00e8rement violente pour les retrait\u00e9s\u2009\u00bb, a-t-elle insist\u00e9, sur France 2, ce jeudi\u2009:<\/p>\n<p class=\" wall-content\">\n<p class=\" wall-content\">\u00ab\u2009\u00c7a va \u00eatre les premi\u00e8res victimes de cette explosion des frais de <a href=\"https:\/\/actu.fr\/tag\/sante\" rel=\"nofollow noopener\" target=\"_blank\">sant\u00e9<\/a>, parce que c\u2019est eux qui ont besoin de se soigner le plus. En plus, ils ont une d\u00e9sindexation de leurs pensions pour 2026. Et en plus, cette d\u00e9sindexation, elle est grav\u00e9e dans le marbre\u2009\u00bb, a-t-elle list\u00e9, remont\u00e9e.<\/p>\n<p class=\" wall-content\">Car il est propos\u00e9 dans ce projet de <strong>ne pas revaloriser les pensions de retraite<\/strong> de base en 2026. Et la <strong>sous-indexation des pensions de retraite<\/strong> de base de 0,4\u2009% par an est \u00e9galement envisag\u00e9e \u00e0 partir de 2027. Sans compter, donc, une <strong>augmentation des imp\u00f4ts des retrait\u00e9s<\/strong>, avec une <strong>remise en cause des abattements<\/strong>.<\/p>\n<blockquote class=\"ac-article-quote wall-content\">\n<p>Si on fait le cumul de ces trois mesures, on voit que les retrait\u00e9s sont dans le viseur. Tout \u00e7a parce qu&rsquo;on refuse d&rsquo;aller taxer les plus riches et d&rsquo;affronter les multinationales et les rentiers.<\/p>\n<p>    <strong>Sophie Binet<\/strong><br \/>\n        Secr\u00e9taire g\u00e9n\u00e9rale de la CGT, sur France 2, ce jeudi 16 octobre 2025    <\/p><\/blockquote>\n<p>Votre r\u00e9gion, votre actu !<\/p>\n<p>Recevez chaque jour les infos qui comptent pour vous.<\/p>\n<p>\t<a href=\"https:\/\/actu.fr\/newsletter\" class=\"ac-btn ac-btn--corner ac-btn--medium ac-btn--blue800\" rel=\"nofollow noopener\" target=\"_blank\">S&rsquo;incrire<\/a><\/p>\n<p class=\" wall-content\">Des efforts auxquels risquent de s\u2019ajouter <strong>des frais de sant\u00e9 suppl\u00e9mentaires<\/strong>, donc. \u00ab\u2009Les franchises m\u00e9dicales verront leurs montants consid\u00e9rablement augmenter. Si ce budget \u00e9tait adopt\u00e9, <strong>il y aurait un reste \u00e0 charge de 350\u00a0euros par malade<\/strong>. C\u2019est ce qu\u2019il y a de plus injuste comme politique sociale\u2009\u00bb, a martel\u00e9 Sophie Binet.<\/p>\n<p>Allocations logement, allocations aux adultes handicap\u00e9s\u2026<\/p>\n<p class=\" wall-content\">Dans la version actuelle du PLFSS pour 2026, le d\u00e9ficit de l\u2019ensemble des branches de la <a href=\"https:\/\/actu.fr\/tag\/securite-sociale\" rel=\"nofollow noopener\" target=\"_blank\">S\u00e9curit\u00e9 sociale<\/a> est pr\u00e9vu \u00e0 17,5\u00a0milliards d\u2019euros en 2026, soit 5,5\u00a0milliards d\u2019euros de moins qu\u2019en 2025.<\/p>\n<p class=\" wall-content\">\u00c0 peine install\u00e9, le deuxi\u00e8me gouvernement de S\u00e9bastien Lecornu a affront\u00e9 ce jeudi deux motions de censure, lanc\u00e9es par l\u2019extr\u00eame gauche et l\u2019extr\u00eame droite. Toutes deux <a href=\"https:\/\/actu.fr\/politique\/gouvernement-lecornu-ii-la-motion-de-censure-de-lfi-rejetee-le-premier-ministre-peut-souffler-un-peu_63307143.html\" rel=\"nofollow noopener\" target=\"_blank\">ont \u00e9t\u00e9 rejet\u00e9es, dans un scrutin serr\u00e9<\/a>, faute de soutien des socialistes. Mais \u00e7a bouillonne n\u00e9anmoins en coulisses.<\/p>\n<p class=\" wall-content\">Pour la CGT, ce budget est \u00ab\u2009une violente cure d\u2019aust\u00e9rit\u00e9\u2009\u00bb qui reprend la copie de <a href=\"https:\/\/actu.fr\/tag\/francois-bayrou\" rel=\"nofollow noopener\" target=\"_blank\">Fran\u00e7ois Bayrou<\/a> avec le gel des prestations sociales (allocations familiales, allocations logement, allocations aux adultes handicap\u00e9s\u2026) et des salaires des fonctionnaires, d\u00e9sindexation des pensions en 2026, 2027 et probablement apr\u00e8s, suppression de plus de 3 000 postes dans la fonction publique, doublement des franchises m\u00e9dicales et baisse du budget de la sant\u00e9, des h\u00f4pitaux et des Ehpad, les \u00e9tablissements d\u2019h\u00e9bergement pour personnes \u00e2g\u00e9es d\u00e9pendantes.<\/p>\n<p class=\" wall-content\">Les d\u00e9bats autour du budget d\u00e9buteront normalement la semaine prochaine \u00e0 l\u2019<a href=\"https:\/\/actu.fr\/tag\/assemblee-nationale\" rel=\"nofollow noopener\" target=\"_blank\">Assembl\u00e9e nationale<\/a>. La commission des Finances s\u2019en emparera d\u00e8s le lundi 20\u00a0octobre, et il devrait arriver dans l\u2019h\u00e9micycle le vendredi 24\u00a0octobre. La bataille entre une gauche d\u00e9sunie, un socle commun fractur\u00e9 et le Rassemblement national s\u2019annonce dantesque, dans des d\u00e9lais tr\u00e8s contraints. Et pourrait bien d\u00e9border dans la rue. Une nouvelle fois.<\/p>\n<p class=\" wall-content\"><strong>Avec AFP<\/strong><\/p>\n<p class=\" wall-content\">Personnalisez votre actualit\u00e9 en ajoutant vos villes et m\u00e9dias en favori avec <a href=\"https:\/\/moncompte.actu.fr\" title=\"D\u00e9couvez Mon Actu\" rel=\"nofollow noopener\" data-trk=\"{&quot;cta&quot;:{&quot;action&quot;:&quot;https:\\\/\\\/moncompte.actu.fr&quot;,&quot;category&quot;:&quot;mon compte&quot;,&quot;from&quot;:&quot;article footer&quot;,&quot;name&quot;:&quot;Mon actu&quot;,&quot;type&quot;:&quot;cta&quot;}}\" target=\"_blank\">Mon Actu<\/a>.<\/p>\n","protected":false},"excerpt":{"rendered":"Par Briac Tr\u00e9bert Publi\u00e9 le 16 oct. 2025 \u00e0 16h20 Des milliers de retrait\u00e9s pourraient bien passer \u00e0&hellip;\n","protected":false},"author":2,"featured_media":469135,"comment_status":"","ping_status":"","sticky":false,"template":"","format":"standard","meta":{"footnotes":""},"categories":[2],"tags":[11,33,1011,27,12,11036,137],"class_list":{"0":"post-469134","1":"post","2":"type-post","3":"status-publish","4":"format-standard","5":"has-post-thumbnail","7":"category-actualites","8":"tag-actualites","9":"tag-economie","10":"tag-fr","11":"tag-france","12":"tag-news","13":"tag-reforme-des-retraites","14":"tag-retraite"},"share_on_mastodon":{"url":"https:\/\/pubeurope.com\/@fr\/115387701974491160","error":""},"_links":{"self":[{"href":"https:\/\/www.europesays.com\/fr\/wp-json\/wp\/v2\/posts\/469134","targetHints":{"allow":["GET"]}}],"collection":[{"href":"https:\/\/www.europesays.com\/fr\/wp-json\/wp\/v2\/posts"}],"about":[{"href":"https:\/\/www.europesays.com\/fr\/wp-json\/wp\/v2\/types\/post"}],"author":[{"embeddable":true,"href":"https:\/\/www.europesays.com\/fr\/wp-json\/wp\/v2\/users\/2"}],"replies":[{"embeddable":true,"href":"https:\/\/www.europesays.com\/fr\/wp-json\/wp\/v2\/comments?post=469134"}],"version-history":[{"count":0,"href":"https:\/\/www.europesays.com\/fr\/wp-json\/wp\/v2\/posts\/469134\/revisions"}],"wp:featuredmedia":[{"embeddable":true,"href":"https:\/\/www.europesays.com\/fr\/wp-json\/wp\/v2\/media\/469135"}],"wp:attachment":[{"href":"https:\/\/www.europesays.com\/fr\/wp-json\/wp\/v2\/media?parent=469134"}],"wp:term":[{"taxonomy":"category","embeddable":true,"href":"https:\/\/www.europesays.com\/fr\/wp-json\/wp\/v2\/categories?post=469134"},{"taxonomy":"post_tag","embeddable":true,"href":"https:\/\/www.europesays.com\/fr\/wp-json\/wp\/v2\/tags?post=469134"}],"curies":[{"name":"wp","href":"https:\/\/api.w.org\/{rel}","templated":true}]}}