{"id":469140,"date":"2025-10-17T04:51:30","date_gmt":"2025-10-17T04:51:30","guid":{"rendered":"https:\/\/www.europesays.com\/fr\/469140\/"},"modified":"2025-10-17T04:51:30","modified_gmt":"2025-10-17T04:51:30","slug":"meurthe-et-moselle-la-gastronomie-sinvite-a-la-cafeteria-de-lhypermarche-pour-la-semaine-du-gout","status":"publish","type":"post","link":"https:\/\/www.europesays.com\/fr\/469140\/","title":{"rendered":"Meurthe-et-Moselle. La gastronomie s\u2019invite \u00e0 la caf\u00e9t\u00e9ria de l\u2019hypermarch\u00e9 pour la Semaine du go\u00fbt"},"content":{"rendered":"<p>En ce mercredi matin, la caf\u00e9t\u00e9ria du\u00a0Carrefour Houdemont, au sud de Nancy, prend des airs de fourmili\u00e8re. Tandis que les premiers clients s\u2019installent autour d\u2019un caf\u00e9 bien chaud, l\u2019effervescence r\u00e8gne d\u00e9j\u00e0 en cuisine. Les casseroles s\u2019entrechoquent, les chefs s\u2019affairent, les \u00e9quipes s\u2019activent\u00a0: pas de doute, la Semaine du go\u00fbt bat son plein.<\/p>\n<p>Cette \u00e9dition 2025 n\u2019\u00e9chappe pas \u00e0 la tradition. Depuis le d\u00e9but de la semaine, le service du&#8230;<\/p>\n","protected":false},"excerpt":{"rendered":"En ce mercredi matin, la caf\u00e9t\u00e9ria du\u00a0Carrefour Houdemont, au sud de Nancy, prend des airs de fourmili\u00e8re. Tandis&hellip;\n","protected":false},"author":2,"featured_media":469141,"comment_status":"","ping_status":"","sticky":false,"template":"","format":"standard","meta":{"footnotes":""},"categories":[9635],"tags":[1111,11,130,33,1707,1704,1706,1705,1777,674,1011,27,775,3457,1702,1703,12,25],"class_list":{"0":"post-469140","1":"post","2":"type-post","3":"status-publish","4":"format-standard","5":"has-post-thumbnail","7":"category-nancy","8":"tag-actu","9":"tag-actualites","10":"tag-consommation","11":"tag-economie","12":"tag-edition-luneville","13":"tag-edition-nancy-et-agglomeration","14":"tag-edition-pont-a-mousson","15":"tag-edition-toul","16":"tag-eu","17":"tag-europe","18":"tag-fr","19":"tag-france","20":"tag-grand-est","21":"tag-meurthe-et-moselle","22":"tag-nancy","23":"tag-nancy-ville-54b","24":"tag-news","25":"tag-republique-francaise"},"share_on_mastodon":{"url":"https:\/\/pubeurope.com\/@fr\/115387713693348493","error":""},"_links":{"self":[{"href":"https:\/\/www.europesays.com\/fr\/wp-json\/wp\/v2\/posts\/469140","targetHints":{"allow":["GET"]}}],"collection":[{"href":"https:\/\/www.europesays.com\/fr\/wp-json\/wp\/v2\/posts"}],"about":[{"href":"https:\/\/www.europesays.com\/fr\/wp-json\/wp\/v2\/types\/post"}],"author":[{"embeddable":true,"href":"https:\/\/www.europesays.com\/fr\/wp-json\/wp\/v2\/users\/2"}],"replies":[{"embeddable":true,"href":"https:\/\/www.europesays.com\/fr\/wp-json\/wp\/v2\/comments?post=469140"}],"version-history":[{"count":0,"href":"https:\/\/www.europesays.com\/fr\/wp-json\/wp\/v2\/posts\/469140\/revisions"}],"wp:featuredmedia":[{"embeddable":true,"href":"https:\/\/www.europesays.com\/fr\/wp-json\/wp\/v2\/media\/469141"}],"wp:attachment":[{"href":"https:\/\/www.europesays.com\/fr\/wp-json\/wp\/v2\/media?parent=469140"}],"wp:term":[{"taxonomy":"category","embeddable":true,"href":"https:\/\/www.europesays.com\/fr\/wp-json\/wp\/v2\/categories?post=469140"},{"taxonomy":"post_tag","embeddable":true,"href":"https:\/\/www.europesays.com\/fr\/wp-json\/wp\/v2\/tags?post=469140"}],"curies":[{"name":"wp","href":"https:\/\/api.w.org\/{rel}","templated":true}]}}