{"id":469148,"date":"2025-10-17T04:55:11","date_gmt":"2025-10-17T04:55:11","guid":{"rendered":"https:\/\/www.europesays.com\/fr\/469148\/"},"modified":"2025-10-17T04:55:11","modified_gmt":"2025-10-17T04:55:11","slug":"le-cinemed-sinvite-au-musee-fabre","status":"publish","type":"post","link":"https:\/\/www.europesays.com\/fr\/469148\/","title":{"rendered":"le Cin\u00e9med s&rsquo;invite au mus\u00e9e Fabre"},"content":{"rendered":"<p>\u00ab\u00a0Hors-cadre\u00a0\u00bb, une collection de courts m\u00e9trages au mus\u00e9e Fabre <\/p>\n<p>&#8211; \u00ab\u00a0Ce que regardent les statues\u00a0\u00bb de L\u00e9o Blandino (France, 2025, 22 mn, VOFR, Fiction). Avec Jean-Baptiste Durand, Billie Blain. : <br \/>Barnab\u00e9, un homme modeste et discret, travaille comme gardien dans un mus\u00e9e. Il a pass\u00e9 des ann\u00e9es \u00e0 en contempler les \u0153uvres d\u2019art jusqu\u2019\u00e0 les conna\u00eetre dans les moindres d\u00e9tails. Un jour, il d\u00e9couvre que certains tableaux commencent \u00e0 \u00e9trangement se pix\u00e9liser. Il rencontre Louisette, une restauratrice d\u2019art qui accepte de l\u2019aider \u00e0 comprendre ce myst\u00e9rieux ph\u00e9nom\u00e8ne. Produit par Les Films Invisibles.<\/p>\n<p>&#8211; \u00ab\u00a0Ce qui est \u00e0 C\u00e9sar\u00a0\u00bb de Hugo Orts (France, 2025, 22 mn, VOFR, documentaire) : <br \/>L\u2019installation d\u2019une exposition, le m\u00e9nage fait dans les salles avant l\u2019ouverture des portes, l\u2019accueil au guichet qui succ\u00e8de a\u0300 la fouille de s\u00e9curit\u00e9 a\u0300 l\u2019entr\u00e9e de l\u2019\u00e9tablissement&#8230; Sc\u00e8nes de genre contemporaines au sein d\u2019un mus\u00e9e historique. Produit par Face B.<\/p>\n<p>&#8211; \u00ab\u00a0Beau Soleil\u00a0\u00bb de Guilhem Causse, Ekiem Barbier, Quentin L\u2019helgoualc\u2019h et Boris Garavini (France, 2025, 30 mn, VOFR, documentaire exp\u00e9rimental) : <br \/>Dans un futur lointain, seule une version num\u00e9ris\u00e9e du mus\u00e9e Fabre a subsist\u00e9 au temps. Dans ce documentaire d&rsquo;anticipation teint\u00e9 de psych\u00e9d\u00e9lisme, c&rsquo;est \u00e0 travers le regard m\u00e9dus\u00e9 d&rsquo;un poisson arriv\u00e9 l\u00e0 par hasard en surfant sur internet, que les cin\u00e9astes l\u00e8vent le voile sur l&rsquo;imaginaire des visiteurs et le regard intime qu&rsquo;ils portent sur l&rsquo;Art et l&rsquo;espace du mus\u00e9e. Produit par Les Films Invisibles.<\/p>\n<p>&#8211; \u00ab\u00a0La Pass\u00e9e\u00a0\u00bb de L\u00e9a Triboulet (France, 2025, 12 mn, VOFR, fiction). Avec Valentine Carette, Adel Kirache :<br \/>Une histoire contemporaine, inspir\u00e9e de la vie personnelle de Madame Courbet, se d\u00e9roule autour du coucher et du lever du soleil dans trois paysages. Ces paysages, li\u00e9s \u00e0 des tableaux de Gustave Courbet pr\u00e9sents dans la collection du mus\u00e9e Fabre, repr\u00e9sentent des lieux embl\u00e9matiques autour de Montpellier : Le Pont d\u2019Ambrussum, la vue de la Tour de Farges et Les \u00c9tangs \u00e0 Palavas. Produit par La Belle Affaire.<\/p>\n<p>&#8211; \u00ab\u00a0@anglecry999\u00a0\u00bb de P\u00e9tronille Malet (France, 2025, 14 mn, VOFR, hybride\/exp\u00e9rimental). Avec L\u00e9 Henry-Serebryakov :<br \/>En partenariat avec le Mus\u00e9e Fabre, un influenceur atypique guide ses abonn\u00e9s dans un rituel de d\u00e9sintoxication digitale. \u00c0 travers un monologue hypnotique m\u00ealant ASMR, po\u00e9sie sensorielle et technocritique, \u00ab\u00a0@angelcry999\u00a0\u00bb nous invite \u00e0 traverser des espaces symboliques o\u00f9 la porosit\u00e9 entre r\u00e9el et virtuel \u00e9volue vers une dissolution totale des formes, des \u00e9crans et du monde. Produit par Sonia Gaspard.<\/p>\n","protected":false},"excerpt":{"rendered":"\u00ab\u00a0Hors-cadre\u00a0\u00bb, une collection de courts m\u00e9trages au mus\u00e9e Fabre &#8211; \u00ab\u00a0Ce que regardent les statues\u00a0\u00bb de L\u00e9o Blandino&hellip;\n","protected":false},"author":2,"featured_media":469149,"comment_status":"","ping_status":"","sticky":false,"template":"","format":"standard","meta":{"footnotes":""},"categories":[9599],"tags":[1111,11,1777,674,1011,27,1652,2208,12,2680,25],"class_list":{"0":"post-469148","1":"post","2":"type-post","3":"status-publish","4":"format-standard","5":"has-post-thumbnail","7":"category-montpellier","8":"tag-actu","9":"tag-actualites","10":"tag-eu","11":"tag-europe","12":"tag-fr","13":"tag-france","14":"tag-loisirs-culture","15":"tag-montpellier","16":"tag-news","17":"tag-occitanie","18":"tag-republique-francaise"},"share_on_mastodon":{"url":"https:\/\/pubeurope.com\/@fr\/115387729488234714","error":""},"_links":{"self":[{"href":"https:\/\/www.europesays.com\/fr\/wp-json\/wp\/v2\/posts\/469148","targetHints":{"allow":["GET"]}}],"collection":[{"href":"https:\/\/www.europesays.com\/fr\/wp-json\/wp\/v2\/posts"}],"about":[{"href":"https:\/\/www.europesays.com\/fr\/wp-json\/wp\/v2\/types\/post"}],"author":[{"embeddable":true,"href":"https:\/\/www.europesays.com\/fr\/wp-json\/wp\/v2\/users\/2"}],"replies":[{"embeddable":true,"href":"https:\/\/www.europesays.com\/fr\/wp-json\/wp\/v2\/comments?post=469148"}],"version-history":[{"count":0,"href":"https:\/\/www.europesays.com\/fr\/wp-json\/wp\/v2\/posts\/469148\/revisions"}],"wp:featuredmedia":[{"embeddable":true,"href":"https:\/\/www.europesays.com\/fr\/wp-json\/wp\/v2\/media\/469149"}],"wp:attachment":[{"href":"https:\/\/www.europesays.com\/fr\/wp-json\/wp\/v2\/media?parent=469148"}],"wp:term":[{"taxonomy":"category","embeddable":true,"href":"https:\/\/www.europesays.com\/fr\/wp-json\/wp\/v2\/categories?post=469148"},{"taxonomy":"post_tag","embeddable":true,"href":"https:\/\/www.europesays.com\/fr\/wp-json\/wp\/v2\/tags?post=469148"}],"curies":[{"name":"wp","href":"https:\/\/api.w.org\/{rel}","templated":true}]}}