{"id":46915,"date":"2025-04-23T15:42:12","date_gmt":"2025-04-23T15:42:12","guid":{"rendered":"https:\/\/www.europesays.com\/fr\/46915\/"},"modified":"2025-04-23T15:42:12","modified_gmt":"2025-04-23T15:42:12","slug":"lancien-vice-president-americain-al-gore-accuse-trump-de-manipuler-la-verite-comme-dans-lallemagne-nazie","status":"publish","type":"post","link":"https:\/\/www.europesays.com\/fr\/46915\/","title":{"rendered":"L&rsquo;ancien vice-pr\u00e9sident am\u00e9ricain Al Gore accuse Trump de manipuler la v\u00e9rit\u00e9 \u00ab comme dans l\u2019Allemagne nazie \u00bb"},"content":{"rendered":"<p>Des attaques de plus en plus virulentes s\u2019abattent sur <a href=\"https:\/\/www.parismatch.com\/actu\/international\/100-jours-de-trump-a-la-maison-blanche-son-debut-de-second-mandat-en-10-photos-250367\" rel=\"nofollow noopener\" target=\"_blank\" data-ylk=\"slk:Donald Trump;elm:context_link;itc:0;sec:content-canvas\" class=\"link \">Donald Trump<\/a>. Ce lundi 21\u00a0avril, l\u2019ancien vice-pr\u00e9sident am\u00e9ricain Al Gore a compar\u00e9 l\u2019administration du pr\u00e9sident r\u00e9publicain \u00e0 l\u2019Allemagne nazie, rapporte <a href=\"https:\/\/www.politico.com\/news\/2025\/04\/22\/al-gore-compares-trump-administration-to-third-reich-hitler-00302348\" rel=\"nofollow noopener\" target=\"_blank\" data-ylk=\"slk:Politico;elm:context_link;itc:0;sec:content-canvas\" class=\"link \">Politico<\/a>.<\/p>\n<p>S\u2019exprimant devant un parterre de militants et responsables politiques durant la Climate Week <a href=\"https:\/\/www.parismatch.com\/actu\/faits-divers\/la-mort-mysterieuse-dun-steward-de-la-british-airways-en-escale-a-san-francisco-250332\" rel=\"nofollow noopener\" target=\"_blank\" data-ylk=\"slk:\u00e0 San Francisco;elm:context_link;itc:0;sec:content-canvas\" class=\"link \">\u00e0 San Francisco<\/a>, une semaine consacr\u00e9e aux enjeux climatiques, il a pris soin de souligner que la comparaison n\u2019\u00e9tait pas litt\u00e9rale, mais symbolique\u00a0: \u00ab\u00a0Je comprends pourquoi il est dangereux de comparer le Troisi\u00e8me Reich \u00e0 quoi que ce soit d\u2019autre. Il \u00e9tait unique dans sa monstruosit\u00e9. Mais l\u2019histoire de ce mal \u00e9mergent nous enseigne des le\u00e7ons essentielles.\u00a0\u00bb<\/p>\n<p>L\u2019ancien colistier de <a href=\"https:\/\/www.parismatch.com\/actu\/international\/il-aurait-du-demissionner-monica-lewinsky-revient-sur-sa-liaison-avec-bill-clinton-247959\" rel=\"nofollow noopener\" target=\"_blank\" data-ylk=\"slk:Bill Clinton;elm:context_link;itc:0;sec:content-canvas\" class=\"link \">Bill Clinton<\/a> a cit\u00e9 le philosophe Theodor Adorno, expliquant que le premier glissement vers la dictature, dans l\u2019Allemagne des ann\u00e9es 1930, avait consist\u00e9 \u00e0 \u00ab\u00a0convertir toutes les questions de v\u00e9rit\u00e9 en question de pouvoir\u00a0\u00bb. \u00ab\u00a0L\u2019administration Trump insiste pour cr\u00e9er sa propre version de la r\u00e9alit\u00e9\u00a0\u00bb, dans le but d\u2019imposer une vision id\u00e9ologique \u00e0 rebours des faits, a-t-il poursuivi.<\/p>\n<p>\u00ab\u00a0Ils disent que le charbon est propre\u00a0\u00bb<\/p>\n<p>Dans sa tirade, <a href=\"https:\/\/www.parismatch.com\/Actu\/Environnement\/Al-Gore-Je-suis-impressionne-par-Emmanuel-Macron-1269464\" rel=\"nofollow noopener\" target=\"_blank\" data-ylk=\"slk:Al Gore;elm:context_link;itc:0;sec:content-canvas\" class=\"link \">Al Gore<\/a>, dont le documentaire diffus\u00e9 en 2006 sur le r\u00e9chauffement climatique, \u00ab\u00a0Une v\u00e9rit\u00e9 qui d\u00e9range\u00a0\u00bb, a \u00e9t\u00e9 r\u00e9compens\u00e9 par un Oscar, a \u00e9galement rappel\u00e9 la s\u00e9rie de d\u00e9claration de Donald Trump sur le changement climatique.<\/p>\n<p>\u00ab\u00a0Ils disent que la crise climatique est un canular invent\u00e9 par les Chinois pour d\u00e9truire l\u2019industrie manufacturi\u00e8r&#8230;<\/p>\n<p><a href=\"https:\/\/www.parismatch.com\/actu\/international\/etats-unis-al-gore-compare-ladministration-trump-a-lallemagne-nazie-250407?at_medium=affiliate&amp;at_campaign=Yahoo\" rel=\"nofollow noopener\" target=\"_blank\" data-ylk=\"slk:Lire la suite sur ParisMatch;elm:context_link;itc:0;sec:content-canvas\" class=\"link \">Lire la suite sur ParisMatch<\/a><\/p>\n","protected":false},"excerpt":{"rendered":"Des attaques de plus en plus virulentes s\u2019abattent sur Donald Trump. Ce lundi 21\u00a0avril, l\u2019ancien vice-pr\u00e9sident am\u00e9ricain Al&hellip;\n","protected":false},"author":2,"featured_media":46916,"comment_status":"","ping_status":"","sticky":false,"template":"","format":"standard","meta":{"footnotes":""},"categories":[1587],"tags":[11,13673,672,593,1804,1805,1803,75,1777,674,1801,13671,12,1802,13674,13672],"class_list":{"0":"post-46915","1":"post","2":"type-post","3":"status-publish","4":"format-standard","5":"has-post-thumbnail","7":"category-allemagne","8":"tag-actualites","9":"tag-al-gore","10":"tag-allemagne","11":"tag-bill-clinton","12":"tag-bundesrepublik-deutschland","13":"tag-de","14":"tag-deutschland","15":"tag-donald-trump","16":"tag-eu","17":"tag-europe","18":"tag-germany","19":"tag-lallemagne-nazie","20":"tag-news","21":"tag-republique-federale-dallemagne","22":"tag-theodor-adorno","23":"tag-vice-president-americain"},"share_on_mastodon":{"url":"https:\/\/pubeurope.com\/@fr\/114388044666339341","error":""},"_links":{"self":[{"href":"https:\/\/www.europesays.com\/fr\/wp-json\/wp\/v2\/posts\/46915","targetHints":{"allow":["GET"]}}],"collection":[{"href":"https:\/\/www.europesays.com\/fr\/wp-json\/wp\/v2\/posts"}],"about":[{"href":"https:\/\/www.europesays.com\/fr\/wp-json\/wp\/v2\/types\/post"}],"author":[{"embeddable":true,"href":"https:\/\/www.europesays.com\/fr\/wp-json\/wp\/v2\/users\/2"}],"replies":[{"embeddable":true,"href":"https:\/\/www.europesays.com\/fr\/wp-json\/wp\/v2\/comments?post=46915"}],"version-history":[{"count":0,"href":"https:\/\/www.europesays.com\/fr\/wp-json\/wp\/v2\/posts\/46915\/revisions"}],"wp:featuredmedia":[{"embeddable":true,"href":"https:\/\/www.europesays.com\/fr\/wp-json\/wp\/v2\/media\/46916"}],"wp:attachment":[{"href":"https:\/\/www.europesays.com\/fr\/wp-json\/wp\/v2\/media?parent=46915"}],"wp:term":[{"taxonomy":"category","embeddable":true,"href":"https:\/\/www.europesays.com\/fr\/wp-json\/wp\/v2\/categories?post=46915"},{"taxonomy":"post_tag","embeddable":true,"href":"https:\/\/www.europesays.com\/fr\/wp-json\/wp\/v2\/tags?post=46915"}],"curies":[{"name":"wp","href":"https:\/\/api.w.org\/{rel}","templated":true}]}}