{"id":469153,"date":"2025-10-17T04:59:14","date_gmt":"2025-10-17T04:59:14","guid":{"rendered":"https:\/\/www.europesays.com\/fr\/469153\/"},"modified":"2025-10-17T04:59:14","modified_gmt":"2025-10-17T04:59:14","slug":"grenoble-ville-a-la-taxe-fonciere-la-plus-elevee","status":"publish","type":"post","link":"https:\/\/www.europesays.com\/fr\/469153\/","title":{"rendered":"Grenoble, ville \u00e0 la taxe fonci\u00e8re la plus \u00e9lev\u00e9e"},"content":{"rendered":"<p><img width=\"487\" height=\"298\" src=\"https:\/\/www.europesays.com\/fr\/wp-content\/uploads\/2025\/10\/grenoble-2.jpg\" class=\"attachment-post-thumbnail size-post-thumbnail wp-post-image\" alt=\"\" decoding=\"async\" fetchpriority=\"high\" \/>\t<\/p>\n<p><strong>L\u2019UNPI a fait part ce mercredi son observatoire des taxes fonci\u00e8res.<\/strong><\/p>\n<p>L\u2019UNPI a d\u00e9voil\u00e9 ce mercredi son observatoire des taxes fonci\u00e8res. Selon ce dernier, la hausse 2024-2025 de la taxe fonci\u00e8re dans les 200 villes les plus peupl\u00e9es de France de 1,7 % est bien moins forte que celle observ\u00e9e dans les m\u00eames villes entre 2023 et 2024 (augmentation moyenne de 4,9 %), entre 2022 et 2023 (hausse moyenne de 9,3 %), ou encore entre 2021 et 2022 (hausse moyenne de 4,7 %).<\/p>\n<p>Selon l\u2019observatoire, on observe une moyenne de 44,33% observ\u00e9e pour les 50 villes les plus peupl\u00e9es du pays, sup\u00e9rieure de presque quatre points \u00e0 la moyenne nationale (taux cumul\u00e9s moyens de 40,67 %). Si on inclut la TEOM, les taux de taxe fonci\u00e8re ajout\u00e9s \u00e0 la TEOM s\u2019\u00e9l\u00e8vent en moyenne \u00e0 53,73 % dans ces m\u00eames villes.<\/p>\n<p><img decoding=\"async\" src=\"https:\/\/www.europesays.com\/fr\/wp-content\/uploads\/2025\/04\/abonnezvouslarge.jpg\" alt=\"\" \/><\/p>\n<p>Pour lire la totalit\u00e9 de l&rsquo;article,<strong> <a href=\"http:\/\/www.lyonpoleimmo.com\/membership-options-page\/\" target=\"_blank\" rel=\"noopener\">abonnez-vous<\/a> <\/strong>ou <a href=\"http:\/\/www.lyonpoleimmo.com\/senregistrer\/\" target=\"_blank\" rel=\"noopener\"><strong>identifiez-vous<\/strong><\/a> <\/p>\n<p><strong>Si vous avez appr\u00e9ci\u00e9 cet article, s&rsquo;il vous plait, prenez le temps de <a href=\"#comments\">laisser un commentaire<\/a> ou de <a href=\"http:\/\/www.lyonpoleimmo.com\/feed\/\" target=\"_blank\" rel=\"noopener\">souscrire au flux<\/a> afin de recevoir les futurs articles directement dans votre lecteur de flux.<br \/>\n    <\/strong><\/p>\n<p>\t<a href=\"http:\/\/www.lyonpoleimmo.com\/2025\/09\/11\/92124\/orpi-souhaite-un-statut-du-bailleur-prive-et-une-fiscalite-previsible\/\" rel=\"bookmark noopener\" title=\"Lien Permanent vers Orpi souhaite un statut du bailleur priv\u00e9 et une fiscalit\u00e9 pr\u00e9visible\" target=\"_blank\">Orpi souhaite un statut du bailleur priv\u00e9 et une fiscalit\u00e9 pr\u00e9visible<\/a><\/p>\n<p>\t<a href=\"http:\/\/www.lyonpoleimmo.com\/2025\/09\/11\/92124\/orpi-souhaite-un-statut-du-bailleur-prive-et-une-fiscalite-previsible\/\" rel=\"bookmark noopener\" title=\"Lien Permanent vers Orpi souhaite un statut du bailleur priv\u00e9 et une fiscalit\u00e9 pr\u00e9visible\" target=\"_blank\"><\/p>\n<p>Le r\u00e9seau a r\u00e9agi mercredi \u00e0 la nomination de S\u00e9bastien Lecornu par Emmanuel Macron comme nouveau Premier ministre.<\/p>\n<p><\/a><\/p>\n<p>\t<a href=\"http:\/\/www.lyonpoleimmo.com\/2025\/09\/02\/91979\/le-poids-de-la-taxe-fonciere-ne-fait-quaugmenter\/\" rel=\"bookmark noopener\" title=\"Lien Permanent vers Le poids de la taxe fonci\u00e8re ne fait qu\u2019augmenter\" target=\"_blank\">Le poids de la taxe fonci\u00e8re ne fait qu\u2019augmenter<\/a><\/p>\n<p>\t<a href=\"http:\/\/www.lyonpoleimmo.com\/2025\/09\/02\/91979\/le-poids-de-la-taxe-fonciere-ne-fait-quaugmenter\/\" rel=\"bookmark noopener\" title=\"Lien Permanent vers Le poids de la taxe fonci\u00e8re ne fait qu\u2019augmenter\" target=\"_blank\"><\/p>\n<p>Celle-ci p\u00e8se lourd dans le budget immobilier note Meilleurtaux qui a fait part mardi de l\u2019analyse du poids de cette taxe dans 32 grandes villes fran\u00e7aises.<\/p>\n<p><\/a><\/p>\n<p>\t<a href=\"http:\/\/www.lyonpoleimmo.com\/2025\/04\/09\/90388\/reforme-de-la-franchise-en-base-de-tva-vers-un-abandon\/\" rel=\"bookmark noopener\" title=\"Lien Permanent vers R\u00e9forme de la franchise en base de TVA : vers un abandon\u00a0?\" target=\"_blank\">R\u00e9forme de la franchise en base de TVA : vers un abandon\u00a0?<\/a><\/p>\n<p>\t<a href=\"http:\/\/www.lyonpoleimmo.com\/2025\/04\/09\/90388\/reforme-de-la-franchise-en-base-de-tva-vers-un-abandon\/\" rel=\"bookmark noopener\" title=\"Lien Permanent vers R\u00e9forme de la franchise en base de TVA : vers un abandon\u00a0?\" target=\"_blank\"><\/p>\n<p>Alors que la FFB et le gouvernement plaidaient pour une franchise de TVA sp\u00e9cifique pour les microentrepreneurs intervenant dans le b\u00e2timent, la commission des finances du S\u00e9nat se dit, elle, pour un abandon de la r\u00e9forme de la franchise en base.<\/p>\n<p><\/a><\/p>\n<p>\t<a href=\"http:\/\/www.lyonpoleimmo.com\/2025\/03\/16\/89966\/la-metropole-va-augmenter-les-taux-de-cfe-et-des-dmto\/\" rel=\"bookmark noopener\" title=\"Lien Permanent vers La M\u00e9tropole va augmenter les taux de CFE et des DMTO\" target=\"_blank\">La M\u00e9tropole va augmenter les taux de CFE et des DMTO<\/a><\/p>\n<p>\t<a href=\"http:\/\/www.lyonpoleimmo.com\/2025\/03\/16\/89966\/la-metropole-va-augmenter-les-taux-de-cfe-et-des-dmto\/\" rel=\"bookmark noopener\" title=\"Lien Permanent vers La M\u00e9tropole va augmenter les taux de CFE et des DMTO\" target=\"_blank\"><\/p>\n<p>La M\u00e9tropole de Lyon a pr\u00e9sent\u00e9 \u00e0 la presse vendredi les grandes lignes de son budget 2025, qui sera au menu du conseil m\u00e9tropolitain de lundi et mardi.<\/p>\n<p><\/a><\/p>\n<p>\t<a href=\"http:\/\/www.lyonpoleimmo.com\/2025\/03\/11\/89904\/valerie-letard-annonce-une-simplification-du-droit-de-lurbanisme\/\" rel=\"bookmark noopener\" title=\"Lien Permanent vers Val\u00e9rie L\u00e9tard annonce une simplification du droit de l\u2019urbanisme\" target=\"_blank\">Val\u00e9rie L\u00e9tard annonce une simplification du droit de l\u2019urbanisme<\/a><\/p>\n<p>\t<a href=\"http:\/\/www.lyonpoleimmo.com\/2025\/03\/11\/89904\/valerie-letard-annonce-une-simplification-du-droit-de-lurbanisme\/\" rel=\"bookmark noopener\" title=\"Lien Permanent vers Val\u00e9rie L\u00e9tard annonce une simplification du droit de l\u2019urbanisme\" target=\"_blank\"><\/p>\n<p>La ministre a indiqu\u00e9 dans le cadre du MIPIM qu\u2019un texte sera bient\u00f4t d\u00e9pos\u00e9 pour aider \u00e9lus et porteurs de projet \u00e0 relancer la production de logement.<\/p>\n<p><\/a><\/p>\n<p>\t<a href=\"http:\/\/www.lyonpoleimmo.com\/2025\/02\/18\/89528\/le-ministere-du-logement-promeut-les-mesures-du-budget-2025\/\" rel=\"bookmark noopener\" title=\"Lien Permanent vers Le minist\u00e8re en charge du logement promeut les mesures du budget 2025\" target=\"_blank\">Le minist\u00e8re en charge du logement promeut les mesures du budget 2025<\/a><\/p>\n<p>\t<a href=\"http:\/\/www.lyonpoleimmo.com\/2025\/02\/18\/89528\/le-ministere-du-logement-promeut-les-mesures-du-budget-2025\/\" rel=\"bookmark noopener\" title=\"Lien Permanent vers Le minist\u00e8re en charge du logement promeut les mesures du budget 2025\" target=\"_blank\"><\/p>\n<p>Les mesures comprises dans le budget 2025 visent \u00e0 faciliter l\u2019acc\u00e8s \u00e0 la propri\u00e9t\u00e9, note le minist\u00e8re qui voit en cela \u00abune priorit\u00e9 pour relancer le secteur du logement\u00bb.<\/p>\n<p><\/a><\/p>\n<p>\t<a href=\"http:\/\/www.lyonpoleimmo.com\/2024\/11\/28\/88327\/frais-de-notaires-pour-seloger-le-gouvernement-gagnerait-a-laisser-repartir-le-marche-immobilier\/\" rel=\"bookmark noopener\" title=\"Lien Permanent vers Frais de notaires : pour Seloger, le gouvernement gagnerait \u00e0 laisser repartir le march\u00e9 immobilier\" target=\"_blank\">Frais de notaires : pour Seloger, le gouvernement gagnerait \u00e0 laisser repartir le march\u00e9 immobilier<\/a><\/p>\n<p>\t<a href=\"http:\/\/www.lyonpoleimmo.com\/2024\/11\/28\/88327\/frais-de-notaires-pour-seloger-le-gouvernement-gagnerait-a-laisser-repartir-le-marche-immobilier\/\" rel=\"bookmark noopener\" title=\"Lien Permanent vers Frais de notaires : pour Seloger, le gouvernement gagnerait \u00e0 laisser repartir le march\u00e9 immobilier\" target=\"_blank\"><\/p>\n<p>Selon le groupe, les annonces du gouvernement concernant la hausse des droits de mutation sont per\u00e7ues comme un mauvais calcul court-termiste qui pourrait gripper la reprise.<\/p>\n<p><\/a><\/p>\n<p>\t<a href=\"http:\/\/www.lyonpoleimmo.com\/2024\/11\/15\/88075\/la-fnaim-sinsurge-contre-la-hausse-des-droits-de-mutation\/\" rel=\"bookmark noopener\" title=\"Lien Permanent vers La FNAIM s\u2019insurge contre la hausse des droits de mutation\" target=\"_blank\">La FNAIM s\u2019insurge contre la hausse des droits de mutation<\/a><\/p>\n<p>\t<a href=\"http:\/\/www.lyonpoleimmo.com\/2024\/11\/15\/88075\/la-fnaim-sinsurge-contre-la-hausse-des-droits-de-mutation\/\" rel=\"bookmark noopener\" title=\"Lien Permanent vers La FNAIM s\u2019insurge contre la hausse des droits de mutation\" target=\"_blank\"><\/p>\n<p><img decoding=\"async\" src=\"https:\/\/www.europesays.com\/fr\/wp-content\/uploads\/2025\/10\/immeuble41.jpg\" \/><br \/>Pour la f\u00e9d\u00e9ration, les acc\u00e9dants \u00e0 la propri\u00e9t\u00e9 sont \u00absacrifi\u00e9s sur l\u2019autel de la reconstitution des finances locales\u00bb. Diff\u00e9rents courtiers ont \u00e9galement r\u00e9agi \u00e0 cette perspective.<\/p>\n<p><\/a><\/p>\n<p>\t<a href=\"http:\/\/www.lyonpoleimmo.com\/2024\/01\/28\/83642\/la-crise-de-limmobilier-impacte-les-finances-de-la-metropole-de-lyon\/\" rel=\"bookmark noopener\" title=\"Lien Permanent vers La crise de l\u2019immobilier impacte les finances de la M\u00e9tropole de Lyon\" target=\"_blank\">La crise de l\u2019immobilier impacte les finances de la M\u00e9tropole de Lyon<\/a><\/p>\n<p>\t<a href=\"http:\/\/www.lyonpoleimmo.com\/2024\/01\/28\/83642\/la-crise-de-limmobilier-impacte-les-finances-de-la-metropole-de-lyon\/\" rel=\"bookmark noopener\" title=\"Lien Permanent vers La crise de l\u2019immobilier impacte les finances de la M\u00e9tropole de Lyon\" target=\"_blank\"><\/p>\n<p><img decoding=\"async\" src=\"https:\/\/www.europesays.com\/fr\/wp-content\/uploads\/2025\/10\/Bruno-Bernard-17.jpg\" alt=\"null\" \/>La baisse des droits de mutation a impact\u00e9 les finances de la M\u00e9tropole en 2023 et va continuer de les affecter en 2024. Dans son budget, la collectivit\u00e9 table n\u00e9anmoins sur une stabilit\u00e9 des recettes. Le montant des investissements augmentera par ailleurs de 25 millions d\u2019euros par rapport \u00e0 2023.<\/p>\n<p><\/a><\/p>\n<p>\t<a href=\"http:\/\/www.lyonpoleimmo.com\/2023\/11\/21\/82370\/la-metropole-de-lyon-vote-la-loi-1-dechet\/\" rel=\"bookmark noopener\" title=\"Lien Permanent vers La M\u00e9tropole de Lyon vote la loi \u00ab1% d\u00e9chet \u00bb\" target=\"_blank\">La M\u00e9tropole de Lyon vote la loi \u00ab1% d\u00e9chet \u00bb<\/a><\/p>\n<p>\t<a href=\"http:\/\/www.lyonpoleimmo.com\/2023\/11\/21\/82370\/la-metropole-de-lyon-vote-la-loi-1-dechet\/\" rel=\"bookmark noopener\" title=\"Lien Permanent vers La M\u00e9tropole de Lyon vote la loi \u00ab1% d\u00e9chet \u00bb\" target=\"_blank\"><\/p>\n<p><img decoding=\"async\" src=\"https:\/\/www.europesays.com\/fr\/wp-content\/uploads\/2025\/10\/MetropolevueGaribaldi5.jpg\" alt=\"null\" \/><\/p>\n<p>La collectivit\u00e9 va financer par ce biais des actions de solidarit\u00e9 internationale pour une meilleure gestion des d\u00e9chets.<\/p>\n<p><\/a><\/p>\n<p>\t<a href=\"http:\/\/www.lyonpoleimmo.com\/2023\/10\/21\/81840\/logement-la-fnaim-deplore-une-enieme-occasion-ratee\/\" rel=\"bookmark noopener\" title=\"Lien Permanent vers Logement\u00a0: la FNAIM d\u00e9plore \u00ab\u00a0une \u00e9ni\u00e8me occasion rat\u00e9e\u00a0\u00bb\" target=\"_blank\">Logement\u00a0: la FNAIM d\u00e9plore \u00ab\u00a0une \u00e9ni\u00e8me occasion rat\u00e9e\u00a0\u00bb<\/a><\/p>\n<p>\t<a href=\"http:\/\/www.lyonpoleimmo.com\/2023\/10\/21\/81840\/logement-la-fnaim-deplore-une-enieme-occasion-ratee\/\" rel=\"bookmark noopener\" title=\"Lien Permanent vers Logement\u00a0: la FNAIM d\u00e9plore \u00ab\u00a0une \u00e9ni\u00e8me occasion rat\u00e9e\u00a0\u00bb\" target=\"_blank\"><\/p>\n<p>Suite \u00e0 l\u2019utilisation de l\u2019article 49-3 d\u00e8s le d\u00e9but de l\u2019examen en s\u00e9ance publique du projet de loi de finances 2024, la f\u00e9d\u00e9ration a d\u00e9plor\u00e9 des dispositions insuffisantes sur le sujet du logement.<\/p>\n<p><\/a><\/p>\n<p>\t<a href=\"http:\/\/www.lyonpoleimmo.com\/2023\/08\/01\/80800\/le-service-gerer-mes-biens-immobiliers-ouvert-jusquau-10-aout\/\" rel=\"bookmark noopener\" title=\"Lien Permanent vers Le service \u00ab G\u00e9rer mes biens immobiliers \u00bb ouvert jusqu\u2019au 10 ao\u00fbt\" target=\"_blank\">Le service \u00ab G\u00e9rer mes biens immobiliers \u00bb ouvert jusqu\u2019au 10 ao\u00fbt<\/a><\/p>\n<p>\t<a href=\"http:\/\/www.lyonpoleimmo.com\/2023\/08\/01\/80800\/le-service-gerer-mes-biens-immobiliers-ouvert-jusquau-10-aout\/\" rel=\"bookmark noopener\" title=\"Lien Permanent vers Le service \u00ab G\u00e9rer mes biens immobiliers \u00bb ouvert jusqu\u2019au 10 ao\u00fbt\" target=\"_blank\"><\/p>\n<p>Le service restera ouvert afin d\u2019assurer une juste taxation des contribuables.<\/p>\n<p><\/a><\/p>\n<p>\t<a href=\"http:\/\/www.lyonpoleimmo.com\/2023\/06\/26\/80086\/la-chute-des-ventes-immobilieres-va-impacter-les-finances-de-la-metropole\/\" rel=\"bookmark noopener\" title=\"Lien Permanent vers La chute des ventes immobili\u00e8res va impacter les finances de la M\u00e9tropole\" target=\"_blank\">La chute des ventes immobili\u00e8res va impacter les finances de la M\u00e9tropole<\/a><\/p>\n<p>\t<a href=\"http:\/\/www.lyonpoleimmo.com\/2023\/06\/26\/80086\/la-chute-des-ventes-immobilieres-va-impacter-les-finances-de-la-metropole\/\" rel=\"bookmark noopener\" title=\"Lien Permanent vers La chute des ventes immobili\u00e8res va impacter les finances de la M\u00e9tropole\" target=\"_blank\"><\/p>\n<p>Le conseil de la M\u00e9tropole de Lyon a, \u00e0 son ordre du jour de sa s\u00e9ance des 26 et 27 juin, le vote du compte financier unique.<\/p>\n<p><\/a><\/p>\n<p>\t<a href=\"http:\/\/www.lyonpoleimmo.com\/2023\/05\/16\/79354\/pas-de-reponse-demmanuel-macron-a-la-fronde-des-federations\/\" rel=\"bookmark noopener\" title=\"Lien Permanent vers Pas de r\u00e9ponse d\u2019Emmanuel Macron \u00e0 la fronde des f\u00e9d\u00e9rations\" target=\"_blank\">Pas de r\u00e9ponse d\u2019Emmanuel Macron \u00e0 la fronde des f\u00e9d\u00e9rations<\/a><\/p>\n<p>\t<a href=\"http:\/\/www.lyonpoleimmo.com\/2023\/05\/16\/79354\/pas-de-reponse-demmanuel-macron-a-la-fronde-des-federations\/\" rel=\"bookmark noopener\" title=\"Lien Permanent vers Pas de r\u00e9ponse d\u2019Emmanuel Macron \u00e0 la fronde des f\u00e9d\u00e9rations\" target=\"_blank\"><\/p>\n<p>Le logement n\u2019a pas \u00e9t\u00e9 \u00e9voqu\u00e9 lors de l\u2019interview du pr\u00e9sident de la R\u00e9publique, r\u00e9alis\u00e9e lundi soir sur TF1.<\/p>\n<p><\/a><\/p>\n<p>\t<a href=\"http:\/\/www.lyonpoleimmo.com\/2023\/05\/14\/79289\/une-petition-de-lunpi-contre-la-hausse-de-la-taxe-fonciere-a-lyon\/\" rel=\"bookmark noopener\" title=\"Lien Permanent vers Une p\u00e9tition de l\u2019UNPI contre la hausse de la taxe fonci\u00e8re \u00e0 Lyon\" target=\"_blank\">Une p\u00e9tition de l\u2019UNPI contre la hausse de la taxe fonci\u00e8re \u00e0 Lyon<\/a><\/p>\n<p>\t<a href=\"http:\/\/www.lyonpoleimmo.com\/2023\/05\/14\/79289\/une-petition-de-lunpi-contre-la-hausse-de-la-taxe-fonciere-a-lyon\/\" rel=\"bookmark noopener\" title=\"Lien Permanent vers Une p\u00e9tition de l\u2019UNPI contre la hausse de la taxe fonci\u00e8re \u00e0 Lyon\" target=\"_blank\"><\/p>\n<p>Le conseil municipal avait, en mars, augment\u00e9 de pr\u00e8s de 16% la taxe fonci\u00e8re, revalorisation par l\u2019\u00c9tat comprise.<\/p>\n<p><\/a><\/p>\n","protected":false},"excerpt":{"rendered":"L\u2019UNPI a fait part ce mercredi son observatoire des taxes fonci\u00e8res. L\u2019UNPI a d\u00e9voil\u00e9 ce mercredi son observatoire&hellip;\n","protected":false},"author":2,"featured_media":469154,"comment_status":"","ping_status":"","sticky":false,"template":"","format":"standard","meta":{"footnotes":""},"categories":[9566],"tags":[5265,1111,11,2430,1777,674,526,1011,27,2731,12,25],"class_list":{"0":"post-469153","1":"post","2":"type-post","3":"status-publish","4":"format-standard","5":"has-post-thumbnail","7":"category-grenoble","8":"tag-abonnes","9":"tag-actu","10":"tag-actualites","11":"tag-auvergne-rhone-alpes","12":"tag-eu","13":"tag-europe","14":"tag-fiscalite","15":"tag-fr","16":"tag-france","17":"tag-grenoble","18":"tag-news","19":"tag-republique-francaise"},"share_on_mastodon":{"url":"https:\/\/pubeurope.com\/@fr\/115387745717789945","error":""},"_links":{"self":[{"href":"https:\/\/www.europesays.com\/fr\/wp-json\/wp\/v2\/posts\/469153","targetHints":{"allow":["GET"]}}],"collection":[{"href":"https:\/\/www.europesays.com\/fr\/wp-json\/wp\/v2\/posts"}],"about":[{"href":"https:\/\/www.europesays.com\/fr\/wp-json\/wp\/v2\/types\/post"}],"author":[{"embeddable":true,"href":"https:\/\/www.europesays.com\/fr\/wp-json\/wp\/v2\/users\/2"}],"replies":[{"embeddable":true,"href":"https:\/\/www.europesays.com\/fr\/wp-json\/wp\/v2\/comments?post=469153"}],"version-history":[{"count":0,"href":"https:\/\/www.europesays.com\/fr\/wp-json\/wp\/v2\/posts\/469153\/revisions"}],"wp:featuredmedia":[{"embeddable":true,"href":"https:\/\/www.europesays.com\/fr\/wp-json\/wp\/v2\/media\/469154"}],"wp:attachment":[{"href":"https:\/\/www.europesays.com\/fr\/wp-json\/wp\/v2\/media?parent=469153"}],"wp:term":[{"taxonomy":"category","embeddable":true,"href":"https:\/\/www.europesays.com\/fr\/wp-json\/wp\/v2\/categories?post=469153"},{"taxonomy":"post_tag","embeddable":true,"href":"https:\/\/www.europesays.com\/fr\/wp-json\/wp\/v2\/tags?post=469153"}],"curies":[{"name":"wp","href":"https:\/\/api.w.org\/{rel}","templated":true}]}}