{"id":469163,"date":"2025-10-17T05:04:12","date_gmt":"2025-10-17T05:04:12","guid":{"rendered":"https:\/\/www.europesays.com\/fr\/469163\/"},"modified":"2025-10-17T05:04:12","modified_gmt":"2025-10-17T05:04:12","slug":"region-de-pont-a-mousson-une-sortie-sur-lun-des-plus-beaux-marches-de-noel-a-strasbourg","status":"publish","type":"post","link":"https:\/\/www.europesays.com\/fr\/469163\/","title":{"rendered":"R\u00e9gion de Pont-\u00e0-Mousson. Une sortie sur l\u2019un des plus beaux march\u00e9s de No\u00ebl, \u00e0 Strasbourg"},"content":{"rendered":"<p>L\u2019association Les c\u0153urs du Trey invite petits et grands \u00e0 vivre la magie de No\u00ebl le dimanche 7\u00a0d\u00e9cembre, \u00e0 l\u2019occasion d\u2019une sortie exceptionnelle au march\u00e9 de No\u00ebl de Strasbourg, l\u2019un des plus ancien et des plus renomm\u00e9s d\u2019Europe. Cette sortie conviviale promet \u00e9merveillement, d\u00e9couvertes et bonne humeur.<\/p>\n<p>Au d\u00e9tour des ruelles illumin\u00e9es, plus de 300 chalets proposeront gourmandises, produits artisanaux, d\u00e9corations traditionnelles, chants de No\u00ebl et sp\u00e9cialit\u00e9s alsaciennes. Une atmosph\u00e8re unique o\u00f9 les parfums de vin chaud, de cannelle et de bredele \u00e9veilleront les sens et r\u00e9chaufferont les c\u0153urs.<\/p>\n<p>Le d\u00e9part en bus est pr\u00e9vu \u00e0 7\u00a0h\u00a030 depuis Vilcey-sur-Trey (place de la mairie), avec un arr\u00eat \u00e0 Pont-\u00e0-Mousson vers 7\u00a0h\u00a045 (place Duroc). Apr\u00e8s une journ\u00e9e libre \u00e0 Strasbourg, le retour s\u2019effectuera vers 20\u00a0h\u00a030.<\/p>\n<p>Les tarifs sont de 12\u00a0euros pour les adh\u00e9rents et 20\u00a0euros pour les non-adh\u00e9rents.<\/p>\n<p class=\"note\">Les inscriptions sont ouvertes aupr\u00e8s de l\u2019association Les c\u0153urs du Trey, T\u00e9l.\u00a006\u00a061\u00a072\u00a008\u00a019, mail\u00a0: lescoeursdutrey@yahoo.fr<\/p>\n","protected":false},"excerpt":{"rendered":"L\u2019association Les c\u0153urs du Trey invite petits et grands \u00e0 vivre la magie de No\u00ebl le dimanche 7\u00a0d\u00e9cembre,&hellip;\n","protected":false},"author":2,"featured_media":469164,"comment_status":"","ping_status":"","sticky":false,"template":"","format":"standard","meta":{"footnotes":""},"categories":[2820],"tags":[1111,11,37216,1706,1777,674,1011,27,775,12,25,104,640,59296],"class_list":{"0":"post-469163","1":"post","2":"type-post","3":"status-publish","4":"format-standard","5":"has-post-thumbnail","7":"category-strasbourg","8":"tag-actu","9":"tag-actualites","10":"tag-cc-mad-et-moselle-54c","11":"tag-edition-pont-a-mousson","12":"tag-eu","13":"tag-europe","14":"tag-fr","15":"tag-france","16":"tag-grand-est","17":"tag-news","18":"tag-republique-francaise","19":"tag-societe","20":"tag-strasbourg","21":"tag-vilcey-sur-trey"},"share_on_mastodon":{"url":"https:\/\/pubeurope.com\/@fr\/115387765071343061","error":""},"_links":{"self":[{"href":"https:\/\/www.europesays.com\/fr\/wp-json\/wp\/v2\/posts\/469163","targetHints":{"allow":["GET"]}}],"collection":[{"href":"https:\/\/www.europesays.com\/fr\/wp-json\/wp\/v2\/posts"}],"about":[{"href":"https:\/\/www.europesays.com\/fr\/wp-json\/wp\/v2\/types\/post"}],"author":[{"embeddable":true,"href":"https:\/\/www.europesays.com\/fr\/wp-json\/wp\/v2\/users\/2"}],"replies":[{"embeddable":true,"href":"https:\/\/www.europesays.com\/fr\/wp-json\/wp\/v2\/comments?post=469163"}],"version-history":[{"count":0,"href":"https:\/\/www.europesays.com\/fr\/wp-json\/wp\/v2\/posts\/469163\/revisions"}],"wp:featuredmedia":[{"embeddable":true,"href":"https:\/\/www.europesays.com\/fr\/wp-json\/wp\/v2\/media\/469164"}],"wp:attachment":[{"href":"https:\/\/www.europesays.com\/fr\/wp-json\/wp\/v2\/media?parent=469163"}],"wp:term":[{"taxonomy":"category","embeddable":true,"href":"https:\/\/www.europesays.com\/fr\/wp-json\/wp\/v2\/categories?post=469163"},{"taxonomy":"post_tag","embeddable":true,"href":"https:\/\/www.europesays.com\/fr\/wp-json\/wp\/v2\/tags?post=469163"}],"curies":[{"name":"wp","href":"https:\/\/api.w.org\/{rel}","templated":true}]}}