{"id":469169,"date":"2025-10-17T05:07:50","date_gmt":"2025-10-17T05:07:50","guid":{"rendered":"https:\/\/www.europesays.com\/fr\/469169\/"},"modified":"2025-10-17T05:07:50","modified_gmt":"2025-10-17T05:07:50","slug":"socialistes-et-ecologistes-sallient-contre-la-droite-et-face-aux-insoumis","status":"publish","type":"post","link":"https:\/\/www.europesays.com\/fr\/469169\/","title":{"rendered":"socialistes et \u00e9cologistes s\u2019allient contre la droite&#8230; et face aux Insoumis"},"content":{"rendered":"<p>\n    Les chefs de l\u2019ex\u00e9cutif sortant pr\u00e9senteront une liste unie d\u00e8s le premier tour du scrutin, en mars 2026. En attendant leur programme complet, elles tirent \u00e0 boulet rouge sur le candidat local des R\u00e9publicains. Et invisibilisent d\u00e9j\u00e0 La France insoumise.<\/p>\n<p class=\"fig-paragraph\">L\u2019objectif est fix\u00e9\u00a0: la victoire par K.O., et si possible d\u00e8s le premier tour. \u00c0\u00a0<a href=\"https:\/\/www.lefigaro.fr\/nantes\" target=\"_blank\" data-fig-type=\"Section\" rel=\"sponsored noopener nofollow\" data-gtm-custom-categorie=\"navigation\" data-gtm-custom-action=\"crossclick\" data-gtm-custom-label=\"Contextuel\" data-gtm-event=\"customEventSPE\" data-fig-domain=\"LEFIGARO\">Nantes<\/a>\u00a0(Loire-Atlantique), les mouvements \u00e9cologistes et socialistes de la majorit\u00e9 sortante ont scell\u00e9, mercredi 15 octobre, une alliance en vue de pr\u00e9senter une liste commune d\u00e8s le premier tour\u00a0<a href=\"https:\/\/www.lefigaro.fr\/elections\/municipales\" target=\"_blank\" data-fig-type=\"Section\" rel=\"sponsored noopener nofollow\" data-gtm-custom-categorie=\"navigation\" data-gtm-custom-action=\"crossclick\" data-gtm-custom-label=\"Contextuel\" data-gtm-event=\"customEventSPE\" data-fig-domain=\"LEFIGARO\">des \u00e9lections municipales des 15 et 22 mars 2026<\/a>. La strat\u00e9gie, tranch\u00e9e mardi, par un vote de 180 militants \u00e9cologistes, donne naissance \u00e0 un poids lourd \u00e9lectoral qui devra faire face \u00e0\u00a0<a href=\"http:\/\/www.lefigaro.fr\/nantes\/municipales-foulques-chombart-de-lauwe-remporte-la-primaire-lr-a-nantes-20250831\" target=\"_blank\" data-fig-type=\"NewsFlash\" rel=\"noopener nofollow\" data-gtm-custom-categorie=\"navigation\" data-gtm-custom-action=\"crossclick\" data-gtm-custom-label=\"Contextuel\" data-gtm-event=\"customEventSPE\" data-fig-domain=\"LEFIGARO\">une candidature de droite qui a d\u00e9j\u00e0 d\u00e9jou\u00e9 tous les pronostics<\/a>. Et \u00e0 une candidature insoumise d\u2019ores et d\u00e9j\u00e0 invisibilis\u00e9e par les deux autres courants de gauche.<\/p>\n<p class=\"fig-paragraph\">\u00abJe suis heureuse pour les Nantaises et les Nantais. Cette union \u00e9tait esp\u00e9r\u00e9e, elle \u00e9tait attendue\u00bb, s\u2019est r\u00e9jouie\u00a0<a href=\"http:\/\/www.lefigaro.fr\/vox\/societe\/explosion-de-l-insecurite-ecologie-punitive-johanna-rolland-est-a-nantes-ce-qu-anne-hidalgo-est-a-paris-20240327\" target=\"_blank\" data-fig-type=\"Article\" rel=\"noopener nofollow\" data-gtm-custom-categorie=\"navigation\" data-gtm-custom-action=\"crossclick\" data-gtm-custom-label=\"Contextuel\" data-gtm-event=\"customEventSPE\" data-fig-domain=\"LEFIGARO\">Johanna Rolland, maire de Nantes et num\u00e9ro deux du Parti socialiste<\/a>, lors d\u2019une conf\u00e9rence de presse organis\u00e9e mercredi apr\u00e8s-midi, dans un caf\u00e9 voisin de l\u2019h\u00f4tel de ville. \u00abNous sommes combatives et d\u00e9termin\u00e9es\u00bb, a rench\u00e9ri\u00a0<a href=\"http:\/\/www.lefigaro.fr\/nantes\/nantes-marie-vitoux-l-ecolo-radicale-qui-veut-rassembler-la-gauche-en-vue-des-prochaines-municipales-20240929\" target=\"_blank\" data-fig-type=\"NewsFlash\" rel=\"noopener nofollow\" data-gtm-custom-categorie=\"navigation\" data-gtm-custom-action=\"crossclick\" data-gtm-custom-label=\"Contextuel\" data-gtm-event=\"customEventSPE\" data-fig-domain=\"LEFIGARO\">Marie Vitoux<\/a>, chef de file des \u00e9cologistes nantais, en pr\u00e9cisant que 80% des voix se sont prononc\u00e9es en faveur de l\u2019alliance avec le groupe socialiste, lors du vote organis\u00e9 la veille. Le scrutin interne n\u2019envisageait aucune triple union des gauches, au format du Nouveau Front populaire (NFP). \u00abCela n\u2019a pas \u00e9t\u00e9 possible, malgr\u00e9 notre souhait\u00bb, a mentionn\u00e9 Marie Vitoux.<\/p>\n<p>                                    <a class=\"fig-a11y-skip a11y-hidden\" href=\"#fig-a11y-skip-main-inarticle\"><br \/>\n        Passer la publicit\u00e9<br \/>\n    <\/a><\/p>\n<p>\u00abOn sait qui sont nos adversaires\u00bb<\/p>\n<p class=\"fig-paragraph\">Pour lancer leur campagne, les \u00e9lues ont pr\u00e9sent\u00e9 quatre piliers de leur programme \u00e0 venir\u00a0: le combat pour l\u2019\u00e9galit\u00e9,\u00a0<a href=\"http:\/\/www.lefigaro.fr\/nantes\/la-bifurcation-ecologique-nouveau-mantra-de-la-maire-de-nantes-20240226\" target=\"_blank\" data-fig-type=\"NewsFlash\" rel=\"noopener nofollow\" data-gtm-custom-categorie=\"navigation\" data-gtm-custom-action=\"crossclick\" data-gtm-custom-label=\"Contextuel\" data-gtm-event=\"customEventSPE\" data-fig-domain=\"LEFIGARO\">la bifurcation \u00e9cologique<\/a>, l\u2019antiracisme et la r\u00e9invention de la ville. Elles ont \u00e9galement act\u00e9 leurs d\u00e9saccords, en particulier sur\u00a0<a href=\"http:\/\/www.lefigaro.fr\/nantes\/videosurveillance-a-nantes-le-deploiement-de-nouvelles-cameras-par-la-mairie-socialiste-irrite-ses-allies-ecologistes-20250212\" target=\"_blank\" data-fig-type=\"NewsFlash\" rel=\"noopener nofollow\" data-gtm-custom-categorie=\"navigation\" data-gtm-custom-action=\"crossclick\" data-gtm-custom-label=\"Contextuel\" data-gtm-event=\"customEventSPE\" data-fig-domain=\"LEFIGARO\">la strat\u00e9gie de d\u00e9ploiement des cam\u00e9ras \u00e0 Nantes<\/a>. En cas de r\u00e9\u00e9lection, les deux groupes se sont toutefois entendus pour organiser, \u00e0 mi-mandat, un \u00abtravail d\u2019\u00e9valuation\u00bb, avec engagement citoyen, au sujet de la vid\u00e9oprotection. Aussi bien Johanna Rolland que Marie Vitoux ont, en revanche, tir\u00e9 \u00e0 vue sur le nouveau champion de la droite nantaise,\u00a0<a href=\"http:\/\/www.lefigaro.fr\/nantes\/qui-est-foulques-chombart-de-lauwe-nouveau-champion-de-la-droite-a-nantes-20250901\" target=\"_blank\" data-fig-type=\"NewsFlash\" rel=\"noopener nofollow\" data-gtm-custom-categorie=\"navigation\" data-gtm-custom-action=\"crossclick\" data-gtm-custom-label=\"Contextuel\" data-gtm-event=\"customEventSPE\" data-fig-domain=\"LEFIGARO\">l\u2019\u00e9lu Les R\u00e9publicains Foulques Chombart de Lauwe<\/a>. \u00abOn sait qui sont nos adversaires\u00bb, a d\u00e9clar\u00e9 la maire de Nantes, en \u00e9trillant les \u00abgrossi\u00e8ret\u00e9s\u00bb et les \u00aboutrances\u00bb de l\u2019\u00e9lu municipal, qualifi\u00e9 de \u00abcandidat bien \u00e0 droite\u00bb, anim\u00e9 \u00abd\u2019une volont\u00e9 de d\u00e9manteler ce qui fait soci\u00e9t\u00e9\u00bb.<\/p>\n<p class=\"fig-body-link\">\n            \u00c0 lire aussi<br \/>\n        <a class=\"fig-body-link__link\" href=\"http:\/\/www.lefigaro.fr\/nantes\/municipales-2026-dans-un-contexte-politique-incertain-les-tractations-entre-la-droite-et-le-centre-se-poursuivent-a-nantes-20251009\" target=\"_blank\" data-fig-type=\"NewsFlash\" rel=\"noopener nofollow\" data-gtm-custom-categorie=\"navigation\" data-gtm-custom-action=\"crossclick\" data-gtm-custom-label=\"Contextuel\" data-gtm-event=\"customEventSPE\" data-fig-domain=\"LEFIGARO\">Municipales 2026\u00a0: dans un contexte politique incertain, les tractations entre la droite et le centre se poursuivent \u00e0 Nantes<br \/>\n    <\/a>\n<\/p>\n<p class=\"fig-paragraph\">Au contraire de la campagne de la droite, accabl\u00e9e de toutes parts, celle de La France insoumise n\u2019a pas \u00e9t\u00e9 \u00e9voqu\u00e9e par les deux \u00e9lues, autrement que lors de la pr\u00e9sentation du vote de mardi. Pourtant\u00a0<a href=\"http:\/\/www.lefigaro.fr\/nantes\/municipales-a-nantes-les-ecologistes-devoilent-leur-programme-en-attendant-une-eventuelle-union-des-gauches-20250929\" target=\"_blank\" data-fig-type=\"NewsFlash\" rel=\"noopener nofollow\" data-gtm-custom-categorie=\"navigation\" data-gtm-custom-action=\"crossclick\" data-gtm-custom-label=\"Contextuel\" data-gtm-event=\"customEventSPE\" data-fig-domain=\"LEFIGARO\">engag\u00e9e depuis l\u2019\u00e9t\u00e9 dans de longues n\u00e9gociations avec les \u00e9lus verts<\/a>\u00a0de la majorit\u00e9, la section nantaise de LFI a pris acte de la d\u00e9cision des militants \u00e9cologistes. \u00abNous avons tendu la main jusqu\u2019au bout. Aucun regret\u00bb, a r\u00e9agi mercredi, sur ses r\u00e9seaux sociaux,\u00a0<a href=\"http:\/\/www.lefigaro.fr\/nantes\/municipales-a-nantes-les-insoumis-retrouvent-un-etat-major-20251008\" target=\"_blank\" data-fig-type=\"NewsFlash\" rel=\"noopener nofollow\" data-gtm-custom-categorie=\"navigation\" data-gtm-custom-action=\"crossclick\" data-gtm-custom-label=\"Contextuel\" data-gtm-event=\"customEventSPE\" data-fig-domain=\"LEFIGARO\">la t\u00eate de liste insoumise \u00e0 Nantes, William Aucant<\/a>. L\u2019\u00e9lu r\u00e9gional assure garder la main tendue \u00e0 ceux qui ne souhaiteraient pas cautionner le renouvellement de l\u2019actuelle majorit\u00e9 municipale, partisane \u00abd\u2019une ville in\u00e9galitaire, b\u00e9tonn\u00e9e et d\u00e9connect\u00e9e du quotidien de ses habitants\u00bb, selon les mots d\u2019un communiqu\u00e9 du mouvement, diffus\u00e9 mercredi.<\/p>\n<p class=\"fig-paragraph\">Express\u00e9ment vis\u00e9 par ses adversaires socialistes et \u00e9cologistes, Foulques Chombart de Lauwe a d\u00e9nonc\u00e9 en fin d\u2019apr\u00e8s-midi le \u00abbilant accablant\u00bb de la majorit\u00e9 sortante. \u00abL\u2019annonce de l\u2019alliance entre le Parti socialiste et les \u00e9cologistes d\u00e8s le premier tour des municipales de 2026 confirme nos plus vives inqui\u00e9tudes\u00a0: Nantes m\u00e9rite mieux qu\u2019une simple reconduction de l\u2019\u00e9quipe sortante, sorte d\u2019alliance de la carpe et du lapin, a fait savoir l\u2019\u00e9lu. Depuis 12 ans, rien ne va entre eux. Tout les oppose mais ils s\u2019allient pour se maintenir au pouvoir. Depuis 12 ans, cette alliance pr\u00f4ne la d\u00e9croissance et freine les grands projets structurants et paralyse notre m\u00e9tropole. Johanna Rolland et ses alli\u00e9s se raccrochent d\u00e9sesp\u00e9r\u00e9ment au pouvoir, recyclant les m\u00eames recettes qui ont men\u00e9 Nantes dans l\u2019impasse.\u00bb D\u2019autres groupes, tels que la section nantaise du Parti communiste, devraient \u00e9galement rejoindre dans les prochains jours la liste d\u2019union \u00e9colo-socialiste.<\/p>\n","protected":false},"excerpt":{"rendered":"Les chefs de l\u2019ex\u00e9cutif sortant pr\u00e9senteront une liste unie d\u00e8s le premier tour du scrutin, en mars 2026.&hellip;\n","protected":false},"author":2,"featured_media":469170,"comment_status":"","ping_status":"","sticky":false,"template":"","format":"standard","meta":{"footnotes":""},"categories":[2818],"tags":[1111,11,4188,1777,674,1011,27,2383,766,12,2636,25],"class_list":{"0":"post-469169","1":"post","2":"type-post","3":"status-publish","4":"format-standard","5":"has-post-thumbnail","7":"category-nantes","8":"tag-actu","9":"tag-actualites","10":"tag-elections-municipales","11":"tag-eu","12":"tag-europe","13":"tag-fr","14":"tag-france","15":"tag-gauche","16":"tag-nantes","17":"tag-news","18":"tag-pays-de-la-loire","19":"tag-republique-francaise"},"share_on_mastodon":{"url":"https:\/\/pubeurope.com\/@fr\/115387780504792659","error":""},"_links":{"self":[{"href":"https:\/\/www.europesays.com\/fr\/wp-json\/wp\/v2\/posts\/469169","targetHints":{"allow":["GET"]}}],"collection":[{"href":"https:\/\/www.europesays.com\/fr\/wp-json\/wp\/v2\/posts"}],"about":[{"href":"https:\/\/www.europesays.com\/fr\/wp-json\/wp\/v2\/types\/post"}],"author":[{"embeddable":true,"href":"https:\/\/www.europesays.com\/fr\/wp-json\/wp\/v2\/users\/2"}],"replies":[{"embeddable":true,"href":"https:\/\/www.europesays.com\/fr\/wp-json\/wp\/v2\/comments?post=469169"}],"version-history":[{"count":0,"href":"https:\/\/www.europesays.com\/fr\/wp-json\/wp\/v2\/posts\/469169\/revisions"}],"wp:featuredmedia":[{"embeddable":true,"href":"https:\/\/www.europesays.com\/fr\/wp-json\/wp\/v2\/media\/469170"}],"wp:attachment":[{"href":"https:\/\/www.europesays.com\/fr\/wp-json\/wp\/v2\/media?parent=469169"}],"wp:term":[{"taxonomy":"category","embeddable":true,"href":"https:\/\/www.europesays.com\/fr\/wp-json\/wp\/v2\/categories?post=469169"},{"taxonomy":"post_tag","embeddable":true,"href":"https:\/\/www.europesays.com\/fr\/wp-json\/wp\/v2\/tags?post=469169"}],"curies":[{"name":"wp","href":"https:\/\/api.w.org\/{rel}","templated":true}]}}