{"id":46917,"date":"2025-04-23T15:43:12","date_gmt":"2025-04-23T15:43:12","guid":{"rendered":"https:\/\/www.europesays.com\/fr\/46917\/"},"modified":"2025-04-23T15:43:12","modified_gmt":"2025-04-23T15:43:12","slug":"la-reunion-sur-lukraine-a-londres-annulee-faute-daccord-entre-les-etats-unis-leurope-et-kiev","status":"publish","type":"post","link":"https:\/\/www.europesays.com\/fr\/46917\/","title":{"rendered":"La r\u00e9union sur l\u2019Ukraine \u00e0 Londres annul\u00e9e faute d\u2019accord entre les \u00c9tats-Unis, l\u2019Europe et Kiev"},"content":{"rendered":"<p style=\"text-align:justify;\">AA \/ Moscou \/ Elena Teslova<\/p>\n<p style=\"text-align:justify;\">Le porte-parole du Kremlin, Dmitry Peskov, a d\u00e9clar\u00e9 mercredi que les responsables des \u00c9tats-Unis, de l\u2019Europe et de l\u2019Ukraine n\u2019avaient pas pu se r\u00e9unir \u00e0 Londres faute d\u2019accord sur des questions cl\u00e9s.<\/p>\n<p style=\"text-align:justify;\">\u00ab \u00c0 notre connaissance, ils ne sont pas encore parvenus \u00e0 surmonter leurs divergences sur plusieurs points, c\u2019est pourquoi la r\u00e9union n\u2019a pas eu lieu \u00bb, a indiqu\u00e9 Peskov lors d\u2019un point de presse \u00e0 Moscou.<\/p>\n<p style=\"text-align:justify;\">Les pourparlers entre les chefs de la diplomatie des \u00c9tats-Unis, de l\u2019Ukraine et de l\u2019Europe sur la fin de la guerre en Ukraine ont \u00e9t\u00e9 annul\u00e9s mercredi, le secr\u00e9taire d\u2019\u00c9tat am\u00e9ricain Marco Rubio ayant d\u00e9clar\u00e9 qu\u2019il ne pouvait pas s\u2019y rendre.<\/p>\n<p style=\"text-align:justify;\">Les discussions ont \u00e9t\u00e9 r\u00e9trograd\u00e9es et se sont poursuivies \u00e0 un niveau inf\u00e9rieur.<\/p>\n<p style=\"text-align:justify;\">Peskov a pr\u00e9cis\u00e9 que si la Russie maintient des contacts avec les \u00c9tats-Unis concernant un r\u00e8glement potentiel du conflit, elle n\u2019a actuellement aucun dialogue avec l\u2019Europe ni avec l\u2019Ukraine.<\/p>\n<p style=\"text-align:justify;\">Il a cependant ajout\u00e9 que le pr\u00e9sident Vladimir Poutine \u00ab reste ouvert \u00bb \u00e0 de tels \u00e9changes, \u00e0 condition qu\u2019ils servent les int\u00e9r\u00eats d\u2019une r\u00e9solution de la crise.<\/p>\n<p style=\"text-align:justify;\">\u00ab Nous poursuivons notre dialogue, en particulier avec les \u00c9tats-Unis. Mais de nombreuses questions complexes et sensibles n\u00e9cessitent un alignement pr\u00e9alable avant d\u2019envisager des avanc\u00e9es significatives \u00bb, a-t-il soulign\u00e9.<\/p>\n<p style=\"text-align:justify;\">Le porte-parole a \u00e9galement insist\u00e9 sur le fait que tout projet d\u2019accord relatif \u00e0 un r\u00e8glement en Ukraine devait rester confidentiel, car une fois rendu public, il perdrait de son efficacit\u00e9.<\/p>\n<p style=\"text-align:justify;\">Peskov a r\u00e9affirm\u00e9 l\u2019opposition de la Russie \u00e0 la pr\u00e9sence de forces europ\u00e9ennes de maintien de la paix en Ukraine, estimant que de telles forces constitueraient de facto une infrastructure militaire de l\u2019OTAN sur le sol ukrainien.<\/p>\n<p style=\"text-align:justify;\">\u00ab C\u2019est d\u2019ailleurs l\u2019une des principales raisons qui ont conduit au lancement de l\u2019op\u00e9ration militaire sp\u00e9ciale \u00bb, a-t-il rappel\u00e9.<\/p>\n<p style=\"text-align:justify;\">Concernant une \u00e9ventuelle visite de l\u2019envoy\u00e9 sp\u00e9cial du pr\u00e9sident am\u00e9ricain, Steven Witkoff, Peskov a indiqu\u00e9 que le Kremlin ne l\u2019annoncerait qu\u2019apr\u00e8s qu\u2019elle ait eu lieu.<\/p>\n<p style=\"text-align:justify;\">\u00ab La situation est tr\u00e8s instable et \u00e9volue rapidement. Nous vous en informerons apr\u00e8s coup, afin d\u2019\u00e9viter toute fausse attente ou malentendu \u00bb, a-t-il d\u00e9clar\u00e9.<\/p>\n<p style=\"text-align:justify;\">Interrog\u00e9 sur un tout autre sujet, \u00e0 savoir qui repr\u00e9sentera la Russie aux fun\u00e9railles du pape Fran\u00e7ois pr\u00e9vues samedi, Peskov a r\u00e9pondu qu\u2019aucune d\u00e9cision n\u2019avait encore \u00e9t\u00e9 prise.<\/p>\n<p style=\"text-align:justify;\">Quant \u00e0 la visite attendue du secr\u00e9taire g\u00e9n\u00e9ral de l\u2019ONU, Antonio Guterres, \u00e0 Moscou le 9 mai \u00e0 l\u2019occasion du 80e anniversaire de la Victoire de la Seconde Guerre mondiale, Peskov a pr\u00e9cis\u00e9 : \u00ab \u00c0 notre connaissance, il ne pr\u00e9voit pas de venir. Il ne figure pas sur la liste. \u00bb<\/p>\n<p style=\"text-align:justify;\">* Traduit de l&rsquo;Anglais par Adama Bamba<\/p>\n<p>                            &#13;<br \/>\n                                <a href=\"https:\/\/www.aa.com.tr\/fr\/p\/abonnement\/1001\" target=\"_blank\" style=\"font-size:12px; color:#444; text-decoration:none;\" rel=\"nofollow noopener\">&#13;<br \/>\n                                    Seulement une partie des d\u00e9p\u00eaches, que l&rsquo;Agence Anadolu diffuse \u00e0 ses abonn\u00e9s via le Syst\u00e8me de Diffusion interne (HAS), est diffus\u00e9e sur le site de l&rsquo;AA, de mani\u00e8re r\u00e9sum\u00e9e. <b style=\"color:#1897F7\">Contactez-nous s&rsquo;il vous pla\u00eet pour vous abonner.<\/b>&#13;<br \/>\n                                <\/a>&#13;<\/p>\n","protected":false},"excerpt":{"rendered":"AA \/ Moscou \/ Elena Teslova Le porte-parole du Kremlin, Dmitry Peskov, a d\u00e9clar\u00e9 mercredi que les responsables&hellip;\n","protected":false},"author":2,"featured_media":46918,"comment_status":"","ping_status":"","sticky":false,"template":"","format":"standard","meta":{"footnotes":""},"categories":[1586],"tags":[4295,11,1785,1777,674,1011,27,11229,4534,12,25,132],"class_list":{"0":"post-46917","1":"post","2":"type-post","3":"status-publish","4":"format-standard","5":"has-post-thumbnail","7":"category-europe","8":"tag-tats-unis","9":"tag-actualites","10":"tag-anadolu-ajansi","11":"tag-eu","12":"tag-europe","13":"tag-fr","14":"tag-france","15":"tag-kiev","16":"tag-londres","17":"tag-news","18":"tag-republique-francaise","19":"tag-russie"},"share_on_mastodon":{"url":"https:\/\/pubeurope.com\/@fr\/114388048544087326","error":""},"_links":{"self":[{"href":"https:\/\/www.europesays.com\/fr\/wp-json\/wp\/v2\/posts\/46917","targetHints":{"allow":["GET"]}}],"collection":[{"href":"https:\/\/www.europesays.com\/fr\/wp-json\/wp\/v2\/posts"}],"about":[{"href":"https:\/\/www.europesays.com\/fr\/wp-json\/wp\/v2\/types\/post"}],"author":[{"embeddable":true,"href":"https:\/\/www.europesays.com\/fr\/wp-json\/wp\/v2\/users\/2"}],"replies":[{"embeddable":true,"href":"https:\/\/www.europesays.com\/fr\/wp-json\/wp\/v2\/comments?post=46917"}],"version-history":[{"count":0,"href":"https:\/\/www.europesays.com\/fr\/wp-json\/wp\/v2\/posts\/46917\/revisions"}],"wp:featuredmedia":[{"embeddable":true,"href":"https:\/\/www.europesays.com\/fr\/wp-json\/wp\/v2\/media\/46918"}],"wp:attachment":[{"href":"https:\/\/www.europesays.com\/fr\/wp-json\/wp\/v2\/media?parent=46917"}],"wp:term":[{"taxonomy":"category","embeddable":true,"href":"https:\/\/www.europesays.com\/fr\/wp-json\/wp\/v2\/categories?post=46917"},{"taxonomy":"post_tag","embeddable":true,"href":"https:\/\/www.europesays.com\/fr\/wp-json\/wp\/v2\/tags?post=46917"}],"curies":[{"name":"wp","href":"https:\/\/api.w.org\/{rel}","templated":true}]}}