{"id":469177,"date":"2025-10-17T05:12:11","date_gmt":"2025-10-17T05:12:11","guid":{"rendered":"https:\/\/www.europesays.com\/fr\/469177\/"},"modified":"2025-10-17T05:12:11","modified_gmt":"2025-10-17T05:12:11","slug":"elle-est-en-avance-y-aura-t-il-une-epidemie-de-grippe-plus-importante-cet-hiver-a-toulouse","status":"publish","type":"post","link":"https:\/\/www.europesays.com\/fr\/469177\/","title":{"rendered":"\u00ab\u00a0Elle est en avance\u00a0\u00bb&#8230; Y aura-t-il une \u00e9pid\u00e9mie de grippe plus importante cet hiver \u00e0 Toulouse?"},"content":{"rendered":"<p>            Par<br \/>\n        <strong><br \/>\n            <a href=\"https:\/\/actu.fr\/auteur\/margot-fournie\" title=\"Consulter tous les articles de Margot Fournie\" target=\"_blank\" rel=\"noopener\">Margot Fournie<\/a><br \/>\n        <\/strong><\/p>\n<p>        Publi\u00e9 le<\/p>\n<p>            17 oct. 2025 \u00e0 6h42        <\/p>\n<p>La <a href=\"https:\/\/actu.fr\/societe\/grippe-et-covid-la-nouvelle-campagne-de-vaccination-debute-ce-mardi-pour-des-millions-de-francais_63295739.html\" target=\"_blank\" rel=\"noopener\">campagne de vaccination contre la grippe<\/a> a d\u00e9but\u00e9 le 14 octobre 2025 en France. Pour le moment, les diff\u00e9rents <a href=\"https:\/\/actu.fr\/societe\/carte-la-grippe-repart-en-france-voici-les-departements-les-plus-touches-par-le-virus_63292847.html\" target=\"_blank\" rel=\"noopener\">d\u00e9partements sont plus ou moins touch\u00e9s par la maladie<\/a>. Mais cette ann\u00e9e, <strong>une particularit\u00e9<\/strong> a impact\u00e9 <strong>la r\u00e9gion Occitanie<\/strong> et la <strong>Haute-Garonne<\/strong>.<\/p>\n<p class=\" wall-content\">Prenant en compte ce ph\u00e9nom\u00e8ne, ainsi que certaines circonstances, J\u00e9r\u00e9mie Somm\u00e9, chef de service et m\u00e9decin au <a href=\"https:\/\/actu.fr\/occitanie\/toulouse_31555\/toulouse-vous-etiez-plus-couvert-aucun-vaccins-enfance_23440513.html\" target=\"_blank\" rel=\"noopener\">centre municipal de vaccination<\/a> de <a href=\"https:\/\/actu.fr\/toulouse\/\" target=\"_blank\" rel=\"noopener\">Toulouse<\/a>, insiste sur l\u2019importance de la vaccination.<\/p>\n<p class=\" wall-content\">On vous explique pourquoi.<\/p>\n<p>Des cas de grippes avant la campagne de vaccination<\/p>\n<p class=\" wall-content\">Le 9\u00a0octobre dernier, Sant\u00e9 publique France a publi\u00e9 un <a href=\"https:\/\/www.santepubliquefrance.fr\/regions\/occitanie\/documents\/bulletin-regional\/2025\/infections-respiratoires-aigues-en-occitanie.-bulletin-du-9-octobre-2025\" target=\"_blank\" rel=\"noopener\">bulletin \u00e9pid\u00e9miologique<\/a> concernant les infections respiratoires aigu\u00ebs en Occitanie. Il indique que<strong> la grippe circule<\/strong> depuis le <strong>d\u00e9but du mois<\/strong>.<\/p>\n<p class=\" wall-content\">Pour J\u00e9r\u00e9mie Somm\u00e9, \u00ab\u2009des cas de grippe avant le d\u00e9but de la campagne,<strong> ce n\u2019est pas commun<\/strong>. C\u2019est m\u00eame <strong>rare en Haute-Garonne<\/strong>, en Occitanie, o\u00f9 on a des temp\u00e9ratures cl\u00e9mentes jusqu\u2019\u00e0 la fin d\u2019octobre.\u2009\u00bb<\/p>\n<p>Vid\u00e9os : en ce moment sur Actu\u00ab\u2009\u00c7a ne pr\u00e9sage pas d\u2019une saison calme\u2009\u00bb<\/p>\n<p class=\" wall-content\">Les raisons de l\u2019apparition de ces cas lui sont \u00e9trang\u00e8res.<\/p>\n<p class=\" wall-content\">\u00ab\u2009Mais durant la <strong>saison hivernale dans l\u2019h\u00e9misph\u00e8re sud<\/strong>, il y a eu une <strong>grosse \u00e9pid\u00e9mie<\/strong> de grippe. Du coup \u00e7a pr\u00e9sage une \u00e9pid\u00e9mie assez importante pour nous en h\u00e9misph\u00e8re nord\u2009\u00bb, glisse le m\u00e9decin en ajoutant qu\u2019il \u00ab\u2009y a aussi des souches qui seraient plus ou moins sensibles au vaccin.\u2009\u00bb<\/p>\n<p>Votre r\u00e9gion, votre actu !<\/p>\n<p>Recevez chaque jour les infos qui comptent pour vous.<\/p>\n<p>\t<a href=\"https:\/\/actu.fr\/newsletter\" class=\"ac-btn ac-btn--corner ac-btn--medium ac-btn--blue800\" target=\"_blank\" rel=\"noopener\">S&rsquo;incrire<\/a><\/p>\n<p class=\" wall-content\">Ces deux donn\u00e9es ajout\u00e9es \u00e0 \u00ab\u2009l\u2019apparition de malades avant le d\u00e9but de la campagne, ne laissent pas pr\u00e9sager une saison calme. On <strong>invite fortement les gens \u00e0 se vacciner<\/strong> sans attendre.\u2009\u00bb<\/p>\n<p>Deux centres o\u00f9 l\u2019on peut se faire vacciner gratuitement<\/p>\n<p class=\" wall-content\">Le centre municipal, tout comme <strong>l\u2019h\u00f4pital Joseph Ducuing<\/strong>, vaccine gratuitement \u00e0 Toulouse.<\/p>\n<p class=\" wall-content\">Pour y avoir acc\u00e8s, il suffit de <strong>prendre rendez-vous en ligne<\/strong> pour la grippe, la Covid ou les deux. Le jour m\u00eame, il faut se pr\u00e9senter avec une carte d\u2019identit\u00e9, une carte Vitale ou une attestation de droits.<\/p>\n<p class=\" wall-content\">Une fois sur place, on est pris en charge par un des trois infirmiers pr\u00e9sents.\u00a0Le centre a la capacit\u00e9 de <strong>vacciner jusqu\u2019\u00e0 60\u00a0personnes<\/strong> par jour. Voire plus en cas d\u2019\u00e9pid\u00e9mie.<\/p>\n<p class=\" wall-content\">Personnalisez votre actualit\u00e9 en ajoutant vos villes et m\u00e9dias en favori avec <a href=\"https:\/\/moncompte.actu.fr\" title=\"D\u00e9couvez Mon Actu\" rel=\"nofollow noopener\" data-trk=\"{&quot;cta&quot;:{&quot;action&quot;:&quot;https:\\\/\\\/moncompte.actu.fr&quot;,&quot;category&quot;:&quot;mon compte&quot;,&quot;from&quot;:&quot;article footer&quot;,&quot;name&quot;:&quot;Mon actu&quot;,&quot;type&quot;:&quot;cta&quot;}}\" target=\"_blank\">Mon Actu<\/a>.<\/p>\n","protected":false},"excerpt":{"rendered":"Par Margot Fournie Publi\u00e9 le 17 oct. 2025 \u00e0 6h42 La campagne de vaccination contre la grippe a&hellip;\n","protected":false},"author":2,"featured_media":469178,"comment_status":"","ping_status":"","sticky":false,"template":"","format":"standard","meta":{"footnotes":""},"categories":[2816],"tags":[1111,11,1777,674,1011,27,29786,12,2680,25,71,104,2312,148],"class_list":{"0":"post-469177","1":"post","2":"type-post","3":"status-publish","4":"format-standard","5":"has-post-thumbnail","7":"category-toulouse","8":"tag-actu","9":"tag-actualites","10":"tag-eu","11":"tag-europe","12":"tag-fr","13":"tag-france","14":"tag-grippe","15":"tag-news","16":"tag-occitanie","17":"tag-republique-francaise","18":"tag-sante","19":"tag-societe","20":"tag-toulouse","21":"tag-vaccination"},"share_on_mastodon":{"url":"https:\/\/pubeurope.com\/@fr\/115387796263997471","error":""},"_links":{"self":[{"href":"https:\/\/www.europesays.com\/fr\/wp-json\/wp\/v2\/posts\/469177","targetHints":{"allow":["GET"]}}],"collection":[{"href":"https:\/\/www.europesays.com\/fr\/wp-json\/wp\/v2\/posts"}],"about":[{"href":"https:\/\/www.europesays.com\/fr\/wp-json\/wp\/v2\/types\/post"}],"author":[{"embeddable":true,"href":"https:\/\/www.europesays.com\/fr\/wp-json\/wp\/v2\/users\/2"}],"replies":[{"embeddable":true,"href":"https:\/\/www.europesays.com\/fr\/wp-json\/wp\/v2\/comments?post=469177"}],"version-history":[{"count":0,"href":"https:\/\/www.europesays.com\/fr\/wp-json\/wp\/v2\/posts\/469177\/revisions"}],"wp:featuredmedia":[{"embeddable":true,"href":"https:\/\/www.europesays.com\/fr\/wp-json\/wp\/v2\/media\/469178"}],"wp:attachment":[{"href":"https:\/\/www.europesays.com\/fr\/wp-json\/wp\/v2\/media?parent=469177"}],"wp:term":[{"taxonomy":"category","embeddable":true,"href":"https:\/\/www.europesays.com\/fr\/wp-json\/wp\/v2\/categories?post=469177"},{"taxonomy":"post_tag","embeddable":true,"href":"https:\/\/www.europesays.com\/fr\/wp-json\/wp\/v2\/tags?post=469177"}],"curies":[{"name":"wp","href":"https:\/\/api.w.org\/{rel}","templated":true}]}}