{"id":469181,"date":"2025-10-17T05:14:14","date_gmt":"2025-10-17T05:14:14","guid":{"rendered":"https:\/\/www.europesays.com\/fr\/469181\/"},"modified":"2025-10-17T05:14:14","modified_gmt":"2025-10-17T05:14:14","slug":"lille-club-de-tir-pj-chiens-matheis-17-ans-selectionne-pour-decouvrir-les-coulisses-du-commissariat","status":"publish","type":"post","link":"https:\/\/www.europesays.com\/fr\/469181\/","title":{"rendered":"Lille. Club de tir, PJ, chiens&#8230; Math\u00e9\u00efs, 17 ans, s\u00e9lectionn\u00e9 pour d\u00e9couvrir les coulisses du commissariat"},"content":{"rendered":"<p>            Par<br \/>\n        <strong><br \/>\n            <a href=\"https:\/\/actu.fr\/auteur\/margot-nicodeme\" title=\"Consulter tous les articles de Margot Nicod\u00e8me\" target=\"_blank\" rel=\"noopener\">Margot Nicod\u00e8me<\/a><br \/>\n        <\/strong><\/p>\n<p>        Publi\u00e9 le<\/p>\n<p>            17 oct. 2025 \u00e0 6h42        <\/p>\n<p>Math\u00e9\u00efs a eu, \u00e0 des occasions, des \u00e9toiles plein les yeux. <b>Ce lyc\u00e9en de 17 ans<\/b>, originaire de Lambersart (Nord), a \u00e9t\u00e9 <b>s\u00e9lectionn\u00e9 parmi 430 participants<\/b> pour d\u00e9couvrir <b>les coulisses de l\u2019immense commissariat de <a href=\"https:\/\/actu.fr\/hauts-de-france\/lille_59350\" target=\"_blank\" rel=\"noopener\">Lille<\/a><\/b>. Il a tent\u00e9 sa chance \u00e0 un concours lanc\u00e9 par la Direction interd\u00e9partementale de la police nationale (DIPN), sur son stand de <a href=\"https:\/\/actu.fr\/tag\/braderie-de-lille\" target=\"_blank\" rel=\"noopener\">la Braderie<\/a>. L\u2019immersion, en compagnie de sa maman, s\u2019est d\u00e9roul\u00e9e l\u2019apr\u00e8s-midi du 15 octobre. D\u00e9monstrations des <a href=\"https:\/\/actu.fr\/hauts-de-france\/lille_59350\/nord-diana-chien-renifleur-et-atout-charme-du-service-des-stups_62136579.html\" target=\"_blank\" rel=\"noopener\">chiens policiers<\/a>, rencontre avec des techniciens de la police judiciaire, club de tir\u2026 L\u2019exp\u00e9rience, compl\u00e8te, fut surtout<b> \u00ab\u00a0tr\u00e8s enrichissante\u00a0\u00bb<\/b> selon les mots de l\u2019adolescent, qui ne r\u00eave que d\u2019une chose : rejoindre \u00e0 son tour, un jour, les effectifs de la police.<\/p>\n<p>    <img   decoding=\"async\" loading=\"lazy\" class=\"size-large\" src=\"https:\/\/www.europesays.com\/fr\/wp-content\/uploads\/2025\/10\/f99b2e8c21f861e9b2e8c21f812ab2v-960x640.jpg\" alt=\"Math\u00e9\u00efs s'est volontiers pr\u00eat\u00e9 aux essayages !\" width=\"960\" height=\"640\"\/><br \/>\n    Math\u00e9\u00efs s\u2019est volontiers pr\u00eat\u00e9 aux essayages ! \u00a9Margot Nicod\u00e8me\u00ab\u00a0Vous allez sur des sc\u00e8nes de crimes ?\u00a0\u00bb : Math\u00e9\u00efs, 17 ans, en immersion au commissariat de Lille<\/p>\n<p class=\" wall-content\">Le rendez-vous \u00e9tait donn\u00e9 \u00e0 13h30. C\u2019est \u00e0 l\u2019arri\u00e8re du commissariat, au niveau du tr\u00e8s \u00e9tendu parking, que l\u2019on rencontre Math\u00e9\u00efs. Sans surprise, l\u2019environnement l\u2019impressionne : \u00ab\u00a0C\u2019est tr\u00e8s grand, on se croirait dans une ville\u00a0\u00bb, nous confie-t-il. La pluralit\u00e9 des services h\u00e9berg\u00e9s ajoute \u00e0 ce gigantisme, et le lyc\u00e9en va avoir la chance d\u2019en d\u00e9couvrir plusieurs, de tr\u00e8s pr\u00e8s. \u00c0 commencer par celui qui r\u00e9ceptionne les appels au 17, avant de se rendre \u00e0 l\u2019ext\u00e9rieur, pour <b>rencontrer les chiens policiers<\/b>.\u00a0<\/p>\n<p class=\" wall-content\">Les d\u00e9monstrations s\u2019enchainent sous les paires d\u2019yeux \u00e9bahis \u2013 y compris la n\u00f4tre. Un policier ultra form\u00e9 joue le r\u00f4le d&rsquo;\u00a0\u00bbhomme d\u2019attaque\u00a0\u00bb : emmitoufl\u00e9 dans une combinaison \u00e0 l\u2019\u00e9paisseur XXL,<b> il subit les assauts de deux malinois<\/b>, sous la parfaite ma\u00eetrise de leurs r\u00e9f\u00e9rents policiers. Ces chiens l\u00e0 ne sont pas \u00ab\u00a0renifleurs\u00a0\u00bb dans des affaires de stup\u00e9fiants, ils sont form\u00e9s \u00e0 l\u2019attaque en pr\u00e9sence d\u2019individus dangereux sur la voie publique.\u00a0<\/p>\n<p>    <img   decoding=\"async\" loading=\"lazy\" class=\"size-large\" src=\"https:\/\/www.europesays.com\/fr\/wp-content\/uploads\/2025\/10\/e7aa4e8c21f862caa4e8c21f800ba4v-960x640.jpg\" alt=\"Impressionnants d\u00e9monstrations des chiens !\" width=\"960\" height=\"640\"\/><br \/>\n    Impressionnants d\u00e9monstrations des chiens ! \u00a9Margot Nicod\u00e8me<\/p>\n<p class=\" wall-content\">Math\u00e9\u00efs boit les paroles des experts. Les entra\u00eenements des chiens doivent \u00eatre \u00ab\u00a0courts et intenses\u00a0\u00bb. Au nombre de 12, couvrant les zones de Lille et de Roubaix, les chiens mordent la partie haute du corps, soit le buste, le dos, ou les bras. Ils sont en exercice dans la police nationale jusqu\u2019\u00e0 leurs 8 ans, et sont dans la majorit\u00e9 des cas adopt\u00e9s par leurs ma\u00eetres policiers par la suite. Quand ils ne sont pas en mission, ils se reposent dans un centre qui leur est d\u00e9di\u00e9 \u00e0 Frelinghien, dans la m\u00e9tropole lilloise.<\/p>\n<p class=\" wall-content\">L\u2019adolescent s\u2019essaie \u00e0 un exercice, celui de se faire mordre le bras bien dissimul\u00e9 dans une imposante manchette. \u00ab\u00a0\u00c7a a pinc\u00e9 quand m\u00eame\u00a0\u00bb, dit-il tout sourire, rendant ainsi compte de la puissance des m\u00e2choires de ces malinois presque \u00ab\u00a0soldats\u00a0\u00bb.\u00a0<\/p>\n<p>Votre r\u00e9gion, votre actu !<\/p>\n<p>Recevez chaque jour les infos qui comptent pour vous.<\/p>\n<p>\t<a href=\"https:\/\/actu.fr\/newsletter\" class=\"ac-btn ac-btn--corner ac-btn--medium ac-btn--blue800\" target=\"_blank\" rel=\"noopener\">S&rsquo;incrire<\/a><\/p>\n<p class=\" wall-content\">Direction ensuite la \u00ab\u00a0salle de signalisation\u00a0\u00bb. C\u2019est l\u00e0 que <b>deux techniciens de la police judiciaire<\/b> r\u00e9alisent les prises d\u2019empreintes et d\u2019ADN, quand ils ne sont pas \u00e0 l\u2019ext\u00e9rieur en train de collecter des indices sur des sc\u00e8nes d\u2019infractions. \u00ab\u00a0Vous allez sur des sc\u00e8nes de crimes ? Avec des combis blanches comme dans Les Experts ?\u00a0\u00bb, s\u2019interroge Math\u00e9\u00efs. Pas ces techniciens, qui interviennent \u00ab\u00a0sur des cambriolages, des vols de voitures\u2026\u00a0\u00bb, lui r\u00e9pondent-ils. Les relev\u00e9s sont ensuite envoy\u00e9s au laboratoire de la police judiciaire, qui se trouvent dans le secteur Vauban.<\/p>\n<p>    <img   decoding=\"async\" loading=\"lazy\" class=\"size-large\" src=\"https:\/\/www.europesays.com\/fr\/wp-content\/uploads\/2025\/10\/75a34e8c21f8689a34e8c21f86da34v-960x640.jpg\" alt=\"Un tour par les techniciens de la police judiciaire, avec une prise d'empreintes pour Math\u00e9\u00efs.\" width=\"960\" height=\"640\"\/><br \/>\n    Un tour par les techniciens de la police judiciaire, avec une prise d\u2019empreintes pour Math\u00e9\u00efs. \u00a9Margot Nicod\u00e8me<\/p>\n<p class=\" wall-content\">Cela ne tombe pas dans l\u2019oreille d\u2019un sourd : pour int\u00e9grer la police judiciaire, le concours exige que l\u2019on soit bon en maths et en physique\/chimie. Math\u00e9\u00efs, lui, est en Terminale STMG au lyc\u00e9e Jean-Perrin \u00e0 Lambersart, et la carri\u00e8re qu\u2019il aimerait embrasser un jour se trouve plut\u00f4t <a href=\"https:\/\/actu.fr\/hauts-de-france\/roubaix_59512\/roubaix-caches-dans-le-faux-plafond-dune-banque-ils-esperaient-y-trouver-des-billets-la-bri-debarque_63292175.html\" target=\"_blank\" rel=\"noopener\">du c\u00f4t\u00e9 de la BRI<\/a> ou de la BAC.<\/p>\n<p>D\u00e9couverte des armes au club de tir<\/p>\n<p class=\" wall-content\">Un d\u00e9tour par<b> la brigade d\u00e9partementale motoris\u00e9e<\/b>, qui assure ses missions au guidon de massives BMW. Sur leurs deux-roues, ces policiers se chargent des contr\u00f4les stup\u00e9fiants et alcool\u00e9mie, et sont \u00e9videmment constamment en contact avec la radio g\u00e9n\u00e9rale, accessible \u00e0 tous les policiers. Les engins intriguent visiblement Math\u00e9\u00efs, qui prend place sur une moto, sous l\u2019\u0153il vigilant de sa maman, qui ne souhaite pas qu\u2019il roule \u00ab\u00a0ne serait-ce qu\u2019\u00e0 scooter\u00a0\u00bb.\u00a0<\/p>\n<p>    <img   decoding=\"async\" loading=\"lazy\" class=\"size-large\" src=\"https:\/\/www.europesays.com\/fr\/wp-content\/uploads\/2025\/10\/26694e8c21f863a694e8c21f82e694v-960x640.jpg\" alt=\"La brigade d\u00e9partementale motoris\u00e9e a d\u00e9taill\u00e9 ses missions aupr\u00e8s de l'adolescent, tr\u00e8s int\u00e9ress\u00e9.\" width=\"960\" height=\"640\"\/><br \/>\n    La brigade d\u00e9partementale motoris\u00e9e a d\u00e9taill\u00e9 ses missions aupr\u00e8s de l\u2019adolescent, tr\u00e8s int\u00e9ress\u00e9. \u00a9Margot Nicod\u00e8me<\/p>\n<p class=\" wall-content\">Derni\u00e8re \u00e9tape, et non des moindres : le club de tir. Les policiers sont contraints d\u2019effectuer 3 tirs par an, obligation qui passe \u00e0 6 pour les membres de la BAC. Les diff\u00e9rentes armes y sont expos\u00e9es, alors qu\u2019un policier, qui a longtemps exerc\u00e9 comme CRS, fournit de pr\u00e9cieuses informations. De l\u2019arme de service \u00ab\u00a0classique\u00a0\u00bb, le Sig Sauer, au fusil d\u2019assaut HK G36, arme de guerre ultime, rien n\u2019\u00e9chappe \u00e0 Math\u00e9\u00efs.\u00a0<\/p>\n<p>    <img   decoding=\"async\" loading=\"lazy\" class=\"size-large\" src=\"https:\/\/www.europesays.com\/fr\/wp-content\/uploads\/2025\/10\/6d5e0e8c21f86816e0e8c21f8756e0v-960x640.jpg\" alt=\"Le club de tir du commissariat de Lille. Les policiers doivent effectuer trois ou six tirs (pour la BAC) par an.\" width=\"960\" height=\"640\"\/><br \/>\n    Le club de tir du commissariat de Lille. Les policiers doivent effectuer trois ou six tirs (pour la BAC) par an. \u00a9Margot Nicod\u00e8me<br \/>\n    <img   decoding=\"async\" loading=\"lazy\" class=\"size-large\" src=\"https:\/\/www.europesays.com\/fr\/wp-content\/uploads\/2025\/10\/2cce6e8c21f8610de6e8c21f8f3de6v-960x640.jpg\" alt=\"Les armes \u00e0 la disposition des forces de l'ordre, du pistolet \" classique=\"\" au=\"\" fusil=\"\" d=\"\" width=\"960\" height=\"640\"\/><br \/>\n    Les armes \u00e0 la disposition des forces de l\u2019ordre, du pistolet \u00ab\u00a0classique\u00a0\u00bb au fusil d\u2019assaut. \u00a9Margot Nicod\u00e8me<\/p>\n<p class=\" wall-content\">D\u00e9j\u00e0 l\u2019apr\u00e8s-midi d\u00e9couverte touche \u00e0 sa fin, mais le lyc\u00e9en aura l\u2019occasion, par hasard, d\u2019\u00e9changer in extremis avec un policier de la BAC. En tenue civile, il lui r\u00e9sume ses missions, dont beaucoup sont li\u00e9es au trafic de stup\u00e9fiants. Math\u00e9\u00efs repart avec toute la documentation n\u00e9cessaire sur le recrutement dans la police. Mais avant la BAC, le bac tout court, \u00e0 la fin de l\u2019ann\u00e9e scolaire.<\/p>\n<p class=\" wall-content\">Personnalisez votre actualit\u00e9 en ajoutant vos villes et m\u00e9dias en favori avec <a href=\"https:\/\/moncompte.actu.fr\" title=\"D\u00e9couvez Mon Actu\" rel=\"nofollow noopener\" data-trk=\"{&quot;cta&quot;:{&quot;action&quot;:&quot;https:\\\/\\\/moncompte.actu.fr&quot;,&quot;category&quot;:&quot;mon compte&quot;,&quot;from&quot;:&quot;article footer&quot;,&quot;name&quot;:&quot;Mon actu&quot;,&quot;type&quot;:&quot;cta&quot;}}\" target=\"_blank\">Mon Actu<\/a>.<\/p>\n","protected":false},"excerpt":{"rendered":"Par Margot Nicod\u00e8me Publi\u00e9 le 17 oct. 2025 \u00e0 6h42 Math\u00e9\u00efs a eu, \u00e0 des occasions, des \u00e9toiles&hellip;\n","protected":false},"author":2,"featured_media":469182,"comment_status":"","ping_status":"","sticky":false,"template":"","format":"standard","meta":{"footnotes":""},"categories":[2815],"tags":[1111,11,1777,674,1011,27,811,1307,12,1072,25,104],"class_list":{"0":"post-469181","1":"post","2":"type-post","3":"status-publish","4":"format-standard","5":"has-post-thumbnail","7":"category-lille","8":"tag-actu","9":"tag-actualites","10":"tag-eu","11":"tag-europe","12":"tag-fr","13":"tag-france","14":"tag-hauts-de-france","15":"tag-lille","16":"tag-news","17":"tag-police","18":"tag-republique-francaise","19":"tag-societe"},"share_on_mastodon":{"url":"https:\/\/pubeurope.com\/@fr\/115387804870089775","error":""},"_links":{"self":[{"href":"https:\/\/www.europesays.com\/fr\/wp-json\/wp\/v2\/posts\/469181","targetHints":{"allow":["GET"]}}],"collection":[{"href":"https:\/\/www.europesays.com\/fr\/wp-json\/wp\/v2\/posts"}],"about":[{"href":"https:\/\/www.europesays.com\/fr\/wp-json\/wp\/v2\/types\/post"}],"author":[{"embeddable":true,"href":"https:\/\/www.europesays.com\/fr\/wp-json\/wp\/v2\/users\/2"}],"replies":[{"embeddable":true,"href":"https:\/\/www.europesays.com\/fr\/wp-json\/wp\/v2\/comments?post=469181"}],"version-history":[{"count":0,"href":"https:\/\/www.europesays.com\/fr\/wp-json\/wp\/v2\/posts\/469181\/revisions"}],"wp:featuredmedia":[{"embeddable":true,"href":"https:\/\/www.europesays.com\/fr\/wp-json\/wp\/v2\/media\/469182"}],"wp:attachment":[{"href":"https:\/\/www.europesays.com\/fr\/wp-json\/wp\/v2\/media?parent=469181"}],"wp:term":[{"taxonomy":"category","embeddable":true,"href":"https:\/\/www.europesays.com\/fr\/wp-json\/wp\/v2\/categories?post=469181"},{"taxonomy":"post_tag","embeddable":true,"href":"https:\/\/www.europesays.com\/fr\/wp-json\/wp\/v2\/tags?post=469181"}],"curies":[{"name":"wp","href":"https:\/\/api.w.org\/{rel}","templated":true}]}}