{"id":469186,"date":"2025-10-17T05:17:13","date_gmt":"2025-10-17T05:17:13","guid":{"rendered":"https:\/\/www.europesays.com\/fr\/469186\/"},"modified":"2025-10-17T05:17:13","modified_gmt":"2025-10-17T05:17:13","slug":"les-worldskills-au-parc-chanot-pendant-trois-jours","status":"publish","type":"post","link":"https:\/\/www.europesays.com\/fr\/469186\/","title":{"rendered":"les WorldSkills au Parc Chanot pendant trois jours"},"content":{"rendered":"<p style=\"text-align: justify;\">\u00c0 Marseille, pendant trois jours, le Parc Chanot accueille <a href=\"https:\/\/maritima.fr\/actualites\/societe\/marseille\/9447\/marseille-au-cur-du-worldskills-entre-lart-floral-et-la-ferveur-de-la-patisserie\" target=\"_blank\" rel=\"noopener\">la 48\u1d49 \u00e9dition des WorldSkills<\/a>, la comp\u00e9tition nationale des m\u00e9tiers. Venus de toutes les r\u00e9gions du pays, 750 comp\u00e9titeurs \u00e2g\u00e9s de moins de 23 ans rivalisent de talent, de pr\u00e9cision et de passion pour d\u00e9crocher le titre de champion de France parmi pr\u00e8s de 70 m\u00e9tiers repr\u00e9sent\u00e9s.<\/p>\n<p style=\"text-align: justify;\">Les interviews de Florence Poivey, la pr\u00e9sidente de WorldSkills France et de Renaud Muselier, le pr\u00e9sident de la R\u00e9gion Sud qui accueille l&rsquo;\u00e9v\u00e9nement, dans cette vid\u00e9o.<\/p>\n<p style=\"text-align: justify;\">\u00a0<\/p>\n<p style=\"text-align: justify;\">\n<p style=\"text-align: justify;\">(Interviews, images et montage : R\u00e9my Reponty pour Maritima M\u00e9dias.)<\/p>\n<p style=\"text-align: justify;\">\u00a0<\/p>\n<p style=\"text-align: justify;\">Les vainqueurs de cette \u00e9tape nationale pourront int\u00e9grer l\u2019\u00c9quipe de France qui ira se mesurer \u00e0 ses homologues du monde entier lors des comp\u00e9titions internationales pour devenir, peut-\u00eatre, championne d\u2019Europe ou m\u00eame championne du monde.<\/p>\n","protected":false},"excerpt":{"rendered":"\u00c0 Marseille, pendant trois jours, le Parc Chanot accueille la 48\u1d49 \u00e9dition des WorldSkills, la comp\u00e9tition nationale des&hellip;\n","protected":false},"author":2,"featured_media":469187,"comment_status":"","ping_status":"","sticky":false,"template":"","format":"standard","meta":{"footnotes":""},"categories":[2814],"tags":[1111,11,1777,674,1011,27,884,5762,12,24439,882,50656,25,33546],"class_list":{"0":"post-469186","1":"post","2":"type-post","3":"status-publish","4":"format-standard","5":"has-post-thumbnail","7":"category-marseille","8":"tag-actu","9":"tag-actualites","10":"tag-eu","11":"tag-europe","12":"tag-fr","13":"tag-france","14":"tag-marseille","15":"tag-metiers","16":"tag-news","17":"tag-parc-chanot","18":"tag-provence-alpes-cote-dazur","19":"tag-region-sud","20":"tag-republique-francaise","21":"tag-worldskills"},"share_on_mastodon":{"url":"https:\/\/pubeurope.com\/@fr\/115387815882039100","error":""},"_links":{"self":[{"href":"https:\/\/www.europesays.com\/fr\/wp-json\/wp\/v2\/posts\/469186","targetHints":{"allow":["GET"]}}],"collection":[{"href":"https:\/\/www.europesays.com\/fr\/wp-json\/wp\/v2\/posts"}],"about":[{"href":"https:\/\/www.europesays.com\/fr\/wp-json\/wp\/v2\/types\/post"}],"author":[{"embeddable":true,"href":"https:\/\/www.europesays.com\/fr\/wp-json\/wp\/v2\/users\/2"}],"replies":[{"embeddable":true,"href":"https:\/\/www.europesays.com\/fr\/wp-json\/wp\/v2\/comments?post=469186"}],"version-history":[{"count":0,"href":"https:\/\/www.europesays.com\/fr\/wp-json\/wp\/v2\/posts\/469186\/revisions"}],"wp:featuredmedia":[{"embeddable":true,"href":"https:\/\/www.europesays.com\/fr\/wp-json\/wp\/v2\/media\/469187"}],"wp:attachment":[{"href":"https:\/\/www.europesays.com\/fr\/wp-json\/wp\/v2\/media?parent=469186"}],"wp:term":[{"taxonomy":"category","embeddable":true,"href":"https:\/\/www.europesays.com\/fr\/wp-json\/wp\/v2\/categories?post=469186"},{"taxonomy":"post_tag","embeddable":true,"href":"https:\/\/www.europesays.com\/fr\/wp-json\/wp\/v2\/tags?post=469186"}],"curies":[{"name":"wp","href":"https:\/\/api.w.org\/{rel}","templated":true}]}}