{"id":469190,"date":"2025-10-17T05:19:44","date_gmt":"2025-10-17T05:19:44","guid":{"rendered":"https:\/\/www.europesays.com\/fr\/469190\/"},"modified":"2025-10-17T05:19:44","modified_gmt":"2025-10-17T05:19:44","slug":"anniversaire-du-groupe-plenetude-une-reussite-construite-sur-30-ans","status":"publish","type":"post","link":"https:\/\/www.europesays.com\/fr\/469190\/","title":{"rendered":"Anniversaire du Groupe Plenetude. Une r\u00e9ussite construite sur 30 ans"},"content":{"rendered":"<p>\t\t\t\t<img fetchpriority=\"high\" decoding=\"async\" width=\"900\" height=\"600\" src=\"https:\/\/www.europesays.com\/fr\/wp-content\/uploads\/2025\/10\/01-Plenetude-MS.jpg\" alt=\"\" title=\"01 Plenetude MS\"   class=\"wp-image-165793\"\/><\/p>\n<p>Photos \u00a9 Saby Maviel pour Lyon People <\/p>\n<p><strong>Texte : Morgan Couturier <\/strong><strong>\u2013 <\/strong>Exceptionnel \u00e0 tout point de vue, le cru 2025 fut l\u2019occasion pour le Groupe PLENETUDE de c\u00e9l\u00e9brer de la meilleure des mani\u00e8res 30 ans d\u2019existence. Apr\u00e8s avoir tripl\u00e9 son activit\u00e9 sur les cinq derni\u00e8res ann\u00e9es, le groupe, acteur reconnu dans la ma\u00eetrise d\u2019\u0153uvre, l\u2019\u00e9conomie de la construction et l\u2019ing\u00e9nierie du b\u00e2timent, aspire d\u00e9j\u00e0 \u00e0 poursuivre sa croissance.<\/p>\n<p>Il y a toujours une raison de faire la f\u00eate, mais en la mati\u00e8re, le Groupe PLENETUDE a manifestement mis l\u2019accent sur la mani\u00e8re. En effet, si \u00ab un des acteurs majeurs de l\u2019ing\u00e9nierie des projets du b\u00e2timent en Auvergne-Rh\u00f4ne-Alpes \u00bb a marqu\u00e9 cette ann\u00e9e 2025 avec la c\u00e9l\u00e9bration de ses 30 ans d\u2019expertise, le groupe en a \u00e9galement profit\u00e9 pour enregistrer un exercice record, affichant une croissance de son chiffre d\u2019affaires de 42 % (13,4 millions d\u2019euros en 2025).<\/p>\n<p><a href=\"https:\/\/www.lyonpeople.com\/?attachment_id=165792\" rel=\"attachment wp-att-165792 noopener\" target=\"_blank\"><img loading=\"lazy\" decoding=\"async\" class=\"alignnone size-full wp-image-165792\" src=\"data:image\/svg+xml,%3Csvg%20xmlns=\" http:=\"\" alt=\"\" width=\"900\" height=\"600\" data-lazy- data-lazy- data-lazy-src=\"https:\/\/www.europesays.com\/fr\/wp-content\/uploads\/2025\/10\/03-Plenetude-MS.jpg\"\/><\/a><\/p>\n<p>Une belle prouesse pour cette institution, reconnue pour la qualit\u00e9 de ses r\u00e9habilitations d\u2019immeubles et sa ma\u00eetrise en mati\u00e8re de r\u00e9novation \u00e9nerg\u00e9tique. D\u00e8s lors, s\u2019il prend plaisir \u00e0 multiplier les c\u00e9l\u00e9brations, avec ses collaborateurs comme avec ses clients et ses partenaires, le pr\u00e9sident <strong>Laurent Penicaud<\/strong> l\u2019aura rappel\u00e9 : le meilleur reste \u00e0 venir.<\/p>\n<p>Fort de ses huit agences, le groupe a ainsi promis une vaste campagne de recrutement visant \u00e0 atteindre pr\u00e8s de 165 collaborateurs en 2026, mais aussi et surtout une nouvelle croissance de l\u2019activit\u00e9, avec pour point final, un chiffre d\u2019affaires sup\u00e9rieur \u00e0 15 millions d\u2019euros au terme de la m\u00eame ann\u00e9e.<\/p>\n<p>De quoi faire honneur aux valeurs sacr\u00e9es de la maison : engagement, partage, respect et exigence. Avec en prime une nouvelle app\u00e9tence remarqu\u00e9e pour les m\u00e9dias.<\/p>\n<p style=\"text-align: center;\"><strong>H\u00f4tel du D\u00e9partement<br \/><\/strong><strong>Jeudi 2 octobre 2025<\/strong><\/p>\n<p>                                <a href=\"https:\/\/www.europesays.com\/fr\/wp-content\/uploads\/2025\/10\/1Plenetude-MS.jpg\" title=\"1. Laurent Penicaud, pr\u00e9sident du Groupe Plenetude, entour\u00e9 de Rapha\u00ebl Courr\u00e8ge, directeur des activit\u00e9s, Ludovic Talut, directeur du d\u00e9veloppement et Sylvain Girardet, directeur op\u00e9rationnel\" data-rl_title=\"1. Laurent Penicaud, pr\u00e9sident du Groupe Plenetude, entour\u00e9 de Rapha\u00ebl Courr\u00e8ge, directeur des activit\u00e9s, Ludovic Talut, directeur du d\u00e9veloppement et Sylvain Girardet, directeur op\u00e9rationnel\" class=\"rl-gallery-link\" data-rl_caption=\"\" data-rel=\"lightbox-gallery-bGlnaHRib3gtZ2FsbGVyeS0w\" data-rl_><img loading=\"lazy\" decoding=\"async\" width=\"900\" height=\"600\" src=\"data:image\/svg+xml,%3Csvg%20xmlns=\" http:=\"\" class=\"attachment-large size-large\" alt=\"\" aria-describedby=\"gallery--165833\" data-lazy- data-lazy- data-lazy-src=\"https:\/\/www.europesays.com\/fr\/wp-content\/uploads\/2025\/10\/1Plenetude-MS.jpg\"\/><\/a><\/p>\n<p>\n                                1. Laurent Penicaud, pr\u00e9sident du Groupe Plenetude, entour\u00e9 de Rapha\u00ebl Courr\u00e8ge, directeur des activit\u00e9s, Ludovic Talut, directeur du d\u00e9veloppement et Sylvain Girardet, directeur op\u00e9rationnel <\/p>\n<p>                                <a href=\"https:\/\/www.europesays.com\/fr\/wp-content\/uploads\/2025\/10\/2Plenetude-MS.jpg\" title=\"2. Olivier Penicaud (LBIIM) et Simon Rauturier, directeur administratif financier du Groupe Plenetude\" data-rl_title=\"2. Olivier Penicaud (LBIIM) et Simon Rauturier, directeur administratif financier du Groupe Plenetude\" class=\"rl-gallery-link\" data-rl_caption=\"\" data-rel=\"lightbox-gallery-bGlnaHRib3gtZ2FsbGVyeS0w\" data-rl_><img loading=\"lazy\" decoding=\"async\" width=\"900\" height=\"600\" src=\"data:image\/svg+xml,%3Csvg%20xmlns=\" http:=\"\" class=\"attachment-large size-large\" alt=\"\" aria-describedby=\"gallery--165795\" data-lazy- data-lazy- data-lazy-src=\"https:\/\/www.europesays.com\/fr\/wp-content\/uploads\/2025\/10\/2Plenetude-MS.jpg\"\/><\/a><\/p>\n<p>\n                                2. Olivier Penicaud (LBIIM) et Simon Rauturier, directeur administratif financier du Groupe Plenetude<\/p>\n<p><br style=\"clear: both\"\/><\/p>\n<p>                                <a href=\"https:\/\/www.europesays.com\/fr\/wp-content\/uploads\/2025\/10\/3Plenetude-MS.jpg\" title=\"3. Marie-Laurence Bleses (Avec Joie) et Serge Luc (ID Techniques)\" data-rl_title=\"3. Marie-Laurence Bleses (Avec Joie) et Serge Luc (ID Techniques)\" class=\"rl-gallery-link\" data-rl_caption=\"\" data-rel=\"lightbox-gallery-bGlnaHRib3gtZ2FsbGVyeS0w\" data-rl_><img loading=\"lazy\" decoding=\"async\" width=\"900\" height=\"600\" src=\"data:image\/svg+xml,%3Csvg%20xmlns=\" http:=\"\" class=\"attachment-large size-large\" alt=\"\" aria-describedby=\"gallery--165796\" data-lazy- data-lazy- data-lazy-src=\"https:\/\/www.europesays.com\/fr\/wp-content\/uploads\/2025\/10\/3Plenetude-MS.jpg\"\/><\/a><\/p>\n<p>\n                                3. Marie-Laurence Bleses (Avec Joie) et Serge Luc (ID Techniques)<\/p>\n<p>                                <a href=\"https:\/\/www.europesays.com\/fr\/wp-content\/uploads\/2025\/10\/4Plenetude-MS.jpg\" title=\"4. Louise Vignon (Plenetude), entour\u00e9e de Hugues Medard et Maxime Chavanon (R\u00e9gie Favre Defosse)\" data-rl_title=\"4. Louise Vignon (Plenetude), entour\u00e9e de Hugues Medard et Maxime Chavanon (R\u00e9gie Favre Defosse)\" class=\"rl-gallery-link\" data-rl_caption=\"\" data-rel=\"lightbox-gallery-bGlnaHRib3gtZ2FsbGVyeS0w\" data-rl_><img loading=\"lazy\" decoding=\"async\" width=\"900\" height=\"600\" src=\"data:image\/svg+xml,%3Csvg%20xmlns=\" http:=\"\" class=\"attachment-large size-large\" alt=\"\" aria-describedby=\"gallery--165797\" data-lazy- data-lazy- data-lazy-src=\"https:\/\/www.europesays.com\/fr\/wp-content\/uploads\/2025\/10\/4Plenetude-MS.jpg\"\/><\/a><\/p>\n<p>\n                                4. Louise Vignon (Plenetude), entour\u00e9e de Hugues Medard et Maxime Chavanon (R\u00e9gie Favre Defosse)<\/p>\n<p><br style=\"clear: both\"\/><\/p>\n<p>                                <a href=\"https:\/\/www.europesays.com\/fr\/wp-content\/uploads\/2025\/10\/5Plenetude-MS.jpg\" title=\"5. Pierre Bonche (Hospices Civils de Lyon), entour\u00e9 de Kevin Cosnard et Thomas Rambaud (Groupe Plenetude)\" data-rl_title=\"5. Pierre Bonche (Hospices Civils de Lyon), entour\u00e9 de Kevin Cosnard et Thomas Rambaud (Groupe Plenetude)\" class=\"rl-gallery-link\" data-rl_caption=\"\" data-rel=\"lightbox-gallery-bGlnaHRib3gtZ2FsbGVyeS0w\" data-rl_><img loading=\"lazy\" decoding=\"async\" width=\"900\" height=\"600\" src=\"data:image\/svg+xml,%3Csvg%20xmlns=\" http:=\"\" class=\"attachment-large size-large\" alt=\"\" aria-describedby=\"gallery--165798\" data-lazy- data-lazy- data-lazy-src=\"https:\/\/www.europesays.com\/fr\/wp-content\/uploads\/2025\/10\/5Plenetude-MS.jpg\"\/><\/a><\/p>\n<p>\n                                5. Pierre Bonche (Hospices Civils de Lyon), entour\u00e9 de Kevin Cosnard et Thomas Rambaud (Groupe Plenetude)<\/p>\n<p>                                <a href=\"https:\/\/www.europesays.com\/fr\/wp-content\/uploads\/2025\/10\/6Plenetude-MS.jpg\" title=\"6. Quentin Recour et C\u00e9cile Hisquin (Groupe Plenetude)\" data-rl_title=\"6. Quentin Recour et C\u00e9cile Hisquin (Groupe Plenetude)\" class=\"rl-gallery-link\" data-rl_caption=\"\" data-rel=\"lightbox-gallery-bGlnaHRib3gtZ2FsbGVyeS0w\" data-rl_><img loading=\"lazy\" decoding=\"async\" width=\"900\" height=\"600\" src=\"data:image\/svg+xml,%3Csvg%20xmlns=\" http:=\"\" class=\"attachment-large size-large\" alt=\"\" aria-describedby=\"gallery--165799\" data-lazy- data-lazy- data-lazy-src=\"https:\/\/www.europesays.com\/fr\/wp-content\/uploads\/2025\/10\/6Plenetude-MS.jpg\"\/><\/a><\/p>\n<p>\n                                6. Quentin Recour et C\u00e9cile Hisquin (Groupe Plenetude)<\/p>\n<p><br style=\"clear: both\"\/><\/p>\n<p>                                <a href=\"https:\/\/www.europesays.com\/fr\/wp-content\/uploads\/2025\/10\/7Plenetude-MS.jpg\" title=\"7. Florent Julliand, B\u00e9reng\u00e8re Favario (Foncia Lyon), Ernest Cros (R\u00e9gie des Gones) et Emma Leandr\u00e9 (Foncia Lyon)\" data-rl_title=\"7. Florent Julliand, B\u00e9reng\u00e8re Favario (Foncia Lyon), Ernest Cros (R\u00e9gie des Gones) et Emma Leandr\u00e9 (Foncia Lyon)\" class=\"rl-gallery-link\" data-rl_caption=\"\" data-rel=\"lightbox-gallery-bGlnaHRib3gtZ2FsbGVyeS0w\" data-rl_><img loading=\"lazy\" decoding=\"async\" width=\"900\" height=\"600\" src=\"data:image\/svg+xml,%3Csvg%20xmlns=\" http:=\"\" class=\"attachment-large size-large\" alt=\"\" aria-describedby=\"gallery--165800\" data-lazy- data-lazy- data-lazy-src=\"https:\/\/www.europesays.com\/fr\/wp-content\/uploads\/2025\/10\/7Plenetude-MS.jpg\"\/><\/a><\/p>\n<p>\n                                7. Florent Julliand, B\u00e9reng\u00e8re Favario (Foncia Lyon), Ernest Cros (R\u00e9gie des Gones) et Emma Leandr\u00e9 (Foncia Lyon)<\/p>\n<p>                                <a href=\"https:\/\/www.europesays.com\/fr\/wp-content\/uploads\/2025\/10\/8Plenetude-MS.jpg\" title=\"8. Romain Scelles, Damien Mech, Olivier Labeaume et Guillaume Prina (Inside)\" data-rl_title=\"8. Romain Scelles, Damien Mech, Olivier Labeaume et Guillaume Prina (Inside)\" class=\"rl-gallery-link\" data-rl_caption=\"\" data-rel=\"lightbox-gallery-bGlnaHRib3gtZ2FsbGVyeS0w\" data-rl_><img loading=\"lazy\" decoding=\"async\" width=\"900\" height=\"600\" src=\"data:image\/svg+xml,%3Csvg%20xmlns=\" http:=\"\" class=\"attachment-large size-large\" alt=\"\" aria-describedby=\"gallery--165801\" data-lazy- data-lazy- data-lazy-src=\"https:\/\/www.europesays.com\/fr\/wp-content\/uploads\/2025\/10\/8Plenetude-MS.jpg\"\/><\/a><\/p>\n<p>\n                                8. Romain Scelles, Damien Mech, Olivier Labeaume et Guillaume Prina (Inside)<\/p>\n<p><br style=\"clear: both\"\/><\/p>\n<p>                                <a href=\"https:\/\/www.europesays.com\/fr\/wp-content\/uploads\/2025\/10\/9Plenetude-MS.jpg\" title=\"9. Olivier Penicaud (LBIIM), entour\u00e9 de Flavie et Sophie Penicaud\" data-rl_title=\"9. Olivier Penicaud (LBIIM), entour\u00e9 de Flavie et Sophie Penicaud\" class=\"rl-gallery-link\" data-rl_caption=\"\" data-rel=\"lightbox-gallery-bGlnaHRib3gtZ2FsbGVyeS0w\" data-rl_><img loading=\"lazy\" decoding=\"async\" width=\"900\" height=\"600\" src=\"data:image\/svg+xml,%3Csvg%20xmlns=\" http:=\"\" class=\"attachment-large size-large\" alt=\"\" aria-describedby=\"gallery--165802\" data-lazy- data-lazy- data-lazy-src=\"https:\/\/www.europesays.com\/fr\/wp-content\/uploads\/2025\/10\/9Plenetude-MS.jpg\"\/><\/a><\/p>\n<p>\n                                9. Olivier Penicaud (LBIIM), entour\u00e9 de Flavie et Sophie Penicaud<\/p>\n<p>                                <a href=\"https:\/\/www.europesays.com\/fr\/wp-content\/uploads\/2025\/10\/10Plenetude-MS.jpg\" title=\"10. Charline Drillaud, Lise Peinte et Estelle Kh\u00e9diri (Agence Centrale)\" data-rl_title=\"10. Charline Drillaud, Lise Peinte et Estelle Kh\u00e9diri (Agence Centrale)\" class=\"rl-gallery-link\" data-rl_caption=\"\" data-rel=\"lightbox-gallery-bGlnaHRib3gtZ2FsbGVyeS0w\" data-rl_><img loading=\"lazy\" decoding=\"async\" width=\"900\" height=\"600\" src=\"data:image\/svg+xml,%3Csvg%20xmlns=\" http:=\"\" class=\"attachment-large size-large\" alt=\"\" aria-describedby=\"gallery--165803\" data-lazy- data-lazy- data-lazy-src=\"https:\/\/www.europesays.com\/fr\/wp-content\/uploads\/2025\/10\/10Plenetude-MS.jpg\"\/><\/a><\/p>\n<p>\n                                10. Charline Drillaud, Lise Peinte et Estelle Kh\u00e9diri (Agence Centrale)<\/p>\n<p><br style=\"clear: both\"\/><\/p>\n<p>                                <a href=\"https:\/\/www.europesays.com\/fr\/wp-content\/uploads\/2025\/10\/11Plenetude-MS.jpg\" title=\"11. Marjorie Galard, Maxence Gualtieri (R\u00e9gie des Gones) et Loli Maturana (Groupe Plenetude)\" data-rl_title=\"11. Marjorie Galard, Maxence Gualtieri (R\u00e9gie des Gones) et Loli Maturana (Groupe Plenetude)\" class=\"rl-gallery-link\" data-rl_caption=\"\" data-rel=\"lightbox-gallery-bGlnaHRib3gtZ2FsbGVyeS0w\" data-rl_><img loading=\"lazy\" decoding=\"async\" width=\"900\" height=\"600\" src=\"data:image\/svg+xml,%3Csvg%20xmlns=\" http:=\"\" class=\"attachment-large size-large\" alt=\"\" aria-describedby=\"gallery--165804\" data-lazy- data-lazy- data-lazy-src=\"https:\/\/www.europesays.com\/fr\/wp-content\/uploads\/2025\/10\/11Plenetude-MS.jpg\"\/><\/a><\/p>\n<p>\n                                11. Marjorie Galard, Maxence Gualtieri (R\u00e9gie des Gones) et Loli Maturana (Groupe Plenetude)<\/p>\n<p>                                <a href=\"https:\/\/www.europesays.com\/fr\/wp-content\/uploads\/2025\/10\/12Plenetude-MS.jpg\" title=\"12. Laurent Penicaud, pr\u00e9sident du Groupe Plenetude, entour\u00e9 de Patrice Huteau (R\u00e9gie Rollin Binsson) et Sylvain Godinot, adjoint \u00e0 la transition \u00e9nerg\u00e9tique.\" data-rl_title=\"12. Laurent Penicaud, pr\u00e9sident du Groupe Plenetude, entour\u00e9 de Patrice Huteau (R\u00e9gie Rollin Binsson) et Sylvain Godinot, adjoint \u00e0 la transition \u00e9nerg\u00e9tique.\" class=\"rl-gallery-link\" data-rl_caption=\"\" data-rel=\"lightbox-gallery-bGlnaHRib3gtZ2FsbGVyeS0w\" data-rl_><img loading=\"lazy\" decoding=\"async\" width=\"900\" height=\"600\" src=\"data:image\/svg+xml,%3Csvg%20xmlns=\" http:=\"\" class=\"attachment-large size-large\" alt=\"\" aria-describedby=\"gallery--165805\" data-lazy- data-lazy- data-lazy-src=\"https:\/\/www.europesays.com\/fr\/wp-content\/uploads\/2025\/10\/12Plenetude-MS.jpg\"\/><\/a><\/p>\n<p>\n                                12. Laurent Penicaud, pr\u00e9sident du Groupe Plenetude, entour\u00e9 de Patrice Huteau (R\u00e9gie Rollin Binsson) et Sylvain Godinot, adjoint \u00e0 la transition \u00e9nerg\u00e9tique.<\/p>\n<p><br style=\"clear: both\"\/><\/p>\n<p>                                <a href=\"https:\/\/www.europesays.com\/fr\/wp-content\/uploads\/2025\/10\/13Plenetude-MS.jpg\" title=\"13. Sylvain Richerd (R\u00e9gie Simoneau), entour\u00e9 de Laurent Penicaud et Quentin Recour (Groupe Plenetude)\" data-rl_title=\"13. Sylvain Richerd (R\u00e9gie Simoneau), entour\u00e9 de Laurent Penicaud et Quentin Recour (Groupe Plenetude)\" class=\"rl-gallery-link\" data-rl_caption=\"\" data-rel=\"lightbox-gallery-bGlnaHRib3gtZ2FsbGVyeS0w\" data-rl_><img loading=\"lazy\" decoding=\"async\" width=\"900\" height=\"600\" src=\"data:image\/svg+xml,%3Csvg%20xmlns=\" http:=\"\" class=\"attachment-large size-large\" alt=\"\" aria-describedby=\"gallery--165806\" data-lazy- data-lazy- data-lazy-src=\"https:\/\/www.europesays.com\/fr\/wp-content\/uploads\/2025\/10\/13Plenetude-MS.jpg\"\/><\/a><\/p>\n<p>\n                                13. Sylvain Richerd (R\u00e9gie Simoneau), entour\u00e9 de Laurent Penicaud et Quentin Recour (Groupe Plenetude)<\/p>\n<p>                                <a href=\"https:\/\/www.europesays.com\/fr\/wp-content\/uploads\/2025\/10\/14Plenetude-MS.jpg\" title=\"14. Sophie et Laurent Penicaud, pr\u00e9sident du Groupe Plenetude\" data-rl_title=\"14. Sophie et Laurent Penicaud, pr\u00e9sident du Groupe Plenetude\" class=\"rl-gallery-link\" data-rl_caption=\"\" data-rel=\"lightbox-gallery-bGlnaHRib3gtZ2FsbGVyeS0w\" data-rl_><img loading=\"lazy\" decoding=\"async\" width=\"900\" height=\"600\" src=\"data:image\/svg+xml,%3Csvg%20xmlns=\" http:=\"\" class=\"attachment-large size-large\" alt=\"\" aria-describedby=\"gallery--165807\" data-lazy- data-lazy- data-lazy-src=\"https:\/\/www.europesays.com\/fr\/wp-content\/uploads\/2025\/10\/14Plenetude-MS.jpg\"\/><\/a><\/p>\n<p>\n                                14. Sophie et Laurent Penicaud, pr\u00e9sident du Groupe Plenetude <\/p>\n<p><br style=\"clear: both\"\/><\/p>\n<p>                                <a href=\"https:\/\/www.europesays.com\/fr\/wp-content\/uploads\/2025\/10\/15Plenetude-MS.jpg\" title=\"15. Laurent Penicaud, pr\u00e9sident de Plenetude et Christophe Guilloteau, pr\u00e9sident du D\u00e9partement du Rh\u00f4ne\" data-rl_title=\"15. Laurent Penicaud, pr\u00e9sident de Plenetude et Christophe Guilloteau, pr\u00e9sident du D\u00e9partement du Rh\u00f4ne\" class=\"rl-gallery-link\" data-rl_caption=\"\" data-rel=\"lightbox-gallery-bGlnaHRib3gtZ2FsbGVyeS0w\" data-rl_><img loading=\"lazy\" decoding=\"async\" width=\"900\" height=\"600\" src=\"data:image\/svg+xml,%3Csvg%20xmlns=\" http:=\"\" class=\"attachment-large size-large\" alt=\"\" aria-describedby=\"gallery--165808\" data-lazy- data-lazy- data-lazy-src=\"https:\/\/www.europesays.com\/fr\/wp-content\/uploads\/2025\/10\/15Plenetude-MS.jpg\"\/><\/a><\/p>\n<p>\n                                15. Laurent Penicaud, pr\u00e9sident de Plenetude et Christophe Guilloteau, pr\u00e9sident du D\u00e9partement du Rh\u00f4ne<\/p>\n<p>                                <a href=\"https:\/\/www.europesays.com\/fr\/wp-content\/uploads\/2025\/10\/16Plenetude-MS.jpg\" title=\"16. Marine Gauthier (Evoriel) et Mathilde Ferreira Lima (Lamy)\" data-rl_title=\"16. Marine Gauthier (Evoriel) et Mathilde Ferreira Lima (Lamy)\" class=\"rl-gallery-link\" data-rl_caption=\"\" data-rel=\"lightbox-gallery-bGlnaHRib3gtZ2FsbGVyeS0w\" data-rl_><img loading=\"lazy\" decoding=\"async\" width=\"900\" height=\"600\" src=\"data:image\/svg+xml,%3Csvg%20xmlns=\" http:=\"\" class=\"attachment-large size-large\" alt=\"\" aria-describedby=\"gallery--165809\" data-lazy- data-lazy- data-lazy-src=\"https:\/\/www.europesays.com\/fr\/wp-content\/uploads\/2025\/10\/16Plenetude-MS.jpg\"\/><\/a><\/p>\n<p>\n                                16. Marine Gauthier (Evoriel) et Mathilde Ferreira Lima (Lamy)<\/p>\n<p><br style=\"clear: both\"\/><\/p>\n<p>                                <a href=\"https:\/\/www.europesays.com\/fr\/wp-content\/uploads\/2025\/10\/17Plenetude-MS.jpg\" title=\"17. Laurent Penicaud, pr\u00e9sident du Groupe Plenetude, Gilbert-Luc Devinaz, s\u00e9nateur du Rh\u00f4ne et Christophe Guilloteau, pr\u00e9sident du D\u00e9partement du Rh\u00f4ne\" data-rl_title=\"17. Laurent Penicaud, pr\u00e9sident du Groupe Plenetude, Gilbert-Luc Devinaz, s\u00e9nateur du Rh\u00f4ne et Christophe Guilloteau, pr\u00e9sident du D\u00e9partement du Rh\u00f4ne\" class=\"rl-gallery-link\" data-rl_caption=\"\" data-rel=\"lightbox-gallery-bGlnaHRib3gtZ2FsbGVyeS0w\" data-rl_><img loading=\"lazy\" decoding=\"async\" width=\"900\" height=\"600\" src=\"data:image\/svg+xml,%3Csvg%20xmlns=\" http:=\"\" class=\"attachment-large size-large\" alt=\"\" aria-describedby=\"gallery--165810\" data-lazy- data-lazy- data-lazy-src=\"https:\/\/www.europesays.com\/fr\/wp-content\/uploads\/2025\/10\/17Plenetude-MS.jpg\"\/><\/a><\/p>\n<p>\n                                17. Laurent Penicaud, pr\u00e9sident du Groupe Plenetude, Gilbert-Luc Devinaz, s\u00e9nateur du Rh\u00f4ne et Christophe Guilloteau, pr\u00e9sident du D\u00e9partement du Rh\u00f4ne<\/p>\n<p>                                <a href=\"https:\/\/www.europesays.com\/fr\/wp-content\/uploads\/2025\/10\/18Plenetude-MS.jpg\" title=\"18. Olivier Gret et Carole Champigny (Cabinet Aprim)\" data-rl_title=\"18. Olivier Gret et Carole Champigny (Cabinet Aprim)\" class=\"rl-gallery-link\" data-rl_caption=\"\" data-rel=\"lightbox-gallery-bGlnaHRib3gtZ2FsbGVyeS0w\" data-rl_><img loading=\"lazy\" decoding=\"async\" width=\"900\" height=\"600\" src=\"data:image\/svg+xml,%3Csvg%20xmlns=\" http:=\"\" class=\"attachment-large size-large\" alt=\"\" aria-describedby=\"gallery--165811\" data-lazy- data-lazy- data-lazy-src=\"https:\/\/www.europesays.com\/fr\/wp-content\/uploads\/2025\/10\/18Plenetude-MS.jpg\"\/><\/a><\/p>\n<p>\n                                18. Olivier Gret et Carole Champigny (Cabinet Aprim)<\/p>\n<p><br style=\"clear: both\"\/><\/p>\n<p>                                <a href=\"https:\/\/www.europesays.com\/fr\/wp-content\/uploads\/2025\/10\/19Plenetude-MS.jpg\" title=\"19. Caroline de Gasperis (Citya Bourguignon Palluat) et Siham Moumni (Citya Gallichet Lema\u00eetre)\" data-rl_title=\"19. Caroline de Gasperis (Citya Bourguignon Palluat) et Siham Moumni (Citya Gallichet Lema\u00eetre)\" class=\"rl-gallery-link\" data-rl_caption=\"\" data-rel=\"lightbox-gallery-bGlnaHRib3gtZ2FsbGVyeS0w\" data-rl_><img loading=\"lazy\" decoding=\"async\" width=\"900\" height=\"600\" src=\"data:image\/svg+xml,%3Csvg%20xmlns=\" http:=\"\" class=\"attachment-large size-large\" alt=\"\" aria-describedby=\"gallery--165812\" data-lazy- data-lazy- data-lazy-src=\"https:\/\/www.europesays.com\/fr\/wp-content\/uploads\/2025\/10\/19Plenetude-MS.jpg\"\/><\/a><\/p>\n<p>\n                                19. Caroline de Gasperis (Citya Bourguignon Palluat) et Siham Moumni (Citya Gallichet Lema\u00eetre)<\/p>\n<p>                                <a href=\"https:\/\/www.europesays.com\/fr\/wp-content\/uploads\/2025\/10\/20Plenetude-MS.jpg\" title=\"20. Marie Talut (Groupe Plenetude), Jonathan Messina (Messina) et Sol\u00e8ne Courr\u00e8ge (Plenetude)\" data-rl_title=\"20. Marie Talut (Groupe Plenetude), Jonathan Messina (Messina) et Sol\u00e8ne Courr\u00e8ge (Plenetude)\" class=\"rl-gallery-link\" data-rl_caption=\"\" data-rel=\"lightbox-gallery-bGlnaHRib3gtZ2FsbGVyeS0w\" data-rl_><img loading=\"lazy\" decoding=\"async\" width=\"900\" height=\"600\" src=\"data:image\/svg+xml,%3Csvg%20xmlns=\" http:=\"\" class=\"attachment-large size-large\" alt=\"\" aria-describedby=\"gallery--165813\" data-lazy- data-lazy- data-lazy-src=\"https:\/\/www.europesays.com\/fr\/wp-content\/uploads\/2025\/10\/20Plenetude-MS.jpg\"\/><\/a><\/p>\n<p>\n                                20. Marie Talut (Groupe Plenetude), Jonathan Messina (Messina) et Sol\u00e8ne Courr\u00e8ge (Plenetude)<\/p>\n<p><br style=\"clear: both\"\/><\/p>\n<p>                                <a href=\"https:\/\/www.europesays.com\/fr\/wp-content\/uploads\/2025\/10\/21Plenetude-MS.jpg\" title=\"21. Thomas Rambaud (Groupe Plenetude) entour\u00e9 de Anne-Caroline Eletufe-Blanc (R\u00e9gie Lescuyer) et Delphine Richerd (Quadral Property)\" data-rl_title=\"21. Thomas Rambaud (Groupe Plenetude) entour\u00e9 de Anne-Caroline Eletufe-Blanc (R\u00e9gie Lescuyer) et Delphine Richerd (Quadral Property)\" class=\"rl-gallery-link\" data-rl_caption=\"\" data-rel=\"lightbox-gallery-bGlnaHRib3gtZ2FsbGVyeS0w\" data-rl_><img loading=\"lazy\" decoding=\"async\" width=\"900\" height=\"600\" src=\"data:image\/svg+xml,%3Csvg%20xmlns=\" http:=\"\" class=\"attachment-large size-large\" alt=\"\" aria-describedby=\"gallery--165814\" data-lazy- data-lazy- data-lazy-src=\"https:\/\/www.europesays.com\/fr\/wp-content\/uploads\/2025\/10\/21Plenetude-MS.jpg\"\/><\/a><\/p>\n<p>\n                                21. Thomas Rambaud (Groupe Plenetude) entour\u00e9 de Anne-Caroline Eletufe-Blanc (R\u00e9gie Lescuyer) et Delphine Richerd (Quadral Property)<\/p>\n<p>                                <a href=\"https:\/\/www.europesays.com\/fr\/wp-content\/uploads\/2025\/10\/22Plenetude-MS.jpg\" title=\"22. Shirley Ferreira, S\u00e9verine Vuillet a Ciles et Corine Fernandes (R\u00e9gie Lescuyer)\" data-rl_title=\"22. Shirley Ferreira, S\u00e9verine Vuillet a Ciles et Corine Fernandes (R\u00e9gie Lescuyer)\" class=\"rl-gallery-link\" data-rl_caption=\"\" data-rel=\"lightbox-gallery-bGlnaHRib3gtZ2FsbGVyeS0w\" data-rl_><img loading=\"lazy\" decoding=\"async\" width=\"900\" height=\"600\" src=\"data:image\/svg+xml,%3Csvg%20xmlns=\" http:=\"\" class=\"attachment-large size-large\" alt=\"\" aria-describedby=\"gallery--165815\" data-lazy- data-lazy- data-lazy-src=\"https:\/\/www.europesays.com\/fr\/wp-content\/uploads\/2025\/10\/22Plenetude-MS.jpg\"\/><\/a><\/p>\n<p>\n                                 22. Shirley Ferreira, S\u00e9verine Vuillet a Ciles et Corine Fernandes (R\u00e9gie Lescuyer) <\/p>\n<p><br style=\"clear: both\"\/><\/p>\n<p>                                <a href=\"https:\/\/www.europesays.com\/fr\/wp-content\/uploads\/2025\/10\/23Plenetude-MS.jpg\" title=\"23. Laurent Penicaud, pr\u00e9sident du Groupe Plenetude, entour\u00e9 de Ma\u00eetre Pierre-Yves Joly, avocat et R\u00e9mi Escoffier (Galyo)\" data-rl_title=\"23. Laurent Penicaud, pr\u00e9sident du Groupe Plenetude, entour\u00e9 de Ma\u00eetre Pierre-Yves Joly, avocat et R\u00e9mi Escoffier (Galyo)\" class=\"rl-gallery-link\" data-rl_caption=\"\" data-rel=\"lightbox-gallery-bGlnaHRib3gtZ2FsbGVyeS0w\" data-rl_><img loading=\"lazy\" decoding=\"async\" width=\"900\" height=\"600\" src=\"data:image\/svg+xml,%3Csvg%20xmlns=\" http:=\"\" class=\"attachment-large size-large\" alt=\"\" aria-describedby=\"gallery--165816\" data-lazy- data-lazy- data-lazy-src=\"https:\/\/www.europesays.com\/fr\/wp-content\/uploads\/2025\/10\/23Plenetude-MS.jpg\"\/><\/a><\/p>\n<p>\n                                23. Laurent Penicaud, pr\u00e9sident du Groupe Plenetude, entour\u00e9 de Ma\u00eetre Pierre-Yves Joly, avocat et R\u00e9mi Escoffier (Galyo)<\/p>\n<p>                                <a href=\"https:\/\/www.europesays.com\/fr\/wp-content\/uploads\/2025\/10\/24Plenetude-MS.jpg\" title=\"24. Patrick Lozano, pr\u00e9sident UNIS lyon-Rh\u00f4ne et Laurent Penicaud, pr\u00e9sident du Groupe Plenetude\" data-rl_title=\"24. Patrick Lozano, pr\u00e9sident UNIS lyon-Rh\u00f4ne et Laurent Penicaud, pr\u00e9sident du Groupe Plenetude\" class=\"rl-gallery-link\" data-rl_caption=\"\" data-rel=\"lightbox-gallery-bGlnaHRib3gtZ2FsbGVyeS0w\" data-rl_><img loading=\"lazy\" decoding=\"async\" width=\"900\" height=\"600\" src=\"data:image\/svg+xml,%3Csvg%20xmlns=\" http:=\"\" class=\"attachment-large size-large\" alt=\"\" aria-describedby=\"gallery--165817\" data-lazy- data-lazy- data-lazy-src=\"https:\/\/www.europesays.com\/fr\/wp-content\/uploads\/2025\/10\/24Plenetude-MS.jpg\"\/><\/a><\/p>\n<p>\n                                24. Patrick Lozano, pr\u00e9sident UNIS lyon-Rh\u00f4ne et Laurent Penicaud, pr\u00e9sident du Groupe Plenetude<\/p>\n<p><br style=\"clear: both\"\/><\/p>\n<p>                                <a href=\"https:\/\/www.europesays.com\/fr\/wp-content\/uploads\/2025\/10\/25Plenetude-MS.jpg\" title=\"25. St\u00e9phane Nurra (Caisse d&#039;Epargne) et Herv\u00e9 Rival, fondateur de la soci\u00e9t\u00e9 RVI\" data-rl_title=\"25. St\u00e9phane Nurra (Caisse d&#039;Epargne) et Herv\u00e9 Rival, fondateur de la soci\u00e9t\u00e9 RVI\" class=\"rl-gallery-link\" data-rl_caption=\"\" data-rel=\"lightbox-gallery-bGlnaHRib3gtZ2FsbGVyeS0w\" data-rl_><img loading=\"lazy\" decoding=\"async\" width=\"900\" height=\"600\" src=\"data:image\/svg+xml,%3Csvg%20xmlns=\" http:=\"\" class=\"attachment-large size-large\" alt=\"\" aria-describedby=\"gallery--165818\" data-lazy- data-lazy- data-lazy-src=\"https:\/\/www.europesays.com\/fr\/wp-content\/uploads\/2025\/10\/25Plenetude-MS.jpg\"\/><\/a><\/p>\n<p>\n                                25. St\u00e9phane Nurra (Caisse d\u2019Epargne) et Herv\u00e9 Rival, fondateur de la soci\u00e9t\u00e9 RVI<\/p>\n<p>                                <a href=\"https:\/\/www.europesays.com\/fr\/wp-content\/uploads\/2025\/10\/26Plenetude-MS.jpg\" title=\"26. Laurent Sabot (R\u00e9gie Centrale Immobili\u00e8re), Frederic Porte (Cogerim) et Franck Jouvenet (Multi R\u00e9gie)\" data-rl_title=\"26. Laurent Sabot (R\u00e9gie Centrale Immobili\u00e8re), Frederic Porte (Cogerim) et Franck Jouvenet (Multi R\u00e9gie)\" class=\"rl-gallery-link\" data-rl_caption=\"\" data-rel=\"lightbox-gallery-bGlnaHRib3gtZ2FsbGVyeS0w\" data-rl_><img loading=\"lazy\" decoding=\"async\" width=\"900\" height=\"600\" src=\"data:image\/svg+xml,%3Csvg%20xmlns=\" http:=\"\" class=\"attachment-large size-large\" alt=\"\" aria-describedby=\"gallery--165819\" data-lazy- data-lazy- data-lazy-src=\"https:\/\/www.europesays.com\/fr\/wp-content\/uploads\/2025\/10\/26Plenetude-MS.jpg\"\/><\/a><\/p>\n<p>\n                                26. Laurent Sabot (R\u00e9gie Centrale Immobili\u00e8re), Frederic Porte (Cogerim) et Franck Jouvenet (Multi R\u00e9gie)<\/p>\n<p><br style=\"clear: both\"\/><\/p>\n<p>                                <a href=\"https:\/\/www.europesays.com\/fr\/wp-content\/uploads\/2025\/10\/27Plenetude-MS.jpg\" title=\"27. G\u00e9rard Reynier (RGA Prod) et Christophe Crevat (Semcoda)\" data-rl_title=\"27. G\u00e9rard Reynier (RGA Prod) et Christophe Crevat (Semcoda)\" class=\"rl-gallery-link\" data-rl_caption=\"\" data-rel=\"lightbox-gallery-bGlnaHRib3gtZ2FsbGVyeS0w\" data-rl_><img loading=\"lazy\" decoding=\"async\" width=\"900\" height=\"600\" src=\"data:image\/svg+xml,%3Csvg%20xmlns=\" http:=\"\" class=\"attachment-large size-large\" alt=\"\" aria-describedby=\"gallery--165820\" data-lazy- data-lazy- data-lazy-src=\"https:\/\/www.europesays.com\/fr\/wp-content\/uploads\/2025\/10\/27Plenetude-MS.jpg\"\/><\/a><\/p>\n<p>\n                                27. G\u00e9rard Reynier (RGA Prod) et Christophe Crevat (Semcoda)<\/p>\n<p>                                <a href=\"https:\/\/www.europesays.com\/fr\/wp-content\/uploads\/2025\/10\/28Plenetude-MS.jpg\" title=\"28. Philippe Cambet, graphiste et Antoine Chaize (Horizon Pixel)\" data-rl_title=\"28. Philippe Cambet, graphiste et Antoine Chaize (Horizon Pixel)\" class=\"rl-gallery-link\" data-rl_caption=\"\" data-rel=\"lightbox-gallery-bGlnaHRib3gtZ2FsbGVyeS0w\" data-rl_><img loading=\"lazy\" decoding=\"async\" width=\"900\" height=\"600\" src=\"data:image\/svg+xml,%3Csvg%20xmlns=\" http:=\"\" class=\"attachment-large size-large\" alt=\"\" aria-describedby=\"gallery--165821\" data-lazy- data-lazy- data-lazy-src=\"https:\/\/www.europesays.com\/fr\/wp-content\/uploads\/2025\/10\/28Plenetude-MS.jpg\"\/><\/a><\/p>\n<p>\n                                28. Philippe Cambet, graphiste et Antoine Chaize (Horizon Pixel)<\/p>\n<p><br style=\"clear: both\"\/><\/p>\n<p>                                <a href=\"https:\/\/www.europesays.com\/fr\/wp-content\/uploads\/2025\/10\/29Plenetude-MS.jpg\" title=\"29. Aur\u00e9lien Rousson (Attitude Syndic), Marion Stevenon (l&#039;Effet Waouh) et son mari Thierry (Luzel)\" data-rl_title=\"29. Aur\u00e9lien Rousson (Attitude Syndic), Marion Stevenon (l&#039;Effet Waouh) et son mari Thierry (Luzel)\" class=\"rl-gallery-link\" data-rl_caption=\"\" data-rel=\"lightbox-gallery-bGlnaHRib3gtZ2FsbGVyeS0w\" data-rl_><img loading=\"lazy\" decoding=\"async\" width=\"900\" height=\"600\" src=\"data:image\/svg+xml,%3Csvg%20xmlns=\" http:=\"\" class=\"attachment-large size-large\" alt=\"\" aria-describedby=\"gallery--165822\" data-lazy- data-lazy- data-lazy-src=\"https:\/\/www.europesays.com\/fr\/wp-content\/uploads\/2025\/10\/29Plenetude-MS.jpg\"\/><\/a><\/p>\n<p>\n                                29. Aur\u00e9lien Rousson (Attitude Syndic), Marion Stevenon (l\u2019Effet Waouh) et son mari Thierry (Luzel)<\/p>\n<p>                                <a href=\"https:\/\/www.europesays.com\/fr\/wp-content\/uploads\/2025\/10\/30Plenetude-MS.jpg\" title=\"30. Maxence Gualtieri et Marjorie Galard (R\u00e9gie des Gones)\" data-rl_title=\"30. Maxence Gualtieri et Marjorie Galard (R\u00e9gie des Gones)\" class=\"rl-gallery-link\" data-rl_caption=\"\" data-rel=\"lightbox-gallery-bGlnaHRib3gtZ2FsbGVyeS0w\" data-rl_><img loading=\"lazy\" decoding=\"async\" width=\"900\" height=\"600\" src=\"data:image\/svg+xml,%3Csvg%20xmlns=\" http:=\"\" class=\"attachment-large size-large\" alt=\"\" aria-describedby=\"gallery--165823\" data-lazy- data-lazy- data-lazy-src=\"https:\/\/www.europesays.com\/fr\/wp-content\/uploads\/2025\/10\/30Plenetude-MS.jpg\"\/><\/a><\/p>\n<p>\n                                30. Maxence Gualtieri et Marjorie Galard (R\u00e9gie des Gones) <\/p>\n<p><br style=\"clear: both\"\/><\/p>\n<p>                                <a href=\"https:\/\/www.europesays.com\/fr\/wp-content\/uploads\/2025\/10\/31Plenetude-MS.jpg\" title=\"31. Olivier Penicaud, Olivier Munos (LBIIM) et Luc Faty\" data-rl_title=\"31. Olivier Penicaud, Olivier Munos (LBIIM) et Luc Faty\" class=\"rl-gallery-link\" data-rl_caption=\"\" data-rel=\"lightbox-gallery-bGlnaHRib3gtZ2FsbGVyeS0w\" data-rl_><img loading=\"lazy\" decoding=\"async\" width=\"900\" height=\"600\" src=\"data:image\/svg+xml,%3Csvg%20xmlns=\" http:=\"\" class=\"attachment-large size-large\" alt=\"\" aria-describedby=\"gallery--165824\" data-lazy- data-lazy- data-lazy-src=\"https:\/\/www.europesays.com\/fr\/wp-content\/uploads\/2025\/10\/31Plenetude-MS.jpg\"\/><\/a><\/p>\n<p>\n                                31. Olivier Penicaud, Olivier Munos (LBIIM) et Luc Faty <\/p>\n<p>                                <a href=\"https:\/\/www.europesays.com\/fr\/wp-content\/uploads\/2025\/10\/32Plenetude-MS.jpg\" title=\"32. Kevin Cosnard (Groupe Plenetude), Christelle Favier (La Banque Populaire), Bruno Juttet et Pierre-Henri Grenier (Banque de la Transition \u00c9nerg\u00e9tique, par la Banque Auvergne Rh\u00f4ne Alpes)\" data-rl_title=\"32. Kevin Cosnard (Groupe Plenetude), Christelle Favier (La Banque Populaire), Bruno Juttet et Pierre-Henri Grenier (Banque de la Transition \u00c9nerg\u00e9tique, par la Banque Auvergne Rh\u00f4ne Alpes)\" class=\"rl-gallery-link\" data-rl_caption=\"\" data-rel=\"lightbox-gallery-bGlnaHRib3gtZ2FsbGVyeS0w\" data-rl_><img loading=\"lazy\" decoding=\"async\" width=\"900\" height=\"600\" src=\"data:image\/svg+xml,%3Csvg%20xmlns=\" http:=\"\" class=\"attachment-large size-large\" alt=\"\" aria-describedby=\"gallery--165825\" data-lazy- data-lazy- data-lazy-src=\"https:\/\/www.europesays.com\/fr\/wp-content\/uploads\/2025\/10\/32Plenetude-MS.jpg\"\/><\/a><\/p>\n<p>\n                                32. Kevin Cosnard (Groupe Plenetude), Christelle Favier (La Banque Populaire), Bruno Juttet et Pierre-Henri Grenier (Banque de la Transition \u00c9nerg\u00e9tique, par la Banque Auvergne Rh\u00f4ne Alpes)<\/p>\n<p><br style=\"clear: both\"\/><\/p>\n<p>                                <a href=\"https:\/\/www.europesays.com\/fr\/wp-content\/uploads\/2025\/10\/33Plenetude-MS.jpg\" title=\"33. Patrick Lozano, pr\u00e9sident UNIS Lyon-Rh\u00f4ne, Christophe Guilloteau, pr\u00e9sident du D\u00e9partement du Rh\u00f4ne et Serge Luc (ID Techniques)\" data-rl_title=\"33. Patrick Lozano, pr\u00e9sident UNIS Lyon-Rh\u00f4ne, Christophe Guilloteau, pr\u00e9sident du D\u00e9partement du Rh\u00f4ne et Serge Luc (ID Techniques)\" class=\"rl-gallery-link\" data-rl_caption=\"\" data-rel=\"lightbox-gallery-bGlnaHRib3gtZ2FsbGVyeS0w\" data-rl_><img loading=\"lazy\" decoding=\"async\" width=\"900\" height=\"600\" src=\"data:image\/svg+xml,%3Csvg%20xmlns=\" http:=\"\" class=\"attachment-large size-large\" alt=\"\" aria-describedby=\"gallery--165826\" data-lazy- data-lazy- data-lazy-src=\"https:\/\/www.europesays.com\/fr\/wp-content\/uploads\/2025\/10\/33Plenetude-MS.jpg\"\/><\/a><\/p>\n<p>\n                                33. Patrick Lozano, pr\u00e9sident UNIS Lyon-Rh\u00f4ne, Christophe Guilloteau, pr\u00e9sident du D\u00e9partement du Rh\u00f4ne et Serge Luc (ID Techniques)<\/p>\n<p>                                <a href=\"https:\/\/www.europesays.com\/fr\/wp-content\/uploads\/2025\/10\/34Plenetude-MS.jpg\" title=\"34. Patricia Tronel (La Boite aux Id\u00e9es), Manon Roland et Isabelle Bretin (Avec Joie)\" data-rl_title=\"34. Patricia Tronel (La Boite aux Id\u00e9es), Manon Roland et Isabelle Bretin (Avec Joie)\" class=\"rl-gallery-link\" data-rl_caption=\"\" data-rel=\"lightbox-gallery-bGlnaHRib3gtZ2FsbGVyeS0w\" data-rl_><img loading=\"lazy\" decoding=\"async\" width=\"900\" height=\"600\" src=\"data:image\/svg+xml,%3Csvg%20xmlns=\" http:=\"\" class=\"attachment-large size-large\" alt=\"\" aria-describedby=\"gallery--165827\" data-lazy- data-lazy- data-lazy-src=\"https:\/\/www.europesays.com\/fr\/wp-content\/uploads\/2025\/10\/34Plenetude-MS.jpg\"\/><\/a><\/p>\n<p>\n                                34. Patricia Tronel (La Boite aux Id\u00e9es), Manon Roland et Isabelle Bretin (Avec Joie)<\/p>\n<p><br style=\"clear: both\"\/><\/p>\n<p>                                <a href=\"https:\/\/www.europesays.com\/fr\/wp-content\/uploads\/2025\/10\/35Plenetude-MS.jpg\" title=\"35. Ludovic Descombes et Fr\u00e9d\u00e9rique Deutsch (Foncia)\" data-rl_title=\"35. Ludovic Descombes et Fr\u00e9d\u00e9rique Deutsch (Foncia)\" class=\"rl-gallery-link\" data-rl_caption=\"\" data-rel=\"lightbox-gallery-bGlnaHRib3gtZ2FsbGVyeS0w\" data-rl_><img loading=\"lazy\" decoding=\"async\" width=\"900\" height=\"600\" src=\"data:image\/svg+xml,%3Csvg%20xmlns=\" http:=\"\" class=\"attachment-large size-large\" alt=\"\" aria-describedby=\"gallery--165828\" data-lazy- data-lazy- data-lazy-src=\"https:\/\/www.europesays.com\/fr\/wp-content\/uploads\/2025\/10\/35Plenetude-MS.jpg\"\/><\/a><\/p>\n<p>\n                                35. Ludovic Descombes et Fr\u00e9d\u00e9rique Deutsch (Foncia)<\/p>\n<p>                                <a href=\"https:\/\/www.europesays.com\/fr\/wp-content\/uploads\/2025\/10\/36Plenetude-MS.jpg\" title=\"36. Laurent Penicaud, pr\u00e9sident du Groupe Plenetude et B\u00e9atrice Garnaud\" data-rl_title=\"36. Laurent Penicaud, pr\u00e9sident du Groupe Plenetude et B\u00e9atrice Garnaud\" class=\"rl-gallery-link\" data-rl_caption=\"\" data-rel=\"lightbox-gallery-bGlnaHRib3gtZ2FsbGVyeS0w\" data-rl_><img loading=\"lazy\" decoding=\"async\" width=\"900\" height=\"600\" src=\"data:image\/svg+xml,%3Csvg%20xmlns=\" http:=\"\" class=\"attachment-large size-large\" alt=\"\" aria-describedby=\"gallery--165829\" data-lazy- data-lazy- data-lazy-src=\"https:\/\/www.europesays.com\/fr\/wp-content\/uploads\/2025\/10\/36Plenetude-MS.jpg\"\/><\/a><\/p>\n<p>\n                                36. Laurent Penicaud, pr\u00e9sident du Groupe Plenetude et B\u00e9atrice Garnaud<\/p>\n<p><br style=\"clear: both\"\/><\/p>\n<p>                                <a href=\"https:\/\/www.europesays.com\/fr\/wp-content\/uploads\/2025\/10\/37Plenetude-MS.jpg\" title=\"37. Tony Mauriaud, Romain Paulet (Immo de France) et Cl\u00e9ment Berodier (Plenetude)\" data-rl_title=\"37. Tony Mauriaud, Romain Paulet (Immo de France) et Cl\u00e9ment Berodier (Plenetude)\" class=\"rl-gallery-link\" data-rl_caption=\"\" data-rel=\"lightbox-gallery-bGlnaHRib3gtZ2FsbGVyeS0w\" data-rl_><img loading=\"lazy\" decoding=\"async\" width=\"900\" height=\"600\" src=\"data:image\/svg+xml,%3Csvg%20xmlns=\" http:=\"\" class=\"attachment-large size-large\" alt=\"\" aria-describedby=\"gallery--165830\" data-lazy- data-lazy- data-lazy-src=\"https:\/\/www.europesays.com\/fr\/wp-content\/uploads\/2025\/10\/37Plenetude-MS.jpg\"\/><\/a><\/p>\n<p>\n                                37. Tony Mauriaud, Romain Paulet (Immo de France) et Cl\u00e9ment Berodier (Plenetude)<\/p>\n<p>                                <a href=\"https:\/\/www.europesays.com\/fr\/wp-content\/uploads\/2025\/10\/38Plenetude-MS.jpg\" title=\"38. Philippe et Martine Foucher, accompagn\u00e9s de Sylvain Girardet, directeur op\u00e9rationnel du Groupe Plenetude\" data-rl_title=\"38. Philippe et Martine Foucher, accompagn\u00e9s de Sylvain Girardet, directeur op\u00e9rationnel du Groupe Plenetude\" class=\"rl-gallery-link\" data-rl_caption=\"\" data-rel=\"lightbox-gallery-bGlnaHRib3gtZ2FsbGVyeS0w\" data-rl_><img loading=\"lazy\" decoding=\"async\" width=\"900\" height=\"600\" src=\"data:image\/svg+xml,%3Csvg%20xmlns=\" http:=\"\" class=\"attachment-large size-large\" alt=\"\" aria-describedby=\"gallery--165831\" data-lazy- data-lazy- data-lazy-src=\"https:\/\/www.europesays.com\/fr\/wp-content\/uploads\/2025\/10\/38Plenetude-MS.jpg\"\/><\/a><\/p>\n<p>\n                                38. Philippe et Martine Foucher, accompagn\u00e9s de Sylvain Girardet, directeur op\u00e9rationnel du Groupe Plenetude <\/p>\n<p><br style=\"clear: both\"\/><\/p>\n<p>                                <a href=\"https:\/\/www.europesays.com\/fr\/wp-content\/uploads\/2025\/10\/39Plenetude-MS.jpg\" title=\"39. Isabelle Vasselin, assistante direction g\u00e9n\u00e9rale et C\u00e9line Akoum, responsable communication du Groupe Plenetude\" data-rl_title=\"39. Isabelle Vasselin, assistante direction g\u00e9n\u00e9rale et C\u00e9line Akoum, responsable communication du Groupe Plenetude\" class=\"rl-gallery-link\" data-rl_caption=\"\" data-rel=\"lightbox-gallery-bGlnaHRib3gtZ2FsbGVyeS0w\" data-rl_><img loading=\"lazy\" decoding=\"async\" width=\"900\" height=\"600\" src=\"data:image\/svg+xml,%3Csvg%20xmlns=\" http:=\"\" class=\"attachment-large size-large\" alt=\"\" aria-describedby=\"gallery--165832\" data-lazy- data-lazy- data-lazy-src=\"https:\/\/www.europesays.com\/fr\/wp-content\/uploads\/2025\/10\/39Plenetude-MS.jpg\"\/><\/a><\/p>\n<p>\n                                39. Isabelle Vasselin, assistante direction g\u00e9n\u00e9rale et C\u00e9line Akoum, responsable communication du Groupe Plenetude<\/p>\n<p>                        <br style=\"clear: both\"\/><\/p>\n","protected":false},"excerpt":{"rendered":"Photos \u00a9 Saby Maviel pour Lyon People Texte : Morgan Couturier \u2013 Exceptionnel \u00e0 tout point de vue,&hellip;\n","protected":false},"author":2,"featured_media":469191,"comment_status":"","ping_status":"","sticky":false,"template":"","format":"standard","meta":{"footnotes":""},"categories":[1889],"tags":[4257,1111,47,4258,11,2430,1777,674,1011,27,2428,12,59297,25],"class_list":{"0":"post-469190","1":"post","2":"type-post","3":"status-publish","4":"format-standard","5":"has-post-thumbnail","7":"category-lyon","8":"tag-0top","9":"tag-actu","10":"tag-actualite","11":"tag-actualite-lyon","12":"tag-actualites","13":"tag-auvergne-rhone-alpes","14":"tag-eu","15":"tag-europe","16":"tag-fr","17":"tag-france","18":"tag-lyon","19":"tag-news","20":"tag-plenetude","21":"tag-republique-francaise"},"share_on_mastodon":{"url":"https:\/\/pubeurope.com\/@fr\/115387824666857074","error":""},"_links":{"self":[{"href":"https:\/\/www.europesays.com\/fr\/wp-json\/wp\/v2\/posts\/469190","targetHints":{"allow":["GET"]}}],"collection":[{"href":"https:\/\/www.europesays.com\/fr\/wp-json\/wp\/v2\/posts"}],"about":[{"href":"https:\/\/www.europesays.com\/fr\/wp-json\/wp\/v2\/types\/post"}],"author":[{"embeddable":true,"href":"https:\/\/www.europesays.com\/fr\/wp-json\/wp\/v2\/users\/2"}],"replies":[{"embeddable":true,"href":"https:\/\/www.europesays.com\/fr\/wp-json\/wp\/v2\/comments?post=469190"}],"version-history":[{"count":0,"href":"https:\/\/www.europesays.com\/fr\/wp-json\/wp\/v2\/posts\/469190\/revisions"}],"wp:featuredmedia":[{"embeddable":true,"href":"https:\/\/www.europesays.com\/fr\/wp-json\/wp\/v2\/media\/469191"}],"wp:attachment":[{"href":"https:\/\/www.europesays.com\/fr\/wp-json\/wp\/v2\/media?parent=469190"}],"wp:term":[{"taxonomy":"category","embeddable":true,"href":"https:\/\/www.europesays.com\/fr\/wp-json\/wp\/v2\/categories?post=469190"},{"taxonomy":"post_tag","embeddable":true,"href":"https:\/\/www.europesays.com\/fr\/wp-json\/wp\/v2\/tags?post=469190"}],"curies":[{"name":"wp","href":"https:\/\/api.w.org\/{rel}","templated":true}]}}