{"id":469194,"date":"2025-10-17T05:21:15","date_gmt":"2025-10-17T05:21:15","guid":{"rendered":"https:\/\/www.europesays.com\/fr\/469194\/"},"modified":"2025-10-17T05:21:15","modified_gmt":"2025-10-17T05:21:15","slug":"lepidemie-de-bronchiolite-fait-son-retour-en-ile-de-france-avec-les-premiers-signes-dalerte","status":"publish","type":"post","link":"https:\/\/www.europesays.com\/fr\/469194\/","title":{"rendered":"L&rsquo;\u00e9pid\u00e9mie de bronchiolite fait son retour en \u00cele-de-France avec les premiers signes d&rsquo;alerte"},"content":{"rendered":"<p>            Par<br \/>\n        <strong><br \/>\n            <a href=\"https:\/\/actu.fr\/auteur\/redaction-paris\" title=\"Consulter tous les articles de R\u00e9daction Paris\" target=\"_blank\" rel=\"noopener\">R\u00e9daction Paris<\/a><br \/>\n        <\/strong><\/p>\n<p>        Publi\u00e9 le<\/p>\n<p>            17 oct. 2025 \u00e0 7h12        <\/p>\n<p>Tous les ans, c\u2019est la m\u00eame inqui\u00e9tude pour les parents de jeunes enfants. \u00c0 la faveur d\u2019une <a href=\"https:\/\/actu.fr\/ile-de-france\/paris_75056\/meteo-glaciale-a-paris-un-froid-jamais-vu-dans-la-capitale-depuis-quarante-ans_63213049.html\" target=\"_blank\" rel=\"noopener\">baisse des temp\u00e9ratures<\/a>, <strong><a href=\"https:\/\/actu.fr\/societe\/bronchiolite-toute-la-france-en-epidemie-quels-sont-les-symptomes-de-cette-maladie-qui-touche-les-bebes_61958162.html\" target=\"_blank\" rel=\"noopener\">l\u2019\u00e9pid\u00e9mie de bronchiolite<\/a><\/strong> semble pr\u00eate \u00e0 <strong>frapper l\u2019\u00cele-de-France.<\/strong> Mercredi 15\u00a0octobre 2025, Sant\u00e9 publique France a plac\u00e9 la r\u00e9gion en pr\u00e9-\u00e9pid\u00e9mie alors que les consultations ont explos\u00e9 en une semaine.<\/p>\n<p>Hausse des consultations et hospitalisations<\/p>\n<p class=\" wall-content\">La semaine du 6 au 12\u00a0octobre 2025, les indicateurs de surveillance de l\u2019\u00e9pid\u00e9mie sont entr\u00e9s en <strong>alerte.<\/strong> Dans les h\u00f4pitaux, \u00ab\u2009le nombre de consultations aux urgences pour bronchiolite (+27,9 % chez les moins de 2\u00a0ans) ainsi que le nombre d\u2019hospitalisation (+16 %) continuaient d\u2019augmenter\u2009\u00bb.<\/p>\n<p class=\" wall-content\">Dans les <strong>cabinets m\u00e9dicaux,<\/strong> l\u2019\u00e9pid\u00e9mie fait aussi son entr\u00e9e. Les actes pour bronchiolite ont augment\u00e9 de<strong> 55,6\u2009%<\/strong> chez les b\u00e9b\u00e9s de moins de deux ans. Quant au taux de d\u00e9tection du<a href=\"https:\/\/actu.fr\/societe\/bronchiolite-pourquoi-il-n-y-a-pas-que-les-enfants-qui-doivent-se-faire-vacciner-pour-eviter-l-hopital_61855252.html\" target=\"_blank\" rel=\"noopener\"> virus respiratoire syncytial<\/a> (VRS), principale cause de bronchiolite chez les nourrissons, les taux de d\u00e9tection sont \u00ab\u2009faibles mais en augmentation\u2009\u00bb.<\/p>\n<p class=\" wall-content\">La bronchiolite est g\u00e9n\u00e9ralement sans gravit\u00e9 mais peut entra\u00eener des <strong>complications<\/strong> chez les tr\u00e8s jeunes <strong>enfants.<\/strong> Face aux risques, la campagne de <a href=\"https:\/\/actu.fr\/societe\/bronchiolite-un-nouveau-traitement-preventif-disponible-qui-est-concerne_60085109.html\" target=\"_blank\" rel=\"noopener\">vaccination chez la femme enceinte<\/a> a d\u00e9but\u00e9 pour prot\u00e9ger les nouveaux-n\u00e9s \u00e0 venir. Les enfants n\u00e9s entre f\u00e9vrier et ao\u00fbt 2025 peuvent quant \u00e0 eux \u00eatre immunis\u00e9s par les anticorps monoclonaux avec l\u2019administration du <a href=\"https:\/\/actu.fr\/societe\/bronchiolite-le-beyfortus-est-tres-efficace-chez-les-bebes-jusqu-a-83-d-hospitalisations-en-moins_62586623.html\" target=\"_blank\" rel=\"noopener\">Beyfortus\u00ae<\/a>. Pour les enfants n\u00e9s apr\u00e8s le 1er\u00a0septembre 2025, la vaccination pourra \u00eatre propos\u00e9e \u00e0 la maternit\u00e9. L\u2019an dernier, l\u2019\u00e9pid\u00e9mie s\u2019\u00e9tait \u00e9tendue de mi-novembre \u00e0 mi-janvier.<\/p>\n<p class=\" wall-content\">Personnalisez votre actualit\u00e9 en ajoutant vos villes et m\u00e9dias en favori avec <a href=\"https:\/\/moncompte.actu.fr\" title=\"D\u00e9couvez Mon Actu\" rel=\"nofollow noopener\" data-trk=\"{&quot;cta&quot;:{&quot;action&quot;:&quot;https:\\\/\\\/moncompte.actu.fr&quot;,&quot;category&quot;:&quot;mon compte&quot;,&quot;from&quot;:&quot;article footer&quot;,&quot;name&quot;:&quot;Mon actu&quot;,&quot;type&quot;:&quot;cta&quot;}}\" target=\"_blank\">Mon Actu<\/a>.<\/p>\n","protected":false},"excerpt":{"rendered":"Par R\u00e9daction Paris Publi\u00e9 le 17 oct. 2025 \u00e0 7h12 Tous les ans, c\u2019est la m\u00eame inqui\u00e9tude pour&hellip;\n","protected":false},"author":2,"featured_media":469195,"comment_status":"","ping_status":"","sticky":false,"template":"","format":"standard","meta":{"footnotes":""},"categories":[1592],"tags":[1111,11,434,1777,674,1011,27,662,12,626,25,71,104],"class_list":{"0":"post-469194","1":"post","2":"type-post","3":"status-publish","4":"format-standard","5":"has-post-thumbnail","7":"category-ile-de-france","8":"tag-actu","9":"tag-actualites","10":"tag-epidemie","11":"tag-eu","12":"tag-europe","13":"tag-fr","14":"tag-france","15":"tag-ile-de-france","16":"tag-news","17":"tag-paris","18":"tag-republique-francaise","19":"tag-sante","20":"tag-societe"},"share_on_mastodon":{"url":"https:\/\/pubeurope.com\/@fr\/115387831609965549","error":""},"_links":{"self":[{"href":"https:\/\/www.europesays.com\/fr\/wp-json\/wp\/v2\/posts\/469194","targetHints":{"allow":["GET"]}}],"collection":[{"href":"https:\/\/www.europesays.com\/fr\/wp-json\/wp\/v2\/posts"}],"about":[{"href":"https:\/\/www.europesays.com\/fr\/wp-json\/wp\/v2\/types\/post"}],"author":[{"embeddable":true,"href":"https:\/\/www.europesays.com\/fr\/wp-json\/wp\/v2\/users\/2"}],"replies":[{"embeddable":true,"href":"https:\/\/www.europesays.com\/fr\/wp-json\/wp\/v2\/comments?post=469194"}],"version-history":[{"count":0,"href":"https:\/\/www.europesays.com\/fr\/wp-json\/wp\/v2\/posts\/469194\/revisions"}],"wp:featuredmedia":[{"embeddable":true,"href":"https:\/\/www.europesays.com\/fr\/wp-json\/wp\/v2\/media\/469195"}],"wp:attachment":[{"href":"https:\/\/www.europesays.com\/fr\/wp-json\/wp\/v2\/media?parent=469194"}],"wp:term":[{"taxonomy":"category","embeddable":true,"href":"https:\/\/www.europesays.com\/fr\/wp-json\/wp\/v2\/categories?post=469194"},{"taxonomy":"post_tag","embeddable":true,"href":"https:\/\/www.europesays.com\/fr\/wp-json\/wp\/v2\/tags?post=469194"}],"curies":[{"name":"wp","href":"https:\/\/api.w.org\/{rel}","templated":true}]}}